{"id":110937,"date":"2021-02-09T15:02:40","date_gmt":"2021-02-09T20:02:40","guid":{"rendered":"https:\/\/linitiative.ca\/International\/affaire-ousmane-sonko-au-senegal\/"},"modified":"2021-02-09T15:02:40","modified_gmt":"2021-02-09T20:02:40","slug":"affaire-ousmane-sonko-au-senegal","status":"publish","type":"post","link":"https:\/\/linitiative.ca\/International\/affaire-ousmane-sonko-au-senegal\/","title":{"rendered":"AFFAIRE OUSMANE SONKO AU SENEGAL"},"content":{"rendered":"<p class=\"c4\"><em>C\u2019est une banale histoire de fesses qui est en train de prendre les allures d\u2019une affaire d\u2019Etat. Il s\u2019agit de l\u2019affaire pr\u00e9sum\u00e9e de viol dont est accus\u00e9 Ousmane Sonko, par une masseuse professionnelle du nom de Adja Sarr. En effet, convoqu\u00e9 pour \u00eatre entendu par la gendarmerie nationale, l\u2019accus\u00e9 qui b\u00e9n\u00e9ficie d\u2019une immunit\u00e9 puisqu\u2019il est d\u00e9put\u00e9, a refus\u00e9 d\u2019obtemp\u00e9rer, estimant que la proc\u00e9dure n\u2019a pas \u00e9t\u00e9 respect\u00e9e. Et dans la foul\u00e9e, ses militants et sympathisants qui crient au complot, sont descendus dans la rue avant d\u2019\u00eatre dispers\u00e9s \u00e0 coups de gaz lacrymog\u00e8nes. En tout cas, en attendant que soit lev\u00e9e son immunit\u00e9 dans les heures ou jours \u00e0 venir, Ousmane Sonko a d\u00e9cid\u00e9 de contre-attaquer en d\u00e9posant formellement une plainte contre celle qui l\u2019accuse de viol. C\u2019est dire donc que l\u2019on aura naturellement droit \u00e0 un proc\u00e8s dans un proc\u00e8s\u00a0: un proc\u00e8s pour viol pr\u00e9sum\u00e9 et un autre pour diffamation. La balle est donc dans le camp de la Justice s\u00e9n\u00e9galaise. C\u2019est \u00e0 elle de travailler en toute ind\u00e9pendance de sorte \u00e0 ce que jaillisse la lumi\u00e8re dans cette affaire. Et on n\u2019a aucune raison d\u2019en douter d\u2019autant que la Justice s\u00e9n\u00e9galaise a tr\u00e8s souvent fait montre de neutralit\u00e9 et d\u2019ind\u00e9pendance dans le traitement de certains dossiers auxquels l\u2019on donne parfois \u00e0 tort ou \u00e0 raison, une coloration politique. Cela dit, s\u2019il s\u2019agit d\u2019une cabale politique destin\u00e9e \u00e0 nuire \u00e0 Ousmane Sonko que l\u2019on sait tr\u00e8s critique vis-\u00e0-vis des autorit\u00e9s s\u00e9n\u00e9galaises, que celui-ci soit blanchi et relax\u00e9 pour infraction non constitu\u00e9e. Car, les hommes politiques sont ainsi faits qu\u2019ils sont capables de tout, surtout quand il s\u2019agit de chercher des noises \u00e0 un adversaire. Mais d\u2019aucuns n\u2019h\u00e9sitent pas \u00e0 tirer \u00e0 boulets rouges sur le patron du Pastel qu\u2019ils accusent d\u2019avoir manqu\u00e9 de pr\u00e9caution et ce, alors m\u00eame qu\u2019il savait que la moindre erreur pouvait lui \u00eatre fatale. Pourquoi, en tant qu\u2019homme politique de cette envergure, avoir pris le risque de s\u2019attacher les services d\u2019une masseuse, sachant que cette derni\u00e8re peut \u00eatre instrumentalis\u00e9e par l\u2019adversaire politique\u00a0?<\/em><\/p>\n<p class=\"c4\"><em>\u00a0<\/em><\/p>\n<p class=\"c6\"><strong><em>Il faut \u00e9viter d\u2019aller trop vite en besogne<\/em><\/strong><\/p>\n<p class=\"c4\"><em>\u00a0<\/em><\/p>\n<p class=\"c4\"><em>En tout cas, Ousmane Sonko voudrait donner des verges \u00e0 ses contempteurs pour se faire fouetter, qu\u2019il ne s\u2019y prendrait pas autrement\u00a0; tant il se retrouve aujourd\u2019hui dans la nasse. Cependant, il faudra se garder de l\u2019absoudre \u00e0 bons comptes. Car, comme on le sait, les hommes politiques, au S\u00e9n\u00e9gal comme ailleurs, ont parfois la braguette facile. Tant et si bien qu\u2019ils n\u2019h\u00e9sitent pas \u00e0 tirer sur tout ce qui bouge. Qui sait d\u2019ailleurs si l\u2019argument de la machination politique invoqu\u00e9 par le candidat malheureux \u00e0 la derni\u00e8re pr\u00e9sidentielle au S\u00e9n\u00e9gal, n\u2019est pas un pr\u00e9texte tout trouv\u00e9 pour se soustraire \u00e0 la Justice\u00a0? Ce n\u2019est pas impossible. Car, tout se passe comme si l\u2019on ne devrait plus toucher au moindre cheveu d\u2019un homme politique m\u00eame si celui-ci commet des impairs punis par la loi, sans que l\u2019on ne crie \u00e0 la cabale politique. On l\u2019a d\u00e9j\u00e0 vu au S\u00e9n\u00e9gal avec les cas Karim Wade et Khalifa Sall o\u00f9 les uns et les autres avaient vite fait de crier au r\u00e8glement de comptes politiques jusqu\u2019\u00e0 ce que les deux personnalit\u00e9s cit\u00e9es soient reconnues coupables par le juge. Au total, il faut \u00e9viter d\u2019aller trop vite en besogne en innocentant ou en culpabilisant sans preuve Ousmane Sonko. Il faut tout simplement faire confiance \u00e0 la Justice s\u00e9n\u00e9galaise.<\/em><\/p>\n<p class=\"c4\"><em>\u00a0<\/em><\/p>\n<p class=\"c6\"><strong><em>Boundi OUOBA<\/em><\/strong><\/p>\n<p>Auteur: Le Pays<br \/>\n<a href=\"https:\/\/lepays.bf\/affaire-ousmane-sonko-au-senegal\/\">Cliquez ici pour lire l&rsquo;article depuis sa source.<\/a><\/p>\n","protected":false},"excerpt":{"rendered":"<p>C\u2019est une banale histoire de fesses qui est en train de prendre les allures d\u2019une affaire d\u2019Etat. Il s\u2019agit de l\u2019affaire pr\u00e9sum\u00e9e de viol dont est accus\u00e9 Ousmane Sonko, par une masseuse professionnelle du nom de Adja Sarr. En effet, convoqu\u00e9 pour \u00eatre entendu par la gendarmerie nationale, l\u2019accus\u00e9 qui b\u00e9n\u00e9ficie d\u2019une immunit\u00e9 puisqu\u2019il est [&hellip;]<\/p>\n","protected":false},"author":1813,"featured_media":0,"comment_status":"closed","ping_status":"closed","sticky":false,"template":"","format":"standard","meta":{"fifu_image_url":"","fifu_image_alt":"","footnotes":""},"categories":[73,81],"tags":[],"class_list":["post-110937","post","type-post","status-publish","format-standard","hentry","category-actualite","category-burkina-faso"],"_links":{"self":[{"href":"https:\/\/linitiative.ca\/International\/wp-json\/wp\/v2\/posts\/110937","targetHints":{"allow":["GET"]}}],"collection":[{"href":"https:\/\/linitiative.ca\/International\/wp-json\/wp\/v2\/posts"}],"about":[{"href":"https:\/\/linitiative.ca\/International\/wp-json\/wp\/v2\/types\/post"}],"author":[{"embeddable":true,"href":"https:\/\/linitiative.ca\/International\/wp-json\/wp\/v2\/users\/1813"}],"replies":[{"embeddable":true,"href":"https:\/\/linitiative.ca\/International\/wp-json\/wp\/v2\/comments?post=110937"}],"version-history":[{"count":0,"href":"https:\/\/linitiative.ca\/International\/wp-json\/wp\/v2\/posts\/110937\/revisions"}],"wp:attachment":[{"href":"https:\/\/linitiative.ca\/International\/wp-json\/wp\/v2\/media?parent=110937"}],"wp:term":[{"taxonomy":"category","embeddable":true,"href":"https:\/\/linitiative.ca\/International\/wp-json\/wp\/v2\/categories?post=110937"},{"taxonomy":"post_tag","embeddable":true,"href":"https:\/\/linitiative.ca\/International\/wp-json\/wp\/v2\/tags?post=110937"}],"curies":[{"name":"wp","href":"https:\/\/api.w.org\/{rel}","templated":true}]}}