{"id":110943,"date":"2021-02-09T13:19:28","date_gmt":"2021-02-09T18:19:28","guid":{"rendered":"https:\/\/linitiative.ca\/International\/cameroun-le-commanditaire-du-massacre-des-eleves-a-kumba-aux-arrets\/"},"modified":"2021-02-09T13:19:28","modified_gmt":"2021-02-09T18:19:28","slug":"cameroun-le-commanditaire-du-massacre-des-eleves-a-kumba-aux-arrets","status":"publish","type":"post","link":"https:\/\/linitiative.ca\/International\/cameroun-le-commanditaire-du-massacre-des-eleves-a-kumba-aux-arrets\/","title":{"rendered":"Cameroun : le commanditaire du massacre des \u00e9l\u00e8ves \u00e0 Kumba aux arr\u00eats"},"content":{"rendered":"<div readability=\"32\">\n<p>Publi\u00e9 le 09.02.2021 \u00e0 19h19 par Christian Djimadeu<\/p>\n<\/div>\n<div readability=\"52\">\n<h2 class=\"c6\">Le pseudo General \u00ab\u00a0Above The Law\u00a0\u00bb fait partie des deux chefs de bande arr\u00eat\u00e9s dans la nuit du dimanche 07 au lundi 08 f\u00e9vrier 2021, alors qu\u2019ils s\u2019appr\u00eataient \u00e0 perp\u00e9trer \u00a0d\u2019autres attaques dans la ville de Kumba et ses environs de Balangul.<\/h2>\n<p class=\"c7\"><strong>Joseph B\u00e9ti Assomo<\/strong>\u00a0le ministre d\u00e9l\u00e9gu\u00e9 charg\u00e9 de la D\u00e9fense (<strong>Mindef)<\/strong> annonce que deux fameux chefs de bandes arm\u00e9es ont \u00e9t\u00e9 arr\u00eat\u00e9s. Le nomm\u00e9 <strong>Wanshe Celestin alias \u00ab\u00a0T-Boy\u00a0\u00bb<\/strong>, et le pseudo General <strong>\u00ab\u00a0Above The Law\u00a0\u00bb<\/strong> ont \u00e9t\u00e9 neutralis\u00e9s dans la nuit du 7 au 8 f\u00e9vrier dernier. Ceux-ci et leurs \u00e9l\u00e9ments programmaient des attaques dans la ville de Kumba et ses environs de Balangul,\u00a0 dans la r\u00e9gion du Sud-Ouest.<\/p>\n<p class=\"c7\">Le Mindef pr\u00e9cise que le nomm\u00e9 \u00ab\u00a0Above The Law (parfois \u00e9galement appel\u00e9 Mirror) est le Chef de la horde barbare qui a perp\u00e9tr\u00e9 le 24 octobre 2020 au quartier Fiango, arrondissement de Kumba I, l\u2019<strong>attaque du complexe scolaire priv\u00e9 Mother Francisca International Bilingual Academy<\/strong>, et froidement ouvert le feu sur des \u00e9l\u00e8ves en salles de classe, faisant sept (07) morts et quinzaine de blesses grave.<\/p>\n<p class=\"c7\">En somme, le bilan du ratissage organis\u00e9 par les forces de d\u00e9fense et de s\u00e9curit\u00e9 fait \u00e9tat de de 05 terroristes neutralis\u00e9s et d\u2019autres bless\u00e9s en fuite, plusieurs armes et munitions de de guerre r\u00e9cup\u00e9r\u00e9es.<\/p>\n<\/div>\n<p>Auteur: Christian DJIMADEU<br \/>\n<a href=\"https:\/\/www.journalducameroun.com\/cameroun-le-commanditaire-du-massacre-des-eleves-a-kumba-aux-arrets-cameroun\/\">Cliquez ici pour lire l&rsquo;article depuis sa source.<\/a><\/p>\n","protected":false},"excerpt":{"rendered":"<p>Publi\u00e9 le 09.02.2021 \u00e0 19h19 par Christian Djimadeu Le pseudo General \u00ab\u00a0Above The Law\u00a0\u00bb fait partie des deux chefs de bande arr\u00eat\u00e9s dans la nuit du dimanche 07 au lundi 08 f\u00e9vrier 2021, alors qu\u2019ils s\u2019appr\u00eataient \u00e0 perp\u00e9trer \u00a0d\u2019autres attaques dans la ville de Kumba et ses environs de Balangul. Joseph B\u00e9ti Assomo\u00a0le ministre d\u00e9l\u00e9gu\u00e9 [&hellip;]<\/p>\n","protected":false},"author":1965,"featured_media":0,"comment_status":"closed","ping_status":"closed","sticky":false,"template":"","format":"standard","meta":{"fifu_image_url":"","fifu_image_alt":"","footnotes":""},"categories":[73,82],"tags":[],"class_list":["post-110943","post","type-post","status-publish","format-standard","hentry","category-actualite","category-cameroun"],"_links":{"self":[{"href":"https:\/\/linitiative.ca\/International\/wp-json\/wp\/v2\/posts\/110943","targetHints":{"allow":["GET"]}}],"collection":[{"href":"https:\/\/linitiative.ca\/International\/wp-json\/wp\/v2\/posts"}],"about":[{"href":"https:\/\/linitiative.ca\/International\/wp-json\/wp\/v2\/types\/post"}],"author":[{"embeddable":true,"href":"https:\/\/linitiative.ca\/International\/wp-json\/wp\/v2\/users\/1965"}],"replies":[{"embeddable":true,"href":"https:\/\/linitiative.ca\/International\/wp-json\/wp\/v2\/comments?post=110943"}],"version-history":[{"count":0,"href":"https:\/\/linitiative.ca\/International\/wp-json\/wp\/v2\/posts\/110943\/revisions"}],"wp:attachment":[{"href":"https:\/\/linitiative.ca\/International\/wp-json\/wp\/v2\/media?parent=110943"}],"wp:term":[{"taxonomy":"category","embeddable":true,"href":"https:\/\/linitiative.ca\/International\/wp-json\/wp\/v2\/categories?post=110943"},{"taxonomy":"post_tag","embeddable":true,"href":"https:\/\/linitiative.ca\/International\/wp-json\/wp\/v2\/tags?post=110943"}],"curies":[{"name":"wp","href":"https:\/\/api.w.org\/{rel}","templated":true}]}}