{"id":110944,"date":"2021-02-09T18:04:09","date_gmt":"2021-02-09T23:04:09","guid":{"rendered":"https:\/\/linitiative.ca\/International\/guikahue-salue-lapaisement-du-climat-social-apres-un-echange-avec-hamed-bakayoko\/"},"modified":"2021-02-09T18:04:09","modified_gmt":"2021-02-09T23:04:09","slug":"guikahue-salue-lapaisement-du-climat-social-apres-un-echange-avec-hamed-bakayoko","status":"publish","type":"post","link":"https:\/\/linitiative.ca\/International\/guikahue-salue-lapaisement-du-climat-social-apres-un-echange-avec-hamed-bakayoko\/","title":{"rendered":"Guikahu\u00e9 salue l\u2019apaisement du climat social apr\u00e8s un \u00e9change avec Hamed Bakayoko"},"content":{"rendered":"<div readability=\"32\">\n<p>Publi\u00e9 le 10.02.2021 \u00e0 00h18 par APA News<\/p>\n<\/div>\n<div readability=\"60\">\n<p>Le secr\u00e9taire ex\u00e9cutif en chef du Parti d\u00e9mocratique de C\u00f4te d\u2019Ivoire (Pdci, opposition), Kakou Guikahu\u00e9, a salu\u00e9 mardi \u00e0 Abidjan les efforts du gouvernement ayant permis l\u2019apaisement du climat social, \u00e0 l\u2019issue d\u2019un entretien avec le Premier ministre Hamed Bakayoko.<\/p>\n<p>M. Guikahu\u00e9 qui avait \u00e0 ses c\u00f4t\u00e9s \u00a0le professeur Niamkey Koffi, un cadre de son parti, a dit \u00eatre venu \u00ab\u00a0saluer M. le Premier ministre et le gouvernement pour les efforts qui sont faits dans le sens de l\u2019apaisement du climat social\u00a0\u00bb.<\/p>\n<p>Le secr\u00e9taire ex\u00e9cutif en chef du Pdci a indiqu\u00e9 avoir fait le tour, avec M. Hamed Bakayoko, des conclusions du dialogue politique entre le gouvernement et l\u2019opposition visant l\u2019apaisement et la coh\u00e9sion sociale. \u00a0<\/p>\n<p>Cette rencontre intervient pr\u00e8s de deux semaines apr\u00e8s son retour de France, o\u00f9 il avait \u00e9t\u00e9 \u00e9vacu\u00e9 pour des soins m\u00e9dicaux, alors qu\u2019 il \u00e9tait incarc\u00e9r\u00e9. En d\u00e9tention depuis novembre 2020, M. Guikahu\u00e9 a \u00e9t\u00e9 lib\u00e9r\u00e9 en janvier et mis sous contr\u00f4le judiciaire. \u00a0<\/p>\n<p>Une passation de charge avec le secr\u00e9taire ex\u00e9cutif en chef par int\u00e9rim pr\u00e9vu ce mardi en fin de matin\u00e9e a \u00e9t\u00e9 ajourn\u00e9e.\u00a0<\/p>\n<\/div>\n<p>Auteur: APA News<br \/>\n<a href=\"https:\/\/www.journalducameroun.com\/guikahue-salue-lapaisement-du-climat-social-apres-un-echange-avec-hamed-bakayoko\/\">Cliquez ici pour lire l&rsquo;article depuis sa source.<\/a><\/p>\n","protected":false},"excerpt":{"rendered":"<p>Publi\u00e9 le 10.02.2021 \u00e0 00h18 par APA News Le secr\u00e9taire ex\u00e9cutif en chef du Parti d\u00e9mocratique de C\u00f4te d\u2019Ivoire (Pdci, opposition), Kakou Guikahu\u00e9, a salu\u00e9 mardi \u00e0 Abidjan les efforts du gouvernement ayant permis l\u2019apaisement du climat social, \u00e0 l\u2019issue d\u2019un entretien avec le Premier ministre Hamed Bakayoko. M. Guikahu\u00e9 qui avait \u00e0 ses c\u00f4t\u00e9s [&hellip;]<\/p>\n","protected":false},"author":1965,"featured_media":0,"comment_status":"closed","ping_status":"closed","sticky":false,"template":"","format":"standard","meta":{"fifu_image_url":"","fifu_image_alt":"","footnotes":""},"categories":[73,82],"tags":[],"class_list":["post-110944","post","type-post","status-publish","format-standard","hentry","category-actualite","category-cameroun"],"_links":{"self":[{"href":"https:\/\/linitiative.ca\/International\/wp-json\/wp\/v2\/posts\/110944","targetHints":{"allow":["GET"]}}],"collection":[{"href":"https:\/\/linitiative.ca\/International\/wp-json\/wp\/v2\/posts"}],"about":[{"href":"https:\/\/linitiative.ca\/International\/wp-json\/wp\/v2\/types\/post"}],"author":[{"embeddable":true,"href":"https:\/\/linitiative.ca\/International\/wp-json\/wp\/v2\/users\/1965"}],"replies":[{"embeddable":true,"href":"https:\/\/linitiative.ca\/International\/wp-json\/wp\/v2\/comments?post=110944"}],"version-history":[{"count":0,"href":"https:\/\/linitiative.ca\/International\/wp-json\/wp\/v2\/posts\/110944\/revisions"}],"wp:attachment":[{"href":"https:\/\/linitiative.ca\/International\/wp-json\/wp\/v2\/media?parent=110944"}],"wp:term":[{"taxonomy":"category","embeddable":true,"href":"https:\/\/linitiative.ca\/International\/wp-json\/wp\/v2\/categories?post=110944"},{"taxonomy":"post_tag","embeddable":true,"href":"https:\/\/linitiative.ca\/International\/wp-json\/wp\/v2\/tags?post=110944"}],"curies":[{"name":"wp","href":"https:\/\/api.w.org\/{rel}","templated":true}]}}