{"id":110945,"date":"2021-02-09T18:04:13","date_gmt":"2021-02-09T23:04:13","guid":{"rendered":"https:\/\/linitiative.ca\/International\/la-villa-offerte-au-journaliste-ivoirien-laureat-du-prix-ebony-2009-rasee\/"},"modified":"2021-02-09T18:04:13","modified_gmt":"2021-02-09T23:04:13","slug":"la-villa-offerte-au-journaliste-ivoirien-laureat-du-prix-ebony-2009-rasee","status":"publish","type":"post","link":"https:\/\/linitiative.ca\/International\/la-villa-offerte-au-journaliste-ivoirien-laureat-du-prix-ebony-2009-rasee\/","title":{"rendered":"La villa offerte au journaliste ivoirien laur\u00e9at du prix Ebony 2009 ras\u00e9e"},"content":{"rendered":"<div readability=\"32\">\n<p>Publi\u00e9 le 10.02.2021 \u00e0 00h18 par APA News<\/p>\n<\/div>\n<div readability=\"89\">\n<p>Une villa offerte au journaliste ivoirien Jean Roch Kouam\u00e9, laur\u00e9at du super Ebony 2009, a \u00e9t\u00e9 ras\u00e9 mardi suite \u00e0 une instruction du minist\u00e8re de l\u2019Entretien routier et de l\u2019\u00c9quipement.<\/p>\n<p>La villa, apr\u00e8s le passage des Caterpillars, est devenue un tas de d\u00e9combres. Il a \u00e9t\u00e9 \u00ab\u00a0totalement ras\u00e9\u00a0\u00bb, affirme Jean Roch Kouam\u00e9 qui r\u00e9side dans cet appartement depuis 2015, soit sept ans apr\u00e8s l\u2019obtention du prix Ebony, r\u00e9compensant les meilleurs journalistes ivoiriens. \u00a0<\/p>\n<p>\u00ab\u00a0Ce matin, je suis au bureau et on m\u2019apprend que les machines sont \u00e0 la cit\u00e9 (Akissi Delta) que \u00a0j\u2019habite. Ils nous ont laiss\u00e9 le temps de sortir ce qu\u2019on pouvait (\u2026) On a pu faire sortir en vrac les fauteuils, les lits\u00a0\u00bb et quelques effets, raconte-t-il.\u00a0<\/p>\n<p>Dans la zone, au moins une trentaine de personnes ont perdu leurs maisons. Apr\u00e8s la r\u00e9alisation de l\u2019autoroute de Grand-Bassam (cit\u00e9 baln\u00e9aire \u00e0 40 Km au sud-est d\u2019Abidjan), un d\u00e9cret a \u00e9t\u00e9 pris pour ne pas que les gens construise jusque trop proche de l\u2019autoroute.\u00a0<\/p>\n<p>Pour ce faire, la zone a \u00e9t\u00e9 d\u00e9clar\u00e9e comme une agglom\u00e9ration. Or, en agglom\u00e9ration il est requis un vide \u00e0 100 m\u00e8tres de part et d\u2019autre de l\u2019autoroute. Les maisons se trouvant dans l\u2019emprise public selon ce d\u00e9cret ont \u00e9t\u00e9 d\u00e9truits.\u00a0<\/p>\n<p>La cit\u00e9 Akissi Delta est une promotion immobili\u00e8re r\u00e9alis\u00e9e par M. Yed Benson. Ce promoteur dont la structure \u00e0 l\u2019\u00e9poque s\u2019appelait Proxim Finance, a sign\u00e9 un partenariat avec l\u2019Union nationale des journalistes de C\u00f4te d\u2019Ivoire (Unjci).<\/p>\n<p>Dans le super lot, Proxim Finance devait donner le lot au super Ebony. Le promoteur immobilier avait promis une villa de cinq pi\u00e8ces dont la remise des cl\u00e9s a eu lieu en 2011. Mais, c\u2019est en 2015, que M. Kouam\u00e9 int\u00e8gre la maison.\u00a0<\/p>\n<p>Depuis 2005-2006 la promotion immobili\u00e8re a d\u00e9marr\u00e9 et les premiers acqu\u00e9reurs ont commenc\u00e9 leurs travaux. \u00ab\u00a0Pendant ce temps on ne parlait pas d\u2019autoroute\u00a0\u00bb, a laiss\u00e9 entendre M. Kouam\u00e9, \u00a0ajoutant que \u00ab\u00a0c\u2019est en 2011 que l\u2019affaire d\u2019autoroute a commenc\u00e9\u00a0\u00bb. \u00a0<\/p>\n<p>\u00ab\u00a0Personne ne parle de d\u00e9dommagement\u00a0\u00bb, s\u2019insurge-t-il, faisant remarquer que les propri\u00e9taires des lots vis\u00e9s ont re\u00e7u la premi\u00e8re mise en demeure 2016. Mais, apr\u00e8s des relances, ils ont pris un avocat qui a engag\u00e9 des discussions avec la direction du domaine public.\u00a0<\/p>\n<\/div>\n<p>Auteur: APA News<br \/>\n<a href=\"https:\/\/www.journalducameroun.com\/la-villa-offerte-au-journaliste-ivoirien-laureat-du-prix-ebony-2009-rasee\/\">Cliquez ici pour lire l&rsquo;article depuis sa source.<\/a><\/p>\n","protected":false},"excerpt":{"rendered":"<p>Publi\u00e9 le 10.02.2021 \u00e0 00h18 par APA News Une villa offerte au journaliste ivoirien Jean Roch Kouam\u00e9, laur\u00e9at du super Ebony 2009, a \u00e9t\u00e9 ras\u00e9 mardi suite \u00e0 une instruction du minist\u00e8re de l\u2019Entretien routier et de l\u2019\u00c9quipement. La villa, apr\u00e8s le passage des Caterpillars, est devenue un tas de d\u00e9combres. Il a \u00e9t\u00e9 \u00ab\u00a0totalement [&hellip;]<\/p>\n","protected":false},"author":1965,"featured_media":0,"comment_status":"closed","ping_status":"closed","sticky":false,"template":"","format":"standard","meta":{"fifu_image_url":"","fifu_image_alt":"","footnotes":""},"categories":[73,82],"tags":[],"class_list":["post-110945","post","type-post","status-publish","format-standard","hentry","category-actualite","category-cameroun"],"_links":{"self":[{"href":"https:\/\/linitiative.ca\/International\/wp-json\/wp\/v2\/posts\/110945","targetHints":{"allow":["GET"]}}],"collection":[{"href":"https:\/\/linitiative.ca\/International\/wp-json\/wp\/v2\/posts"}],"about":[{"href":"https:\/\/linitiative.ca\/International\/wp-json\/wp\/v2\/types\/post"}],"author":[{"embeddable":true,"href":"https:\/\/linitiative.ca\/International\/wp-json\/wp\/v2\/users\/1965"}],"replies":[{"embeddable":true,"href":"https:\/\/linitiative.ca\/International\/wp-json\/wp\/v2\/comments?post=110945"}],"version-history":[{"count":0,"href":"https:\/\/linitiative.ca\/International\/wp-json\/wp\/v2\/posts\/110945\/revisions"}],"wp:attachment":[{"href":"https:\/\/linitiative.ca\/International\/wp-json\/wp\/v2\/media?parent=110945"}],"wp:term":[{"taxonomy":"category","embeddable":true,"href":"https:\/\/linitiative.ca\/International\/wp-json\/wp\/v2\/categories?post=110945"},{"taxonomy":"post_tag","embeddable":true,"href":"https:\/\/linitiative.ca\/International\/wp-json\/wp\/v2\/tags?post=110945"}],"curies":[{"name":"wp","href":"https:\/\/api.w.org\/{rel}","templated":true}]}}