{"id":110949,"date":"2021-02-09T11:57:32","date_gmt":"2021-02-09T16:57:32","guid":{"rendered":"https:\/\/linitiative.ca\/International\/reformes-des-finances-publiques-les-fonctionnaires-a-lecole-de-la-nouvelle-nomenclature-du-budget\/"},"modified":"2021-02-09T11:57:32","modified_gmt":"2021-02-09T16:57:32","slug":"reformes-des-finances-publiques-les-fonctionnaires-a-lecole-de-la-nouvelle-nomenclature-du-budget","status":"publish","type":"post","link":"https:\/\/linitiative.ca\/International\/reformes-des-finances-publiques-les-fonctionnaires-a-lecole-de-la-nouvelle-nomenclature-du-budget\/","title":{"rendered":"R\u00e9formes des finances publiques : les fonctionnaires \u00e0 l\u2019\u00e9cole de la nouvelle nomenclature du Budget"},"content":{"rendered":"<p>Durant ces deux jours, les acteurs de la cha\u00eene de pr\u00e9paration et d\u2019ex\u00e9cution du budget du Minepat,\u00a0\u00a0ont b\u00e9n\u00e9fici\u00e9 d\u2019une formation sur la nouvelle nomenclature du budget de l\u2019Etat. Ceci dans la dynamique de la loi n\u00b02007\/006 portant r\u00e9gime financier de l\u2019Etat. En ouvrant les travaux, le Secr\u00e9taire G\u00e9n\u00e9ral du Minepat Jean Tchoffo fait savoir que cette rencontre s\u2019inscrit dans le cadre du vaste processus de r\u00e9forme des Finances Publiques, engag\u00e9 par le Cameroun depuis 2007. Il a \u00e9galement rappel\u00e9 les enjeux de la nomenclature budg\u00e9taire de l\u2019Etat. Cette derni\u00e8re, souligne-t-il, reste une th\u00e9matique centrale et transversale dans la gestion des Finances Publiques tant au niveau national qu\u2019international.<\/p>\n<p><strong>Lire aussi<\/strong> : <a href=\"https:\/\/ecomatin.net\/budget-2021-lexecution-est-lancee\/\">Budget 2021: l\u2019ex\u00e9cution est lanc\u00e9e !<\/a><\/p>\n<p>A l\u2019\u00e9chelle nationale, la classification des op\u00e9rations budg\u00e9taires par classe, tel\u00a0\u00a0que pr\u00e9vu dans la nomenclature permet d\u2019avoir une meilleure lisibilit\u00e9 des politiques et accroit la sinc\u00e9rit\u00e9 des budgets, la fiabilit\u00e9 des syst\u00e8mes d\u2019information du budget de l\u2019Etat ainsi que la redevabilit\u00e9. Sur le plan international, la nomenclature budg\u00e9taire est un vecteur de convergence des politiques \u00e9conomiques des Etats et des bonnes pratiques de gestion\u00a0\u00a0financi\u00e8re publique. A ce titre, elle facilite l\u2019exercice de la surveillance multilat\u00e9rale en cr\u00e9ant un cadre commun de r\u00e9f\u00e9rence conforme aux normes et aux pratiques internationales qui rend possible la comparabilit\u00e9 des performances dans la gestion budg\u00e9taire des Etats.\u00a0\u00ab Il faut savoir d\u2019abord l\u2019objet de l\u2019arrimage de la nomenclature aux directives Cemac,\u00a0\u00a0Parce que, cet arrimage de notre nomenclature c\u2019est pour\u00a0\u00a0\u00a0faciliter effectivement, non seulement l\u2019arrimage de la gestion de nos finances publiques aux normes internationales, mais de faciliter la comparabilit\u00e9 entre les diff\u00e9rents Etats. Il\u00a0\u00a0est question que tous les acteurs qui sont concern\u00e9s par l\u2019impl\u00e9mentation de cette nomenclature, puissent s\u2019approprier, des \u00e9volutions apport\u00e9s par la nomenclature et les diff\u00e9rents changements qui sont apport\u00e9s\u00a0\u00bb explique Nkou Guy Raymond, sous-directeur de la pr\u00e9paration du Budget d\u2019Investissement Publique du Minepat.<\/p>\n<p><strong>Lire aussi<\/strong> : <a href=\"https:\/\/ecomatin.net\/budget-2021-pleins-phares-sur-la-repartition-du-bip\/\">Budget 2021 : pleins phares sur la r\u00e9partition du BIP<\/a><\/p>\n<p>La nouvelle\u00a0\u00a0nomenclature viendra apporter un certains nombres de changements et d\u2019innovations dans la gestion des finances publiques\u00a0\u00abAvec cette nouvelle nomenclature, on pourra facilement savoir, qu\u2019est que le budget de l\u2019Etat \u00e0 financer en termes de de fonction \u00e9conomique, ce qui n\u2019\u00e9tait pas toujours \u00e9vident et pouvoir avoir des r\u00e9sultats r\u00e9els, en termes d\u2019analyse de la d\u00e9pense publique. Parce qu\u2019aujourd\u2019hui, lorsque nos partenaires venaient analyser la qualit\u00e9 de la d\u00e9pense au Cameroun, en r\u00e9alit\u00e9 cet analyse \u00e9tait fond\u00e9e sur les bonnes pratiques, et notre nomenclature n\u2019\u00e9tait pas arrimer \u00e0 ces bonnes pratiques\u00a0\u00bb faire savoir le sous-directeur de la pr\u00e9paration du BIP.<\/p>\n<p><strong>Lire aussi<\/strong> : <a href=\"https:\/\/ecomatin.net\/fiscalite-ce-qui-attend-le-contribuable-camerounais-en-2021\/\">Fiscalit\u00e9 : ce qui attend le contribuable camerounais en 2021<\/a><\/p>\n<p>Auteur: Amina MALLOUM<br \/>\n<a href=\"https:\/\/ecomatin.net\/reformes-des-finances-publiques-les-fonctionnaires-a-lecole-de-la-nouvelle-nomenclature-du-budget\/\">Cliquez ici pour lire l&rsquo;article depuis sa source.<\/a><\/p>\n","protected":false},"excerpt":{"rendered":"<p>Durant ces deux jours, les acteurs de la cha\u00eene de pr\u00e9paration et d\u2019ex\u00e9cution du budget du Minepat,\u00a0\u00a0ont b\u00e9n\u00e9fici\u00e9 d\u2019une formation sur la nouvelle nomenclature du budget de l\u2019Etat. Ceci dans la dynamique de la loi n\u00b02007\/006 portant r\u00e9gime financier de l\u2019Etat. En ouvrant les travaux, le Secr\u00e9taire G\u00e9n\u00e9ral du Minepat Jean Tchoffo fait savoir que [&hellip;]<\/p>\n","protected":false},"author":1969,"featured_media":0,"comment_status":"closed","ping_status":"closed","sticky":false,"template":"","format":"standard","meta":{"fifu_image_url":"","fifu_image_alt":"","footnotes":""},"categories":[82,78],"tags":[],"class_list":["post-110949","post","type-post","status-publish","format-standard","hentry","category-cameroun","category-economie"],"_links":{"self":[{"href":"https:\/\/linitiative.ca\/International\/wp-json\/wp\/v2\/posts\/110949","targetHints":{"allow":["GET"]}}],"collection":[{"href":"https:\/\/linitiative.ca\/International\/wp-json\/wp\/v2\/posts"}],"about":[{"href":"https:\/\/linitiative.ca\/International\/wp-json\/wp\/v2\/types\/post"}],"author":[{"embeddable":true,"href":"https:\/\/linitiative.ca\/International\/wp-json\/wp\/v2\/users\/1969"}],"replies":[{"embeddable":true,"href":"https:\/\/linitiative.ca\/International\/wp-json\/wp\/v2\/comments?post=110949"}],"version-history":[{"count":0,"href":"https:\/\/linitiative.ca\/International\/wp-json\/wp\/v2\/posts\/110949\/revisions"}],"wp:attachment":[{"href":"https:\/\/linitiative.ca\/International\/wp-json\/wp\/v2\/media?parent=110949"}],"wp:term":[{"taxonomy":"category","embeddable":true,"href":"https:\/\/linitiative.ca\/International\/wp-json\/wp\/v2\/categories?post=110949"},{"taxonomy":"post_tag","embeddable":true,"href":"https:\/\/linitiative.ca\/International\/wp-json\/wp\/v2\/tags?post=110949"}],"curies":[{"name":"wp","href":"https:\/\/api.w.org\/{rel}","templated":true}]}}