{"id":110956,"date":"2021-02-10T09:26:11","date_gmt":"2021-02-10T14:26:11","guid":{"rendered":"https:\/\/linitiative.ca\/International\/voyages-mobilites-et-interactions-en-debat\/"},"modified":"2021-02-10T09:26:11","modified_gmt":"2021-02-10T14:26:11","slug":"voyages-mobilites-et-interactions-en-debat","status":"publish","type":"post","link":"https:\/\/linitiative.ca\/International\/voyages-mobilites-et-interactions-en-debat\/","title":{"rendered":"Voyages, mobilit\u00e9s et interactions en d\u00e9bat"},"content":{"rendered":"<p><strong>La M\u00e9diath\u00e8que de l\u2019Institut\u00a0 de F\u00e8s\u00a0 abritera le vendredi 19 f\u00e9vrier une rencontre\u00a0 avec Khalid Zekri, auteur du livre \u00ab modernit\u00e9s arabes : de la modernit\u00e9 \u00e0 la globalisation \u00bb, et\u00a0 l\u2019universitaire Sanae Ghouati.<\/strong><\/p>\n<p>Ce rendez-vous culturel\u00a0 plac\u00e9 sous le th\u00e8me\u00a0 \u00abvoyages, mobilit\u00e9s et interactions \u00bb abordera les th\u00e9matiques du d\u00e9placement, du voyage et de la mobilit\u00e9. \u00abLa question a affleur\u00e9 durant la Nuit des id\u00e9es dont la th\u00e9matique \u00e9tait cette ann\u00e9e \u00abProches \u00bb. Qu\u2019est-ce qui est proche ? Qu\u2019est-ce qui est lointain ? Faut-il aller \u00e0 la rencontre de l\u2019autre et de sa culture pour se rapprocher de la sienne propre ? \u00bb, expliquent les organisateurs de la conf\u00e9rence.<\/p>\n<p>Khalid Zekri est professeur chercheur en litt\u00e9rature compar\u00e9e et sciences sociales. Il a obtenu le Prix du livre du Maroc en 2019 pour son ouvrage \u00ab\u00a0Modernit\u00e9s arabes\u00a0\u00bb. Parmi ses publications, on peut retenir \u00ab Fictions du r\u00e9el \u00bb. \u00ab Modernit\u00e9 romanesque et \u00e9criture du r\u00e9el au Maroc, 1990-2006 \u00bb (l\u2019Harmattan, 2006), \u00ab Etudes postcoloniales. Th\u00e9orie, litt\u00e9rature, art \u00bb (Universit\u00e9 Moulay Isma\u00efl, 2011), \u00ab Lire les villes marocaines \u00bb, (l\u2019Harmattan \/Universit\u00e9 Paris 13, 2013), \u00ab Repenser le Maghreb et l\u2019Europe \u00bb\u2026.<\/p>\n<p>Quant \u00e0 Sanaa Ghouati,\u00a0 elle est professeure chercheuse \u00e0 l\u2019Universit\u00e9 Ibn Tofail de K\u00e9nitra et pr\u00e9sidente de la CCLMC (Coordination des Chercheurs sur les Litt\u00e9ratures Maghr\u00e9bines et Compar\u00e9es). La question de la mobilit\u00e9 et les probl\u00e9matiques li\u00e9es aux r\u00e9cits du voyage sont, entre autres, au c\u0153ur de ses centres d\u2019int\u00e9r\u00eat. Parmi ses publications : Litt\u00e9rature et culture en Afrique : Sp\u00e9cificit\u00e9s et partages, Edit\u00e9 en partenariat par l\u2019Institut des Etudes Africaines, La CCLMC et l\u2019Universit\u00e9 Hassan II de Casa Ben Msik. Mohamed Loakira- Travers\u00e9e d\u2019une \u0153uvre ( Marsam, 2014)\u2026<\/p>\n<p>Auteur: M&rsquo;hammed rahal<br \/>\n<a href=\"http:\/\/albayane.press.ma\/voyages-mobilites-et-interactions-en-debat.html\">Cliquez ici pour lire l&rsquo;article depuis sa source.<\/a><\/p>\n","protected":false},"excerpt":{"rendered":"<p>La M\u00e9diath\u00e8que de l\u2019Institut\u00a0 de F\u00e8s\u00a0 abritera le vendredi 19 f\u00e9vrier une rencontre\u00a0 avec Khalid Zekri, auteur du livre \u00ab modernit\u00e9s arabes : de la modernit\u00e9 \u00e0 la globalisation \u00bb, et\u00a0 l\u2019universitaire Sanae Ghouati. Ce rendez-vous culturel\u00a0 plac\u00e9 sous le th\u00e8me\u00a0 \u00abvoyages, mobilit\u00e9s et interactions \u00bb abordera les th\u00e9matiques du d\u00e9placement, du voyage et de [&hellip;]<\/p>\n","protected":false},"author":1760,"featured_media":0,"comment_status":"closed","ping_status":"closed","sticky":false,"template":"","format":"standard","meta":{"fifu_image_url":"","fifu_image_alt":"","footnotes":""},"categories":[73,54],"tags":[],"class_list":["post-110956","post","type-post","status-publish","format-standard","hentry","category-actualite","category-maroc"],"_links":{"self":[{"href":"https:\/\/linitiative.ca\/International\/wp-json\/wp\/v2\/posts\/110956","targetHints":{"allow":["GET"]}}],"collection":[{"href":"https:\/\/linitiative.ca\/International\/wp-json\/wp\/v2\/posts"}],"about":[{"href":"https:\/\/linitiative.ca\/International\/wp-json\/wp\/v2\/types\/post"}],"author":[{"embeddable":true,"href":"https:\/\/linitiative.ca\/International\/wp-json\/wp\/v2\/users\/1760"}],"replies":[{"embeddable":true,"href":"https:\/\/linitiative.ca\/International\/wp-json\/wp\/v2\/comments?post=110956"}],"version-history":[{"count":0,"href":"https:\/\/linitiative.ca\/International\/wp-json\/wp\/v2\/posts\/110956\/revisions"}],"wp:attachment":[{"href":"https:\/\/linitiative.ca\/International\/wp-json\/wp\/v2\/media?parent=110956"}],"wp:term":[{"taxonomy":"category","embeddable":true,"href":"https:\/\/linitiative.ca\/International\/wp-json\/wp\/v2\/categories?post=110956"},{"taxonomy":"post_tag","embeddable":true,"href":"https:\/\/linitiative.ca\/International\/wp-json\/wp\/v2\/tags?post=110956"}],"curies":[{"name":"wp","href":"https:\/\/api.w.org\/{rel}","templated":true}]}}