{"id":110958,"date":"2021-02-10T09:32:57","date_gmt":"2021-02-10T14:32:57","guid":{"rendered":"https:\/\/linitiative.ca\/International\/c3-le-16e-de-finale-aller-entre-la-sociedad-et-united-deplace-a-turin\/"},"modified":"2021-02-10T09:32:57","modified_gmt":"2021-02-10T14:32:57","slug":"c3-le-16e-de-finale-aller-entre-la-sociedad-et-united-deplace-a-turin","status":"publish","type":"post","link":"https:\/\/linitiative.ca\/International\/c3-le-16e-de-finale-aller-entre-la-sociedad-et-united-deplace-a-turin\/","title":{"rendered":"C3: Le 16e de finale aller entre la Sociedad et United d\u00e9plac\u00e9 \u00e0 Turin"},"content":{"rendered":"<p><strong>Le 16e de finale aller de Ligue Europa entre la Real Sociedad et Manchester United se jouera dans le stade de la Juventus Turin, en raison des restrictions de d\u00e9placement en Espagne li\u00e9es au Covid, a annonc\u00e9 mardi l\u2019UEFA.<\/strong><\/p>\n<p>Le match se tiendra le 18 f\u00e9vrier \u00e0 18h55 (17h55 GMT), a pr\u00e9cis\u00e9 l\u2019instance europ\u00e9enne, alors que le match retour reste pr\u00e9vu le jeudi suivant \u00e0 Old Trafford, \u00e0 21h00 (20h00 GMT).<\/p>\n<p>Les deux matches se tiendront \u00e0 huis clos.<\/p>\n<p>En Ligue des champions, les huiti\u00e8mes de finale allers de Liverpool et Manchester City, respectivement contre le RB Leipzig et le Borussia M\u00f6nchengladbach, ont \u00e9t\u00e9 d\u00e9plac\u00e9s \u00e0 Budapest.<\/p>\n<p>Le match de C1 de Chelsea face \u00e0 l\u2019Atl\u00e9tico Madrid, le 23 f\u00e9vrier, n\u2019a pour le moment pas encore \u00e9t\u00e9 d\u00e9plac\u00e9.<\/p>\n<p>En Ligue Europa, le match entre les Norv\u00e9giens de Molde et les Allemands d\u2019Hoffenheim a \u00e9t\u00e9 d\u00e9pac\u00e9 \u00e0 Villareal, en Espagne. La date de la rencontre reste inchang\u00e9e au 18 f\u00e9vrier avec coup d\u2019envoi \u00e0 21h00 (20h00 GMT).<\/p>\n<p>L\u2019\u00e9volution de l\u2019\u00e9pid\u00e9mie en Europe peut faire craindre que des mesures comme celles prises en Allemagne et en Norv\u00e8ge qui interdisent aux voyageurs venant d\u2019une zone o\u00f9 la pand\u00e9mie de Covid est particuli\u00e8rement active de rentrer sur leur territoire, se multiplient sur le continent, isolant de nouveau les pays les uns des autres.<\/p>\n<p>Un tel sc\u00e9nario mettrait \u00e9videmment en grand danger l\u2019Euro, report\u00e9 d\u2019un an (11 juin-11 juillet), que l\u2019UEFA veut toujours organiser dans douze pays.<\/p>\n<p>Auteur: M&rsquo;hammed rahal<br \/>\n<a href=\"http:\/\/albayane.press.ma\/c3-le-16e-de-finale-aller-entre-la-sociedad-et-united-deplace-a-turin.html\">Cliquez ici pour lire l&rsquo;article depuis sa source.<\/a><\/p>\n","protected":false},"excerpt":{"rendered":"<p>Le 16e de finale aller de Ligue Europa entre la Real Sociedad et Manchester United se jouera dans le stade de la Juventus Turin, en raison des restrictions de d\u00e9placement en Espagne li\u00e9es au Covid, a annonc\u00e9 mardi l\u2019UEFA. Le match se tiendra le 18 f\u00e9vrier \u00e0 18h55 (17h55 GMT), a pr\u00e9cis\u00e9 l\u2019instance europ\u00e9enne, alors [&hellip;]<\/p>\n","protected":false},"author":1760,"featured_media":0,"comment_status":"closed","ping_status":"closed","sticky":false,"template":"","format":"standard","meta":{"fifu_image_url":"","fifu_image_alt":"","footnotes":""},"categories":[73,54],"tags":[],"class_list":["post-110958","post","type-post","status-publish","format-standard","hentry","category-actualite","category-maroc"],"_links":{"self":[{"href":"https:\/\/linitiative.ca\/International\/wp-json\/wp\/v2\/posts\/110958","targetHints":{"allow":["GET"]}}],"collection":[{"href":"https:\/\/linitiative.ca\/International\/wp-json\/wp\/v2\/posts"}],"about":[{"href":"https:\/\/linitiative.ca\/International\/wp-json\/wp\/v2\/types\/post"}],"author":[{"embeddable":true,"href":"https:\/\/linitiative.ca\/International\/wp-json\/wp\/v2\/users\/1760"}],"replies":[{"embeddable":true,"href":"https:\/\/linitiative.ca\/International\/wp-json\/wp\/v2\/comments?post=110958"}],"version-history":[{"count":0,"href":"https:\/\/linitiative.ca\/International\/wp-json\/wp\/v2\/posts\/110958\/revisions"}],"wp:attachment":[{"href":"https:\/\/linitiative.ca\/International\/wp-json\/wp\/v2\/media?parent=110958"}],"wp:term":[{"taxonomy":"category","embeddable":true,"href":"https:\/\/linitiative.ca\/International\/wp-json\/wp\/v2\/categories?post=110958"},{"taxonomy":"post_tag","embeddable":true,"href":"https:\/\/linitiative.ca\/International\/wp-json\/wp\/v2\/tags?post=110958"}],"curies":[{"name":"wp","href":"https:\/\/api.w.org\/{rel}","templated":true}]}}