{"id":110960,"date":"2021-02-10T09:38:12","date_gmt":"2021-02-10T14:38:12","guid":{"rendered":"https:\/\/linitiative.ca\/International\/%ef%bb%bf-linter-milan-impuissante-la-juventus-en-finale\/"},"modified":"2021-02-10T09:38:12","modified_gmt":"2021-02-10T14:38:12","slug":"%ef%bb%bf-linter-milan-impuissante-la-juventus-en-finale","status":"publish","type":"post","link":"https:\/\/linitiative.ca\/International\/%ef%bb%bf-linter-milan-impuissante-la-juventus-en-finale\/","title":{"rendered":"\ufeff L\u2019Inter Milan impuissante, la Juventus en finale"},"content":{"rendered":"<p class=\"c2\"><strong>Coupe d\u2019Italie<\/strong><\/p>\n<p><strong>La Juventus s\u2019est qualifi\u00e9e pour sa septi\u00e8me finale de Coupe d\u2019Italie en dix ans apr\u00e8s avoir d\u00e9fendu mardi face \u00e0 l\u2019Inter Milan (0-0) l\u2019option prise \u00e0 l\u2019aller \u00e0 San Siro (2-1).<\/strong><\/p>\n<p>Antonio Conte devra donc encore attendre pour esp\u00e9rer gagner une Coupe d\u2019Italie comme entra\u00eeneur. Son Inter Milan, d\u00e9j\u00e0 sortie des comp\u00e9titions europ\u00e9ennes, n\u2019a d\u00e9sormais plus que le championnat pour esp\u00e9rer \u00e9viter une nouvelle ann\u00e9e blanche.<\/p>\n<p>Son homologue turinois Andrea Pirlo reste lui en course sur tous les tableaux pour ses d\u00e9buts sur le banc, apr\u00e8s avoir d\u00e9j\u00e0 gagn\u00e9 en janvier son premier troph\u00e9e, la Supercoupe d\u2019Italie.<\/p>\n<p>\u00ab\u00a0C\u2019\u00e9tait dans mes plans de d\u00e9butant\u00a0\u00bb, a souri l\u2019ex-meneur de jeu, tout en assurant que son \u00e9quipe n\u2019avait encore \u00ab\u00a0rien fait\u00a0\u00bb.<\/p>\n<p>Apr\u00e8s quelques mois de t\u00e2tonnements, sa Juventus est redevenue un bloc solide, en ligne avec la tradition d\u00e9fensive de la maison \u00e0 d\u00e9faut d\u2019\u00eatre l\u2019\u00e9quipe joueuse qu\u2019il promettait. Depuis la d\u00e9faite contre cette m\u00eame Inter (0-2) le 17 janvier en championnat, les Bianconeri n\u2019ont pris qu\u2019un but en sept matches (six victoires, un nul).<\/p>\n<p>L\u2019Inter Milan, contrainte \u00e0 l\u2019exploit apr\u00e8s la d\u00e9faite \u00e0 domicile, a pourtant tent\u00e9 de percer le coffre-fort. Avec cette fois la puissance de Romelu Lukaku et les jambes d\u2019Achraf Hakimi sur le flanc droit, deux pi\u00e8ces ma\u00eetresses suspendues \u00e0 l\u2019aller.<\/p>\n<p>L\u2019international marocain, tr\u00e8s complice avec Nicolo Barella, a mis au supplice Alex Sandro et Federico Bernardeschi, pour cr\u00e9er des br\u00e8ches.<\/p>\n<p>Mais ni Lautaro Martinez, g\u00ean\u00e9 par un l\u00e9ger contact avec un Turinois (10e), ni Lukaku (26e), ni Christian Eriksen (28e) ne parvenaient \u00e0 inqui\u00e9ter Gianluigi Buffon (1.101e match en carri\u00e8re).<\/p>\n<p>La Juve, trop basse au go\u00fbt d\u2019Andrea Pirlo, faisait le dos rond avec un Merih Demiral imp\u00e9rial, sous le regard moyennement rassur\u00e9 en tribunes des rempla\u00e7ants Giorgio Chiellini et Leonardo Bonucci.<\/p>\n<p>Et jusqu\u2019au bout, l\u2019Inter a tent\u00e9 mais la Juve n\u2019a pas craqu\u00e9. Hakimi ne cadrait pas (52e) et les nombreux centres de la fin de match ne trouvaient personne.<\/p>\n<p>\u00ab\u00a0Jusqu\u2019au bout on a essay\u00e9, avec beaucoup de d\u00e9termination, de renverser le r\u00e9sultat. On savait qu\u2019un but pouvait les mettre en difficult\u00e9\u00a0\u00bb, a regrett\u00e9 Antonio Conte, pour qui l\u2019Inter a pay\u00e9 \u00ab\u00a0les quelques cadeaux faits \u00e0 l\u2019aller\u00a0\u00bb.<\/p>\n<p>Cristiano Ronaldo, auteur des deux buts \u00e0 San Siro, n\u2019a lui pas connu sa r\u00e9ussite habituelle pour punir l\u2019Inter en contre.<\/p>\n<p>Le Portugais, apr\u00e8s plusieurs tentatives contr\u00e9es avant la pause, a frapp\u00e9 au-dessus (59e). Puis Samir Handanovic, avec deux grands arr\u00eats (64e, 70), l\u2019a ensuite priv\u00e9 d\u2019un 24e but cette saison.<\/p>\n<p>En finale, la Juventus (le plus titr\u00e9e avec 13 victoires) retrouvera soit Naples pour une revanche de la finale 2020 remport\u00e9e par les joueurs de Gennaro Gattuso soit de l\u2019Atalanta (demi-finale retour mercredi, 0-0 \u00e0 l\u2019aller).<\/p>\n<p>Auteur: M&rsquo;hammed rahal<br \/>\n<a href=\"http:\/\/albayane.press.ma\/%EF%BB%BF-linter-milan-impuissante-la-juventus-en-finale.html\">Cliquez ici pour lire l&rsquo;article depuis sa source.<\/a><\/p>\n","protected":false},"excerpt":{"rendered":"<p>Coupe d\u2019Italie La Juventus s\u2019est qualifi\u00e9e pour sa septi\u00e8me finale de Coupe d\u2019Italie en dix ans apr\u00e8s avoir d\u00e9fendu mardi face \u00e0 l\u2019Inter Milan (0-0) l\u2019option prise \u00e0 l\u2019aller \u00e0 San Siro (2-1). Antonio Conte devra donc encore attendre pour esp\u00e9rer gagner une Coupe d\u2019Italie comme entra\u00eeneur. Son Inter Milan, d\u00e9j\u00e0 sortie des comp\u00e9titions europ\u00e9ennes, [&hellip;]<\/p>\n","protected":false},"author":1760,"featured_media":0,"comment_status":"closed","ping_status":"closed","sticky":false,"template":"","format":"standard","meta":{"fifu_image_url":"","fifu_image_alt":"","footnotes":""},"categories":[73,54],"tags":[],"class_list":["post-110960","post","type-post","status-publish","format-standard","hentry","category-actualite","category-maroc"],"_links":{"self":[{"href":"https:\/\/linitiative.ca\/International\/wp-json\/wp\/v2\/posts\/110960","targetHints":{"allow":["GET"]}}],"collection":[{"href":"https:\/\/linitiative.ca\/International\/wp-json\/wp\/v2\/posts"}],"about":[{"href":"https:\/\/linitiative.ca\/International\/wp-json\/wp\/v2\/types\/post"}],"author":[{"embeddable":true,"href":"https:\/\/linitiative.ca\/International\/wp-json\/wp\/v2\/users\/1760"}],"replies":[{"embeddable":true,"href":"https:\/\/linitiative.ca\/International\/wp-json\/wp\/v2\/comments?post=110960"}],"version-history":[{"count":0,"href":"https:\/\/linitiative.ca\/International\/wp-json\/wp\/v2\/posts\/110960\/revisions"}],"wp:attachment":[{"href":"https:\/\/linitiative.ca\/International\/wp-json\/wp\/v2\/media?parent=110960"}],"wp:term":[{"taxonomy":"category","embeddable":true,"href":"https:\/\/linitiative.ca\/International\/wp-json\/wp\/v2\/categories?post=110960"},{"taxonomy":"post_tag","embeddable":true,"href":"https:\/\/linitiative.ca\/International\/wp-json\/wp\/v2\/tags?post=110960"}],"curies":[{"name":"wp","href":"https:\/\/api.w.org\/{rel}","templated":true}]}}