{"id":110964,"date":"2021-02-10T04:30:00","date_gmt":"2021-02-10T09:30:00","guid":{"rendered":"https:\/\/linitiative.ca\/International\/le-consulat-dalgerie-a-lyon-ferme-jusquau-13-fevrier\/"},"modified":"2021-02-10T04:30:00","modified_gmt":"2021-02-10T09:30:00","slug":"le-consulat-dalgerie-a-lyon-ferme-jusquau-13-fevrier","status":"publish","type":"post","link":"https:\/\/linitiative.ca\/International\/le-consulat-dalgerie-a-lyon-ferme-jusquau-13-fevrier\/","title":{"rendered":"Le consulat d\u2019Alg\u00e9rie \u00e0 Lyon ferm\u00e9 jusqu\u2019au 13 f\u00e9vrier"},"content":{"rendered":"<div id=\"originalText\" readability=\"47\">\n<p>Le Consulat g\u00e9n\u00e9ral d\u2019Alg\u00e9rie \u00e0 Lyon, en France, a d\u00e9cid\u00e9 de fermer ses portes jusqu\u2019au 13 f\u00e9vrier prochain. \u201cEn raison des nombreux cas de Covid recens\u00e9s par le personnel du consulat, il a \u00e9t\u00e9 d\u00e9cid\u00e9 \u00e0 titre pr\u00e9ventif de fermer la repr\u00e9sentation du 5 au 13 f\u00e9vrier inclus\u201d, a indiqu\u00e9 la repr\u00e9sentation diplomatique, pr\u00e9cisant que \u201cla r\u00e9ouverture d\u00e9pendra de l\u2019\u00e9volution des cas recens\u00e9s et du degr\u00e9 de contagion au sein du consulat g\u00e9n\u00e9ral\u201d.<\/p>\n<p>Pendant cette fermeture, la repr\u00e9sentation diplomatique a mis en place un service de permanence pour r\u00e9pondre aux demandes urgentes, notamment concernant le\u00a0rapatriement des d\u00e9pouilles\u00a0d\u2019Alg\u00e9riens d\u00e9c\u00e9d\u00e9s en France. \u00c0 noter que ce genre d\u2019op\u00e9ration est pris en charge par l\u2019\u00c9tat alg\u00e9rien pour les familles n\u2019ayant pas les moyens d\u2019organiser elles-m\u00eames le rapatriement.<\/p>\n<\/div>\n<div id=\"text_core\" readability=\"47\">\n<p>Le Consulat g\u00e9n\u00e9ral d\u2019Alg\u00e9rie \u00e0 Lyon, en France, a d\u00e9cid\u00e9 de fermer ses portes jusqu\u2019au 13 f\u00e9vrier prochain. \u201cEn raison des nombreux cas de Covid recens\u00e9s par le personnel du consulat, il a \u00e9t\u00e9 d\u00e9cid\u00e9 \u00e0 titre pr\u00e9ventif de fermer la repr\u00e9sentation du 5 au 13 f\u00e9vrier inclus\u201d, a indiqu\u00e9 la repr\u00e9sentation diplomatique, pr\u00e9cisant que \u201cla r\u00e9ouverture d\u00e9pendra de l\u2019\u00e9volution des cas recens\u00e9s et du degr\u00e9 de contagion au sein du consulat g\u00e9n\u00e9ral\u201d.<\/p>\n<p>Pendant cette fermeture, la repr\u00e9sentation diplomatique a mis en place un service de permanence pour r\u00e9pondre aux demandes urgentes, notamment concernant le\u00a0rapatriement des d\u00e9pouilles\u00a0d\u2019Alg\u00e9riens d\u00e9c\u00e9d\u00e9s en France. \u00c0 noter que ce genre d\u2019op\u00e9ration est pris en charge par l\u2019\u00c9tat alg\u00e9rien pour les familles n\u2019ayant pas les moyens d\u2019organiser elles-m\u00eames le rapatriement.<\/p>\n<\/div>\n<p>Auteur:<br \/>\n<a href=\"https:\/\/www.liberte-algerie.com\/radar\/le-consulat-dalgerie-a-lyon-ferme-jusquau-13-fevrier-353808\">Cliquez ici pour lire l&rsquo;article depuis sa source.<\/a><\/p>\n","protected":false},"excerpt":{"rendered":"<p>Le Consulat g\u00e9n\u00e9ral d\u2019Alg\u00e9rie \u00e0 Lyon, en France, a d\u00e9cid\u00e9 de fermer ses portes jusqu\u2019au 13 f\u00e9vrier prochain. \u201cEn raison des nombreux cas de Covid recens\u00e9s par le personnel du consulat, il a \u00e9t\u00e9 d\u00e9cid\u00e9 \u00e0 titre pr\u00e9ventif de fermer la repr\u00e9sentation du 5 au 13 f\u00e9vrier inclus\u201d, a indiqu\u00e9 la repr\u00e9sentation diplomatique, pr\u00e9cisant que [&hellip;]<\/p>\n","protected":false},"author":1742,"featured_media":0,"comment_status":"closed","ping_status":"closed","sticky":false,"template":"","format":"standard","meta":{"fifu_image_url":"","fifu_image_alt":"","footnotes":""},"categories":[73,53],"tags":[],"class_list":["post-110964","post","type-post","status-publish","format-standard","hentry","category-actualite","category-algerie"],"_links":{"self":[{"href":"https:\/\/linitiative.ca\/International\/wp-json\/wp\/v2\/posts\/110964","targetHints":{"allow":["GET"]}}],"collection":[{"href":"https:\/\/linitiative.ca\/International\/wp-json\/wp\/v2\/posts"}],"about":[{"href":"https:\/\/linitiative.ca\/International\/wp-json\/wp\/v2\/types\/post"}],"author":[{"embeddable":true,"href":"https:\/\/linitiative.ca\/International\/wp-json\/wp\/v2\/users\/1742"}],"replies":[{"embeddable":true,"href":"https:\/\/linitiative.ca\/International\/wp-json\/wp\/v2\/comments?post=110964"}],"version-history":[{"count":0,"href":"https:\/\/linitiative.ca\/International\/wp-json\/wp\/v2\/posts\/110964\/revisions"}],"wp:attachment":[{"href":"https:\/\/linitiative.ca\/International\/wp-json\/wp\/v2\/media?parent=110964"}],"wp:term":[{"taxonomy":"category","embeddable":true,"href":"https:\/\/linitiative.ca\/International\/wp-json\/wp\/v2\/categories?post=110964"},{"taxonomy":"post_tag","embeddable":true,"href":"https:\/\/linitiative.ca\/International\/wp-json\/wp\/v2\/tags?post=110964"}],"curies":[{"name":"wp","href":"https:\/\/api.w.org\/{rel}","templated":true}]}}