{"id":110968,"date":"2021-02-10T11:28:11","date_gmt":"2021-02-10T16:28:11","guid":{"rendered":"https:\/\/linitiative.ca\/International\/une-revue-scientifique-et-historique-dedie-son-3e-numero-a-jemaa-fna\/"},"modified":"2021-02-10T11:28:11","modified_gmt":"2021-02-10T16:28:11","slug":"une-revue-scientifique-et-historique-dedie-son-3e-numero-a-jemaa-fna","status":"publish","type":"post","link":"https:\/\/linitiative.ca\/International\/une-revue-scientifique-et-historique-dedie-son-3e-numero-a-jemaa-fna\/","title":{"rendered":"Une revue scientifique et historique d\u00e9die son 3\u00e8 num\u00e9ro \u00e0 Jema\u00e2 Fna"},"content":{"rendered":"<div readability=\"34\">\n<p>Marrakech \u2013 La Revue scientifique, artistique et historique \u00ab\u00a0Le Bulletin du Patrimoine de Marrakech et de sa r\u00e9gion\u00a0\u00bb a consacr\u00e9 son troisi\u00e8me num\u00e9ro \u00e0 la mythique Place Jema\u00e2 Fna.<\/p>\n<\/div>\n<div readability=\"109\">\n<p>Des chercheurs, des artistes et \u00e9crivains de renomm\u00e9e, tels que Jaafar Kansoussi, Patrick Manach, Ghislaine Meffre, Abu abdilah Aknsouss, Imane Achraf, Mohamed Amine Al Fathi, Mohamed Ait Laamim, Elie et Adam Mouyal, Mohamed Maouhoub, Youssef Ghandi, Rajae Benchemsi, Amal Abbassi ont ainsi, contribu\u00e9 dans ce dossier consacr\u00e9 \u00e0 cette c\u00e9l\u00e8bre et mythique Place inscrite depuis 1985 sur la liste du patrimoine mondial de l\u2019UNESCO et en 2001, class\u00e9e \u00ab\u00a0patrimoine culturel immat\u00e9riel\u00a0\u00bb par l\u2019UNESCO.<\/p>\n<p>Au sommaire de ce troisi\u00e8me num\u00e9ro figurent notamment, des contributions et des expos\u00e9s sur \u00ab\u00a0La cause de Jema\u00e2 Fna, histoire d\u2019une renaissance\u00a0\u00bb, \u00ab\u00a0Rahba Jema\u00e2 Fna, le plus grand port sec du Continent avant sa mutation en plus c\u00e9l\u00e8bres de ses places\u00a0\u00bb, \u00ab\u00a0photographies sur l\u2019histoire de la place\u00a0\u00bb, \u00ab\u00a01922-2001\/2008 corpus juridique et l\u00e9gal de la place\u00a0\u00bb et \u00ab\u00a0l\u2019\u00eatre circulaire de la halqa Ssi Mohamed Bariz\u00a0\u00bb.<\/p>\n<p>Ce num\u00e9ro traite \u00e9galement de la \u00ab\u00a0pr\u00e9sence plastique \u00e0 Jema\u00e2 Fna en mai 1969\u00a0\u00bb, \u00ab\u00a0l\u2019agence Bank Al Maghrib de la place Jema\u00e2 Fna, un bijou d\u2019architecture n\u00e9o-mauresque\u00a0\u00bb, \u00ab\u00a0la l\u00e9gende des origines et l\u2019origine de la l\u00e9gende\u00a0\u00bb, \u00ab\u00a0Al Omrane\u00a0: Une approche multidisciplinaire\u00a0\u00bb, \u00ab\u00a0Jema\u00e2 Fna-expos\u00e9 du point de vue de l\u2019association Al Muniya de Marrakech\u00a0\u00bb, et des \u00ab\u00a0M\u00e9moires d\u2019hier, d\u2019aujourd\u2019hui et de demain\u00a0\u00bb.<\/p>\n<p>Dans son article introductif, Ja\u00e2far Kansoussi, le co-fondateur de cette revue consacr\u00e9e \u00e0 l\u2019\u00e9tude du patrimoine de Marrakech et de sa r\u00e9gion, souligne que \u00ab\u00a0depuis des si\u00e8cles, Jema\u00e2 Fna f\u00fbt le creuset des populations locales\u00a0\u00bb, notant que les savoirs du Livre y c\u00f4toyaient la culture orale, les citadins, les transhumants.<\/p>\n<p>Dans la foul\u00e9e, il a fait part de sa fiert\u00e9 que deux projets in\u00e9dits soient en pr\u00e9paration concernant Jema\u00e2 Fna \u00e0 savoir : Un mus\u00e9e qui serait d\u00e9di\u00e9 au patrimoine immat\u00e9riel et l\u2019autre \u00e0 la r\u00e9habilitation de l\u2019ensemble de la Place.<\/p>\n<p>\u00ab\u00a0Certes un traitement urbanistique minimal qui effacerait l\u2019ill\u00e9gal est hautement souhaitable, mais il reste que la place r\u00e9clame surtout une ing\u00e9nierie culturelle, un renouvellement de ce pouvoir de fascination dont elle a le secret et cette qu\u00eate de sens dont elle nous gratifia\u00a0\u00bb, \u00e9crit-il.<\/p>\n<p>Et de conclure que la dramatique p\u00e9riode de cette pand\u00e9mie ne permet-elle pas de r\u00e9fl\u00e9chir \u00e0 la revivification de la place, premi\u00e8rement sa lib\u00e9ration, sa reconqu\u00eate.<\/p>\n<p>\u00ab\u00a0Le Bulletin du Patrimoine de Marrakech et de sa r\u00e9gion\u00a0\u00bb est une revue semestrielle, qui est publi\u00e9e par l\u2019association Al-Muniya de Marrakech, le Mus\u00e9e de la Musique Mouassine de Marrakech et la Maison de la Photographie de la cit\u00e9 ocre.<\/p>\n<\/div>\n<p>Auteur: Meriem IGASS<br \/>\n<a href=\"http:\/\/www.mapmarrakech.ma\/fr\/une-revue-scientifique-et-historique-consacre-son-3e-numero-a-jemaa-fna\/\">Cliquez ici pour lire l&rsquo;article depuis sa source.<\/a><\/p>\n","protected":false},"excerpt":{"rendered":"<p>Marrakech \u2013 La Revue scientifique, artistique et historique \u00ab\u00a0Le Bulletin du Patrimoine de Marrakech et de sa r\u00e9gion\u00a0\u00bb a consacr\u00e9 son troisi\u00e8me num\u00e9ro \u00e0 la mythique Place Jema\u00e2 Fna. Des chercheurs, des artistes et \u00e9crivains de renomm\u00e9e, tels que Jaafar Kansoussi, Patrick Manach, Ghislaine Meffre, Abu abdilah Aknsouss, Imane Achraf, Mohamed Amine Al Fathi, Mohamed [&hellip;]<\/p>\n","protected":false},"author":1788,"featured_media":0,"comment_status":"closed","ping_status":"closed","sticky":false,"template":"","format":"standard","meta":{"fifu_image_url":"","fifu_image_alt":"","footnotes":""},"categories":[54,76],"tags":[],"class_list":["post-110968","post","type-post","status-publish","format-standard","hentry","category-maroc","category-regions"],"_links":{"self":[{"href":"https:\/\/linitiative.ca\/International\/wp-json\/wp\/v2\/posts\/110968","targetHints":{"allow":["GET"]}}],"collection":[{"href":"https:\/\/linitiative.ca\/International\/wp-json\/wp\/v2\/posts"}],"about":[{"href":"https:\/\/linitiative.ca\/International\/wp-json\/wp\/v2\/types\/post"}],"author":[{"embeddable":true,"href":"https:\/\/linitiative.ca\/International\/wp-json\/wp\/v2\/users\/1788"}],"replies":[{"embeddable":true,"href":"https:\/\/linitiative.ca\/International\/wp-json\/wp\/v2\/comments?post=110968"}],"version-history":[{"count":0,"href":"https:\/\/linitiative.ca\/International\/wp-json\/wp\/v2\/posts\/110968\/revisions"}],"wp:attachment":[{"href":"https:\/\/linitiative.ca\/International\/wp-json\/wp\/v2\/media?parent=110968"}],"wp:term":[{"taxonomy":"category","embeddable":true,"href":"https:\/\/linitiative.ca\/International\/wp-json\/wp\/v2\/categories?post=110968"},{"taxonomy":"post_tag","embeddable":true,"href":"https:\/\/linitiative.ca\/International\/wp-json\/wp\/v2\/tags?post=110968"}],"curies":[{"name":"wp","href":"https:\/\/api.w.org\/{rel}","templated":true}]}}