{"id":110969,"date":"2021-02-10T11:39:58","date_gmt":"2021-02-10T16:39:58","guid":{"rendered":"https:\/\/linitiative.ca\/International\/la-fondation-jardin-majorelle-sequipe-en-motos-electriques\/"},"modified":"2021-02-10T11:39:58","modified_gmt":"2021-02-10T16:39:58","slug":"la-fondation-jardin-majorelle-sequipe-en-motos-electriques","status":"publish","type":"post","link":"https:\/\/linitiative.ca\/International\/la-fondation-jardin-majorelle-sequipe-en-motos-electriques\/","title":{"rendered":"La Fondation Jardin Majorelle s\u2019\u00e9quipe en motos \u00e9lectriques"},"content":{"rendered":"<div readability=\"35\">\n<p>Marrakech \u2013 La Fondation Jardin Majorelle a \u00e9quip\u00e9 son personnel en motocyclettes \u00e9lectriques, illustrant ainsi sa volont\u00e9 de s\u2019inscrire dans une strat\u00e9gie \u00e9cologique saine et durable visant \u00e0 sensibiliser fortement sur la pollution engendr\u00e9e par l\u2019usage de v\u00e9hicules thermiques.<\/p>\n<\/div>\n<div readability=\"69\">\n<p>Fruit d\u2019un partenariat avec la soci\u00e9t\u00e9 de mobilit\u00e9 propre et durable EMOB, ce projet a permis \u00e0 la Fondation Jardin Majorelle de subventionner l\u2019acquisition de ces motocyclettes non polluantes, a expliqu\u00e9 la Fondation dans un communiqu\u00e9.<\/p>\n<p>Ainsi, une cinquantaine de motos \u00e9lectriques ont \u00e9t\u00e9 distribu\u00e9es au personnel de la Soci\u00e9t\u00e9 Jardin Majorelle et circuleront prochainement dans les art\u00e8res de la cit\u00e9 ocre, a relev\u00e9 la m\u00eame source, ajoutant que ces motos constitueront un mod\u00e8le \u00e0 suivre en termes de d\u00e9veloppement durable.<\/p>\n<p>\u00ab\u00a0Ce partenariat avec Emob a pour objectif de sensibiliser nos \u00e9quipes sur l\u2019importance de prendre soin de notre environnement et de notre ville\u00a0\u00bb, a soulign\u00e9 M. Madison Cox, Pr\u00e9sident de la Fondation Jardin Majorelle, exprimant le souhait que cette initiative \u00ab\u00a0ait une influence positive sur d\u2019autres personnes et stimule le respect de notre environnement\u00a0\u00bb.<\/p>\n<p>De son c\u00f4t\u00e9, M. Hamza El Baroudi, Pr\u00e9sident de EMOB, a exprim\u00e9 ses remerciements \u00e0 la Fondation Jardin Majorelle pour cet \u00ab\u00a0exemple effectif\u00a0\u00bb d\u2019engagement en faveur de l\u2019environnement, rappelant que cette distribution de motos \u00e9lectriques est la deuxi\u00e8me plus grande op\u00e9ration dans la r\u00e9gion Marrakech Safi, succ\u00e9dant \u00e0 celle men\u00e9e en 2019 par la Wilaya de Marrakech- Safi.<\/p>\n<p>La motocyclette, rappelle-t-on, est un mode de transport qui constitue une part assez importante du trafic routier \u00e0 Marrakech, avec un parc estim\u00e9 \u00e0 des centaines de milliers de motos circulant quotidiennement dans les art\u00e8res de la cit\u00e9 ocre.<\/p>\n<\/div>\n<p>Auteur: Meriem IGASS<br \/>\n<a href=\"http:\/\/www.mapmarrakech.ma\/fr\/la-fondation-jardin-majorelle-sequipe-en-motos-electriques\/\">Cliquez ici pour lire l&rsquo;article depuis sa source.<\/a><\/p>\n","protected":false},"excerpt":{"rendered":"<p>Marrakech \u2013 La Fondation Jardin Majorelle a \u00e9quip\u00e9 son personnel en motocyclettes \u00e9lectriques, illustrant ainsi sa volont\u00e9 de s\u2019inscrire dans une strat\u00e9gie \u00e9cologique saine et durable visant \u00e0 sensibiliser fortement sur la pollution engendr\u00e9e par l\u2019usage de v\u00e9hicules thermiques. Fruit d\u2019un partenariat avec la soci\u00e9t\u00e9 de mobilit\u00e9 propre et durable EMOB, ce projet a permis [&hellip;]<\/p>\n","protected":false},"author":1788,"featured_media":0,"comment_status":"closed","ping_status":"closed","sticky":false,"template":"","format":"standard","meta":{"fifu_image_url":"","fifu_image_alt":"","footnotes":""},"categories":[54,76],"tags":[],"class_list":["post-110969","post","type-post","status-publish","format-standard","hentry","category-maroc","category-regions"],"_links":{"self":[{"href":"https:\/\/linitiative.ca\/International\/wp-json\/wp\/v2\/posts\/110969","targetHints":{"allow":["GET"]}}],"collection":[{"href":"https:\/\/linitiative.ca\/International\/wp-json\/wp\/v2\/posts"}],"about":[{"href":"https:\/\/linitiative.ca\/International\/wp-json\/wp\/v2\/types\/post"}],"author":[{"embeddable":true,"href":"https:\/\/linitiative.ca\/International\/wp-json\/wp\/v2\/users\/1788"}],"replies":[{"embeddable":true,"href":"https:\/\/linitiative.ca\/International\/wp-json\/wp\/v2\/comments?post=110969"}],"version-history":[{"count":0,"href":"https:\/\/linitiative.ca\/International\/wp-json\/wp\/v2\/posts\/110969\/revisions"}],"wp:attachment":[{"href":"https:\/\/linitiative.ca\/International\/wp-json\/wp\/v2\/media?parent=110969"}],"wp:term":[{"taxonomy":"category","embeddable":true,"href":"https:\/\/linitiative.ca\/International\/wp-json\/wp\/v2\/categories?post=110969"},{"taxonomy":"post_tag","embeddable":true,"href":"https:\/\/linitiative.ca\/International\/wp-json\/wp\/v2\/tags?post=110969"}],"curies":[{"name":"wp","href":"https:\/\/api.w.org\/{rel}","templated":true}]}}