{"id":110970,"date":"2021-02-10T12:06:51","date_gmt":"2021-02-10T17:06:51","guid":{"rendered":"https:\/\/linitiative.ca\/International\/patrimoine-communal-lancement-de-la-mission-daudit-interne\/"},"modified":"2021-02-10T12:06:51","modified_gmt":"2021-02-10T17:06:51","slug":"patrimoine-communal-lancement-de-la-mission-daudit-interne","status":"publish","type":"post","link":"https:\/\/linitiative.ca\/International\/patrimoine-communal-lancement-de-la-mission-daudit-interne\/","title":{"rendered":"Patrimoine communal: Lancement de la mission d\u2019audit interne"},"content":{"rendered":"<div readability=\"35\">\n<p>Essaouira \u2013 Une r\u00e9union consacr\u00e9e au lancement de la premi\u00e8re mission d\u2019audit interne concernant la gestion du patrimoine communal d\u2019Essaouira a \u00e9t\u00e9 tenue, r\u00e9cemment au si\u00e8ge de la Commune.<\/p>\n<\/div>\n<div readability=\"98\">\n<p>Cette mission s\u2019inscrit dans le cadre du projet de mise en \u0153uvre de la fonction d\u2019audit interne au sein des Communes, pilot\u00e9 par le minist\u00e8re de l\u2019Int\u00e9rieur.<\/p>\n<p>La r\u00e9union a \u00e9t\u00e9 l\u2019occasion de mettre en relief l\u2019importance de l\u2019audit interne en tant qu\u2019outil indispensable pour la ma\u00eetrise des risques et l\u2019am\u00e9lioration de la gestion communale, et levier de croissance de la performance des Collectivit\u00e9s Territoriales.<\/p>\n<p>Intervenant \u00e0 cette occasion, le pr\u00e9sident du Conseil communal d\u2019Essaouira, Hicham Jebbari, a indiqu\u00e9 que le chantier de promotion de l\u2019audit interne au sein des Communes s\u2019inscrit dans le cadre de la mise en \u0153uvre des dispositions de la Constitution et intervient dans le sillage des mutations profondes que conna\u00eet le syst\u00e8me de gestion publique dans le Royaume, ajoutant que cet outil constitue l\u2019un des \u00e9l\u00e9ments majeurs pour la concr\u00e9tisation de la bonne gouvernance \u00e0 laquelle, un Titre particulier a \u00e9t\u00e9 consacr\u00e9 dans la Loi fondamentale, qui stipule que les services publics sont soumis aux obligations de contr\u00f4le et d\u2019\u00e9valuation et aux normes de reddition des comptes et de responsabilit\u00e9.<\/p>\n<p>Il a soulign\u00e9 que dans le cadre du renforcement du processus d\u00e9mocratique du Maroc et afin que la r\u00e9gionalisation avanc\u00e9e soit un levier du d\u00e9veloppement territorial, les comp\u00e9tences et attributions des collectivit\u00e9s territoriales ont \u00e9t\u00e9 \u00e9largies avec la r\u00e9duction de la tutelle et du contr\u00f4le \u00e0 priori, relevant que c\u2019est pour cette raison qu\u2019il est devenu important d\u2019adopter les m\u00e9canismes de contr\u00f4le interne, tels que l\u2019audit interne qui se veut un instrument visant \u00e0 aider les responsables de la gestion de la chose locale \u00e0 \u00e9valuer le degr\u00e9 de r\u00e9ponse des programmes aux besoins de la population en mati\u00e8re de services publics.<\/p>\n<p>M. Jebbari a, en outre, not\u00e9 que l\u2019audit interne se veut un important m\u00e9canisme pour immuniser l\u2019action des Collectivit\u00e9s territoriales contre toute d\u00e9rive, surtout que les missions d\u2019accompagnement effectu\u00e9es par l\u2019Inspection G\u00e9n\u00e9rale de l\u2019Administration Territoriale (IGAT) ont conclu que les dysfonctionnements qu\u2019enregistrent ces collectivit\u00e9s ne sont pas de mauvaise foi, mais sont dus essentiellement au manque de connaissance de l\u2019arsenal juridique encadrant leur travail.<\/p>\n<p>Dans ce sens, il a relev\u00e9 que l\u2019audit interne, aussi bien en ce qui concerne la bonne gouvernance que la promotion de la culture de la transparence et du partage des informations et des indicateurs, requiert aujourd\u2019hui une nouvelle vision de la gestion communale, fond\u00e9e sur l\u2019int\u00e9gration de l\u2019audit interne dans l\u2019op\u00e9ration de gestion des Communes.<\/p>\n<p>Rappelant que le minist\u00e8re de l\u2019Int\u00e9rieur, avec toutes ses composantes, veille \u00e0 accompagner ce chantier par la formation et le renforcement des capacit\u00e9s, M. Jebbari a affirm\u00e9 que la mission de l\u2019audit du patrimoine communal constitue un choix th\u00e9matique de grande importance, eu \u00e9gard \u00e0 la place centrale qu\u2019occupe ce patrimoine dans la prise de d\u00e9cisions en termes de d\u00e9veloppement \u00e0 l\u2019\u00e9chelle locale.<\/p>\n<p>Il a, dans ce sens, not\u00e9 que le patrimoine communal d\u2019Essaouira demeure un pilier essentiel pour la r\u00e9alisation du d\u00e9veloppement escompt\u00e9.<\/p>\n<p>M. Jebbari a, en conclusion, appel\u00e9 l\u2019ensemble des cadres et des chefs des divisions et des services de la Commune d\u2019Essaouira \u00e0 s\u2019inscrire pleinement dans ce chantier strat\u00e9gique, au vu de son importance majeure et de sa relation \u00e9troite avec la gestion optimale et efficace de la chose locale.<\/p>\n<\/div>\n<p>Auteur: Meriem IGASS<br \/>\n<a href=\"http:\/\/www.mapmarrakech.ma\/fr\/gestion-du-patrimoine-communal-lancement-de-la-mission-daudit-interne\/\">Cliquez ici pour lire l&rsquo;article depuis sa source.<\/a><\/p>\n","protected":false},"excerpt":{"rendered":"<p>Essaouira \u2013 Une r\u00e9union consacr\u00e9e au lancement de la premi\u00e8re mission d\u2019audit interne concernant la gestion du patrimoine communal d\u2019Essaouira a \u00e9t\u00e9 tenue, r\u00e9cemment au si\u00e8ge de la Commune. Cette mission s\u2019inscrit dans le cadre du projet de mise en \u0153uvre de la fonction d\u2019audit interne au sein des Communes, pilot\u00e9 par le minist\u00e8re de [&hellip;]<\/p>\n","protected":false},"author":1788,"featured_media":0,"comment_status":"closed","ping_status":"closed","sticky":false,"template":"","format":"standard","meta":{"fifu_image_url":"","fifu_image_alt":"","footnotes":""},"categories":[54,76],"tags":[],"class_list":["post-110970","post","type-post","status-publish","format-standard","hentry","category-maroc","category-regions"],"_links":{"self":[{"href":"https:\/\/linitiative.ca\/International\/wp-json\/wp\/v2\/posts\/110970","targetHints":{"allow":["GET"]}}],"collection":[{"href":"https:\/\/linitiative.ca\/International\/wp-json\/wp\/v2\/posts"}],"about":[{"href":"https:\/\/linitiative.ca\/International\/wp-json\/wp\/v2\/types\/post"}],"author":[{"embeddable":true,"href":"https:\/\/linitiative.ca\/International\/wp-json\/wp\/v2\/users\/1788"}],"replies":[{"embeddable":true,"href":"https:\/\/linitiative.ca\/International\/wp-json\/wp\/v2\/comments?post=110970"}],"version-history":[{"count":0,"href":"https:\/\/linitiative.ca\/International\/wp-json\/wp\/v2\/posts\/110970\/revisions"}],"wp:attachment":[{"href":"https:\/\/linitiative.ca\/International\/wp-json\/wp\/v2\/media?parent=110970"}],"wp:term":[{"taxonomy":"category","embeddable":true,"href":"https:\/\/linitiative.ca\/International\/wp-json\/wp\/v2\/categories?post=110970"},{"taxonomy":"post_tag","embeddable":true,"href":"https:\/\/linitiative.ca\/International\/wp-json\/wp\/v2\/tags?post=110970"}],"curies":[{"name":"wp","href":"https:\/\/api.w.org\/{rel}","templated":true}]}}