{"id":110971,"date":"2021-02-10T12:16:32","date_gmt":"2021-02-10T17:16:32","guid":{"rendered":"https:\/\/linitiative.ca\/International\/giz-cluster-menara-partenariat-pour-la-creation-dune-halle-technologique\/"},"modified":"2021-02-10T12:16:32","modified_gmt":"2021-02-10T17:16:32","slug":"giz-cluster-menara-partenariat-pour-la-creation-dune-halle-technologique","status":"publish","type":"post","link":"https:\/\/linitiative.ca\/International\/giz-cluster-menara-partenariat-pour-la-creation-dune-halle-technologique\/","title":{"rendered":"GIZ\/Cluster Menara: Partenariat pour la cr\u00e9ation d\u2019une halle technologique"},"content":{"rendered":"<div readability=\"39\">\n<p>Marrakech \u2013 L\u2019agence de coop\u00e9ration internationale allemande pour le d\u00e9veloppement (GIZ) et le Cluster Menara, sp\u00e9cialis\u00e9 dans les industries agroalimentaire et cosm\u00e9tique de luxe ont sign\u00e9, mercredi \u00e0 Marrakech, une convention de partenariat pour la cr\u00e9ation d\u2019une halle technologique (centre d\u2019innovation) d\u00e9di\u00e9e \u00e0 l\u2019industrie agroalimentaire et cosm\u00e9tique, impl\u00e9ment\u00e9e au sein de la Cit\u00e9 de l\u2019Innovation de l\u2019Universit\u00e9 Cadi Ayyad (UCA).<\/p>\n<\/div>\n<div readability=\"167\">\n<p>Sign\u00e9 par la cheffe business desk du projet programme \u00ab\u00a0Partenariat pour l\u2019emploi et Appui aux moyennes entreprises au Maroc\u00a0\u00bb (PPE) de la GIZ, Mme Antje Uhlig et le pr\u00e9sident du Cluster Menara, Youssef Mouhyi, cet accord de partenariat vise \u00e0 offrir une plateforme technologique qui va permettre aux membres du cluster de venir tester leurs produits et continuer \u00e0 se former afin d\u2019\u00eatre en mesure de cr\u00e9er de nouveaux produits de haut standard, leur permettant d\u2019acc\u00e9der aux nouveaux march\u00e9s en Europe et en Afrique.<\/p>\n<p>\u00ab\u00a0C\u2019est un projet pilote lanc\u00e9 dans le cadre de l\u2019initiative \u00ab\u00a0Invest for Jobs\u00a0\u00bb (L\u2019Initiative sp\u00e9ciale Formation et emploi) de la GIZ, qui est d\u00e9di\u00e9 aux secteurs de l\u2019agroalimentaire et du biocosm\u00e9tique, dans le but de soutenir le Cluster Menara et d\u2019\u00e9tablir deux laboratoires pour promouvoir et hisser la qualit\u00e9 des produits des entreprises selon des standards \u00e9lev\u00e9s\u00a0\u00bb, a soulign\u00e9 Mme Uhlig lors de la c\u00e9r\u00e9monie de signature de cette convention de partenariat.<\/p>\n<p>Cette halle technologique permettra par exemple d\u2019entamer de nouveaux moyens d\u2019emballage et d\u2019effectuer des analyses bio au sein de ces deux laboratoires, a-t-elle expliqu\u00e9, relevant que la GIZ aspire \u00e0 ce que ce projet profite \u00e0 un grand nombre d\u2019entreprises \u00e0 travers une expertise technique profonde, afin que ces PME soient capables de produire selon un haut standard pour \u00eatre en mesure d\u2019acc\u00e9der aux nouveaux march\u00e9s en Europe et en Afrique.<\/p>\n<p>De son c\u00f4t\u00e9, M. Mouhyi s\u2019est r\u00e9joui de la signature de cette convention, \u00ab\u00a0qui rev\u00eat un caract\u00e8re strat\u00e9gique pour les secteurs agroalimentaire et cosm\u00e9tique\u00a0\u00bb, faisant savoir que ce partenariat constitue l\u2019aboutissement de cinq ans de travail et de maturit\u00e9 de ce r\u00e9seau professionnel,\u00a0sp\u00e9cialis\u00e9 dans les industries agroalimentaire et cosm\u00e9tique de luxe, qui agr\u00e8ge plus de 70 entreprises, institutionnels, ONGs et centres de recherches et de formation.<\/p>\n<p>\u00ab\u00a0Le Cluster Menara a scell\u00e9 une collaboration strat\u00e9gique avec la GIZ qui a abouti \u00e0 la cr\u00e9ation d\u2019un centre africain d\u2019innovation dans l\u2019agroalimentaire et les cosm\u00e9tiques\u00a0\u00bb, a-t-il insist\u00e9, relevant que cette convention repr\u00e9sente une chance importante qui s\u2019offre au cluster gr\u00e2ce \u00e0 l\u2019universit\u00e9 Cadi Ayyad qui a permis d\u2019impl\u00e9menter cette halle technologique dans la Cit\u00e9 de l\u2019innovation.<\/p>\n<p>\u00ab\u00a0La signature de cette convention traduit la volont\u00e9 des entreprises marocaines de s\u2019ouvrir \u00e0 nos partenaires africains conform\u00e9ment\u00a0\u00e0 la vision \u00e9clair\u00e9e de SM le Roi Mohammed VI\u00a0\u00bb, a-t-il ajout\u00e9, assurant que les impacts positifs des activit\u00e9s men\u00e9es aupr\u00e8s des membres seront palpables et t\u00e9moigneront du succ\u00e8s de cette coop\u00e9ration.<\/p>\n<p>Pour sa part, Mohamed Tounassi, Conseiller agroalimentaire du programme PPE, a tenu \u00e0 souligner que la GIZ vient soutenir ce cluster pour la cr\u00e9ation d\u2019une halle technologique qui va \u00eatre impl\u00e9ment\u00e9e au sein de la cit\u00e9 d\u2019innovation de l\u2019UCA de Marrakech, relevant que ce centre d\u2019innovation va abriter tout un mat\u00e9riel qui va servir \u00e0 former les entrepreneurs de la r\u00e9gion aux m\u00e9tiers de l\u2019agroalimentaire.<\/p>\n<ol>\n<li>Tounassi a \u00e9mis le souhait que ce projet soit dupliqu\u00e9 dans les autres r\u00e9gions du Maroc.<\/li>\n<\/ol>\n<p>Le minist\u00e8re f\u00e9d\u00e9ral allemand de la Coop\u00e9ration \u00e9conomique et du D\u00e9veloppement (BMZ) a rassembl\u00e9 sous la marque \u00ab\u00a0Invest for Jobs\u00a0\u00bb une s\u00e9rie d\u2019offres pour soutenir les PME dans leur engagement en faveur de l\u2019emploi en Afrique.<\/p>\n<p>L\u2019Initiative sp\u00e9ciale Formation et emploi (tel est le titre officiel) propose aux PME un conseil complet, des contacts et un soutien financier pour \u00e9liminer les obstacles aux investissements afin de cr\u00e9er des emplois et places de formation dans les pays partenaires et d\u2019y am\u00e9liorer les conditions de travail.<\/p>\n<p>La GIZ op\u00e8re au Maroc depuis 1975 pour le compte de la BMZ. Elle intervient \u00e9galement dans des proportions croissantes au Royaume pour le compte d\u2019autres commettants, tels que le minist\u00e8re f\u00e9d\u00e9ral de l\u2019Environnement, de la Protection de la Nature et de la S\u00fbret\u00e9 nucl\u00e9aire (BMU), le minist\u00e8re f\u00e9d\u00e9ral des Affaires \u00e9trang\u00e8res (AA), le minist\u00e8re f\u00e9d\u00e9ral de l\u2019\u00c9conomie et de l\u2019\u00c9nergie (BMWE), l\u2019Union europ\u00e9enne et des entreprises marocaines.<\/p>\n<p>Agissant pour le compte du gouvernement f\u00e9d\u00e9ral allemand, la GIZ aide le Maroc \u00e0 promouvoir la cr\u00e9ation et la pr\u00e9servation d\u2019emplois, en particulier en soutenant les tr\u00e8s petites, petites et moyennes entreprises de m\u00eame que l\u2019emploi des jeunes.<\/p>\n<p>Dans le domaine de l\u2019utilisation et gestion des ressources en eau, la GIZ aide les institutions en charge de la gestion de l\u2019eau \u00e0 optimiser leurs comp\u00e9tences pour une exploitation int\u00e9gr\u00e9e des ressources hydriques dans le Royaume.<\/p>\n<p>Dans le but de permettre une meilleure mobilisation de ces potentiels, la GIZ pr\u00eate appui au Maroc par ordre et pour compte du gouvernement f\u00e9d\u00e9ral allemand en vue de l\u2019introduction d\u2019un mod\u00e8le de d\u00e9veloppement garantissant une production et un approvisionnement \u00e9nerg\u00e9tiques durables.<\/p>\n<p>La GIZ accompagne les partenaires marocains dans le processus d\u2019adoption d\u2019un mod\u00e8le de d\u00e9veloppement permettant de minimiser les impacts n\u00e9gatifs pour le climat et l\u2019environnement et de prendre des mesures pr\u00e9ventives face au changement climatique.<\/p>\n<p>Par ailleurs, la GIZ pr\u00eate appui aux partenaires marocains sur diff\u00e9rents th\u00e8mes tels que l\u2019\u00e9galit\u00e9 entre les sexes, les droits humains, la d\u00e9centralisation et l\u2019am\u00e9lioration du dialogue citoyen.<\/p>\n<p>Reconnu comme un dispositif incontournable, le Cluster Menara continue d\u2019\u0153uvrer pour le co-d\u00e9veloppement, la cr\u00e9ation de startups et l\u2019investissement dans les industries agroalimentaire et cosm\u00e9tique de luxe marocaines.<\/p>\n<p>En 2019, il a lanc\u00e9 le premier \u00e9cosyst\u00e8me territorial du Maroc qui englobe toute la valorisation de la cha\u00eene des Plantes Aromatiques et M\u00e9dicinales : \u00ab\u00a0le Marrakech, Health et Beauty Valley\u00a0\u00bb.<\/p>\n<p>Le r\u00e9seau vise \u00e0 f\u00e9d\u00e9rer l\u2019ensemble des acteurs des deux fili\u00e8res, notamment les industriels, les universit\u00e9s et les pouvoirs publics r\u00e9gionaux, autour d\u2019une vision commune de l\u2019innovation, \u00e0 assumer un r\u00f4le de chef de file en r\u00e9seautage qui g\u00e9n\u00e8re la signature de partenariats avec diff\u00e9rents types de structures nationales et internationales, \u00e0 faire conna\u00eetre l\u2019industrie agroalimentaire et cosm\u00e9tique de luxe marocaine, \u00e0 promouvoir la croissance des industries agroalimentaire et cosm\u00e9tique de luxe au Maroc, \u00e0 internationaliser l\u2019entreprise marocaine notamment par l\u2019interclustering et \u00e0 fournir des statistiques pertinentes afin d\u2019identifier les tendances \u00e9conomiques et socio-\u00e9conomiques.<\/p>\n<p>Ce cluster aspire \u00e0 devenir la plateforme d\u2019atterrissage privil\u00e9gi\u00e9e des investisseurs \u00e9trangers et de d\u00e9veloppement de projets innovants, qui jouent un r\u00f4le moteur dans le d\u00e9veloppement de l\u2019attractivit\u00e9 du territoire du r\u00e9seau.<\/p>\n<\/div>\n<p>Auteur: Meriem IGASS<br \/>\n<a href=\"http:\/\/www.mapmarrakech.ma\/fr\/giz-cluster-menara-partenariat-pour-la-creation-dune-halle-technologique\/\">Cliquez ici pour lire l&rsquo;article depuis sa source.<\/a><\/p>\n","protected":false},"excerpt":{"rendered":"<p>Marrakech \u2013 L\u2019agence de coop\u00e9ration internationale allemande pour le d\u00e9veloppement (GIZ) et le Cluster Menara, sp\u00e9cialis\u00e9 dans les industries agroalimentaire et cosm\u00e9tique de luxe ont sign\u00e9, mercredi \u00e0 Marrakech, une convention de partenariat pour la cr\u00e9ation d\u2019une halle technologique (centre d\u2019innovation) d\u00e9di\u00e9e \u00e0 l\u2019industrie agroalimentaire et cosm\u00e9tique, impl\u00e9ment\u00e9e au sein de la Cit\u00e9 de l\u2019Innovation [&hellip;]<\/p>\n","protected":false},"author":1788,"featured_media":0,"comment_status":"closed","ping_status":"closed","sticky":false,"template":"","format":"standard","meta":{"fifu_image_url":"","fifu_image_alt":"","footnotes":""},"categories":[54,76],"tags":[],"class_list":["post-110971","post","type-post","status-publish","format-standard","hentry","category-maroc","category-regions"],"_links":{"self":[{"href":"https:\/\/linitiative.ca\/International\/wp-json\/wp\/v2\/posts\/110971","targetHints":{"allow":["GET"]}}],"collection":[{"href":"https:\/\/linitiative.ca\/International\/wp-json\/wp\/v2\/posts"}],"about":[{"href":"https:\/\/linitiative.ca\/International\/wp-json\/wp\/v2\/types\/post"}],"author":[{"embeddable":true,"href":"https:\/\/linitiative.ca\/International\/wp-json\/wp\/v2\/users\/1788"}],"replies":[{"embeddable":true,"href":"https:\/\/linitiative.ca\/International\/wp-json\/wp\/v2\/comments?post=110971"}],"version-history":[{"count":0,"href":"https:\/\/linitiative.ca\/International\/wp-json\/wp\/v2\/posts\/110971\/revisions"}],"wp:attachment":[{"href":"https:\/\/linitiative.ca\/International\/wp-json\/wp\/v2\/media?parent=110971"}],"wp:term":[{"taxonomy":"category","embeddable":true,"href":"https:\/\/linitiative.ca\/International\/wp-json\/wp\/v2\/categories?post=110971"},{"taxonomy":"post_tag","embeddable":true,"href":"https:\/\/linitiative.ca\/International\/wp-json\/wp\/v2\/tags?post=110971"}],"curies":[{"name":"wp","href":"https:\/\/api.w.org\/{rel}","templated":true}]}}