{"id":110972,"date":"2021-02-10T13:09:26","date_gmt":"2021-02-10T18:09:26","guid":{"rendered":"https:\/\/linitiative.ca\/International\/covid-19-564-nouveaux-cas-et-746-116-personnes-vaccinees\/"},"modified":"2021-02-10T13:09:26","modified_gmt":"2021-02-10T18:09:26","slug":"covid-19-564-nouveaux-cas-et-746-116-personnes-vaccinees","status":"publish","type":"post","link":"https:\/\/linitiative.ca\/International\/covid-19-564-nouveaux-cas-et-746-116-personnes-vaccinees\/","title":{"rendered":"Covid-19: 564 nouveaux cas et 746.116 personnes vaccin\u00e9es"},"content":{"rendered":"<div readability=\"38\">\n<p>Un total de 564 nouveaux cas d\u2019infection au coronavirus et de 719 gu\u00e9risons a \u00e9t\u00e9 enregistr\u00e9 au cours des derni\u00e8res 24 heures au Maroc, a annonc\u00e9, mercredi, le minist\u00e8re de la Sant\u00e9, soulignant que 746.116 personnes ont \u00e9t\u00e9 vaccin\u00e9es jusqu\u2019\u00e0 ce jour.<\/p>\n<\/div>\n<div readability=\"72\">\n<p>Le nouveau bilan porte \u00e0 476.689 le nombre total des contaminations depuis le premier cas signal\u00e9 en mars dernier et \u00e0 456.751 celui des personnes r\u00e9tablies, soit un taux de gu\u00e9rison de 95,8 %, a pr\u00e9cis\u00e9 le minist\u00e8re dans son bulletin quotidien sur la situation de la Covid-19.<\/p>\n<p>Le nombre total des d\u00e9c\u00e8s est pass\u00e9 \u00e0 8.436, avec 12 nouveaux cas recens\u00e9s en 24 heures, soit un taux de l\u00e9talit\u00e9 de 1,8%, a relev\u00e9 la m\u00eame source.<\/p>\n<p>Pour les cas de d\u00e9c\u00e8s, 5 ont \u00e9t\u00e9 enregistr\u00e9s dans la r\u00e9gion de Casablanca-Settat, 3 \u00e0 Rabat-Sal\u00e9-K\u00e9nitra, 2 \u00e0 Marrakech-Safi, 1 \u00e0 Tanger-T\u00e9touan-Al Hoceima et 1 \u00e0 Dar\u00e2a-Tafilalet.<\/p>\n<p>Les nouveaux cas de contamination ont \u00e9t\u00e9 recens\u00e9s dans les r\u00e9gions de Casablanca-Settat (220), Rabat-Sal\u00e9-K\u00e9nitra (96), Tanger-T\u00e9touan-Al Hoceima (64), l\u2019Oriental (57), Souss-Massa (42), Marrakech-Safi (23), Beni Mellal-Kh\u00e9nifra (16), La\u00e2youne-Sakia Al Hamra (11), Dr\u00e2a-Tafilalet (11), Dakhla-Oued Eddahab (10), F\u00e8s-Mekn\u00e8s (10) et Gu\u00e9lmim-Oued Noun (04).<\/p>\n<p>Le nombre des cas actifs s\u2019\u00e9l\u00e8ve \u00e0 11.502, alors que les cas s\u00e9v\u00e8res ou critiques sont au nombre de 541, dont 41 plac\u00e9s sous intubation, d\u2019apr\u00e8s le minist\u00e8re.<\/p>\n<\/div>\n<p>Auteur: Meriem IGASS<br \/>\n<a href=\"http:\/\/www.mapmarrakech.ma\/fr\/covid-19-564-nouveaux-cas-et-746-116-personnes-vaccinees\/\">Cliquez ici pour lire l&rsquo;article depuis sa source.<\/a><\/p>\n","protected":false},"excerpt":{"rendered":"<p>Un total de 564 nouveaux cas d\u2019infection au coronavirus et de 719 gu\u00e9risons a \u00e9t\u00e9 enregistr\u00e9 au cours des derni\u00e8res 24 heures au Maroc, a annonc\u00e9, mercredi, le minist\u00e8re de la Sant\u00e9, soulignant que 746.116 personnes ont \u00e9t\u00e9 vaccin\u00e9es jusqu\u2019\u00e0 ce jour. Le nouveau bilan porte \u00e0 476.689 le nombre total des contaminations depuis le [&hellip;]<\/p>\n","protected":false},"author":1788,"featured_media":0,"comment_status":"closed","ping_status":"closed","sticky":false,"template":"","format":"standard","meta":{"fifu_image_url":"","fifu_image_alt":"","footnotes":""},"categories":[54,76],"tags":[],"class_list":["post-110972","post","type-post","status-publish","format-standard","hentry","category-maroc","category-regions"],"_links":{"self":[{"href":"https:\/\/linitiative.ca\/International\/wp-json\/wp\/v2\/posts\/110972","targetHints":{"allow":["GET"]}}],"collection":[{"href":"https:\/\/linitiative.ca\/International\/wp-json\/wp\/v2\/posts"}],"about":[{"href":"https:\/\/linitiative.ca\/International\/wp-json\/wp\/v2\/types\/post"}],"author":[{"embeddable":true,"href":"https:\/\/linitiative.ca\/International\/wp-json\/wp\/v2\/users\/1788"}],"replies":[{"embeddable":true,"href":"https:\/\/linitiative.ca\/International\/wp-json\/wp\/v2\/comments?post=110972"}],"version-history":[{"count":0,"href":"https:\/\/linitiative.ca\/International\/wp-json\/wp\/v2\/posts\/110972\/revisions"}],"wp:attachment":[{"href":"https:\/\/linitiative.ca\/International\/wp-json\/wp\/v2\/media?parent=110972"}],"wp:term":[{"taxonomy":"category","embeddable":true,"href":"https:\/\/linitiative.ca\/International\/wp-json\/wp\/v2\/categories?post=110972"},{"taxonomy":"post_tag","embeddable":true,"href":"https:\/\/linitiative.ca\/International\/wp-json\/wp\/v2\/tags?post=110972"}],"curies":[{"name":"wp","href":"https:\/\/api.w.org\/{rel}","templated":true}]}}