{"id":110973,"date":"2021-02-09T17:23:30","date_gmt":"2021-02-09T22:23:30","guid":{"rendered":"https:\/\/linitiative.ca\/International\/les-demarches-en-cours-pour-le-lancement-du-bachelor-en-septembre-2021\/"},"modified":"2021-02-09T17:23:30","modified_gmt":"2021-02-09T22:23:30","slug":"les-demarches-en-cours-pour-le-lancement-du-bachelor-en-septembre-2021","status":"publish","type":"post","link":"https:\/\/linitiative.ca\/International\/les-demarches-en-cours-pour-le-lancement-du-bachelor-en-septembre-2021\/","title":{"rendered":"Les d\u00e9marches en cours pour le lancement du bachelor en septembre 2021"},"content":{"rendered":"<p class=\"c4\">Le ministre de l\u2019\u00c9ducation nationale, de la Formation professionnelle, de l\u2019Enseignement sup\u00e9rieur et de la Recherche scientifique, porte-parole du gouvernement, Saa\u00efd Amzazi\u00a0a indiqu\u00e9, mardi \u00e0 Rabat, que son d\u00e9partement \u0153uvre\u00a0pour la mise en application\u00a0du syst\u00e8me bachelor en septembre prochain.<\/p>\n<p class=\"c4\">R\u00e9pondant \u00e0 une question orale sur \u00ab\u00a0l\u2019offre en ressources humaines n\u00e9cessaires pour la r\u00e9ussite du syst\u00e8me bachelor\u00a0\u00bb \u00e0 la Chambre des conseillers, M. Amzazi a soulign\u00e9 que ce nouveau syst\u00e8me p\u00e9dagogique permettra de passer outre les limites de l\u2019ancien, notant que la loi-cadre sur la r\u00e9forme du syst\u00e8me d\u2019\u00e9ducation, de formation et de recherche scientifique offre des opportunit\u00e9s pour l\u2019ad\u00e9quation du syst\u00e8me p\u00e9dagogique national, avec les syst\u00e8mes internationaux.<\/p>\n<p class=\"c4\">Le responsable gouvernemental a relev\u00e9 qu\u2019apr\u00e8s avoir effectu\u00e9 une \u00e9valuation de l\u2019ancien mod\u00e8le, adopt\u00e9 par les universit\u00e9s marocaines depuis 2003 (licence-master-doctorat), le d\u00e9crochage universitaire et la frustration des \u00e9tudiants et enseignants furent constat\u00e9s, et pour cause notamment, l\u2019inad\u00e9quation du syst\u00e8me avec le march\u00e9 du travail.<\/p>\n<p class=\"c4\">L\u2019adoption de ce nouveau syst\u00e8me, qui \u00e9tait pr\u00e9vue pour cette ann\u00e9e universitaire, fut retard\u00e9e en raison de la conjoncture actuelle, marqu\u00e9e par la propagation de la Covid-19, a-t-il soulign\u00e9, ajoutant qu\u2019une approche graduelle et exp\u00e9rimentale a \u00e9t\u00e9 adopt\u00e9e, puisque 12 universit\u00e9s nationales ont exprim\u00e9 leur d\u00e9sir de s\u2019engager dans ce nouveau projet p\u00e9dagogique.<\/p>\n<p class=\"c4\">Enfin, M. Amzazi a mis en avant la n\u00e9cessit\u00e9 d\u2019\u00e9laborer un cahier des normes p\u00e9dagogiques, prenant en compte l\u2019aspect num\u00e9rique, dont l\u2019importance a \u00e9t\u00e9 davantage mise en avant depuis la propagation de la pand\u00e9mie.<\/p>\n<p>Auteur: Soufiane ELAHMAR<br \/>\n<a href=\"http:\/\/www.mapoujda.ma\/fr\/les-demarches-en-cours-pour-le-lancement-du-bachelor-en-septembre-2021\/\">Cliquez ici pour lire l&rsquo;article depuis sa source.<\/a><\/p>\n","protected":false},"excerpt":{"rendered":"<p>Le ministre de l\u2019\u00c9ducation nationale, de la Formation professionnelle, de l\u2019Enseignement sup\u00e9rieur et de la Recherche scientifique, porte-parole du gouvernement, Saa\u00efd Amzazi\u00a0a indiqu\u00e9, mardi \u00e0 Rabat, que son d\u00e9partement \u0153uvre\u00a0pour la mise en application\u00a0du syst\u00e8me bachelor en septembre prochain. R\u00e9pondant \u00e0 une question orale sur \u00ab\u00a0l\u2019offre en ressources humaines n\u00e9cessaires pour la r\u00e9ussite du syst\u00e8me [&hellip;]<\/p>\n","protected":false},"author":1788,"featured_media":0,"comment_status":"closed","ping_status":"closed","sticky":false,"template":"","format":"standard","meta":{"fifu_image_url":"","fifu_image_alt":"","footnotes":""},"categories":[54,76],"tags":[],"class_list":["post-110973","post","type-post","status-publish","format-standard","hentry","category-maroc","category-regions"],"_links":{"self":[{"href":"https:\/\/linitiative.ca\/International\/wp-json\/wp\/v2\/posts\/110973","targetHints":{"allow":["GET"]}}],"collection":[{"href":"https:\/\/linitiative.ca\/International\/wp-json\/wp\/v2\/posts"}],"about":[{"href":"https:\/\/linitiative.ca\/International\/wp-json\/wp\/v2\/types\/post"}],"author":[{"embeddable":true,"href":"https:\/\/linitiative.ca\/International\/wp-json\/wp\/v2\/users\/1788"}],"replies":[{"embeddable":true,"href":"https:\/\/linitiative.ca\/International\/wp-json\/wp\/v2\/comments?post=110973"}],"version-history":[{"count":0,"href":"https:\/\/linitiative.ca\/International\/wp-json\/wp\/v2\/posts\/110973\/revisions"}],"wp:attachment":[{"href":"https:\/\/linitiative.ca\/International\/wp-json\/wp\/v2\/media?parent=110973"}],"wp:term":[{"taxonomy":"category","embeddable":true,"href":"https:\/\/linitiative.ca\/International\/wp-json\/wp\/v2\/categories?post=110973"},{"taxonomy":"post_tag","embeddable":true,"href":"https:\/\/linitiative.ca\/International\/wp-json\/wp\/v2\/tags?post=110973"}],"curies":[{"name":"wp","href":"https:\/\/api.w.org\/{rel}","templated":true}]}}