{"id":110980,"date":"2021-02-10T10:30:00","date_gmt":"2021-02-10T15:30:00","guid":{"rendered":"https:\/\/linitiative.ca\/International\/lentraineur-du-real-zidane-laisse-planer-le-doute-sur-son-avenir\/"},"modified":"2021-02-10T10:30:00","modified_gmt":"2021-02-10T15:30:00","slug":"lentraineur-du-real-zidane-laisse-planer-le-doute-sur-son-avenir","status":"publish","type":"post","link":"https:\/\/linitiative.ca\/International\/lentraineur-du-real-zidane-laisse-planer-le-doute-sur-son-avenir\/","title":{"rendered":"L\u2019entra\u00eeneur du Real, Zidane laisse planer le doute sur son avenir"},"content":{"rendered":"<p class=\"p1 c3\"><span class=\"c2\">L\u2019entra\u00eeneur du Real Madrid, Zin\u00e9dine Zidane, a d\u00e9clar\u00e9 lundi qu\u2019il se sentait \u00absoutenu par tout le monde\u00bb au club, tout en laissant planer le doute sur son avenir \u00e0 l\u2019issue de cette saison.<\/span><\/p>\n<p class=\"p1 c3\"><span class=\"c2\">\u00abNous sommes dans le m\u00eame bateau, je me sens soutenu par tout le monde\u00bb, a d\u00e9clar\u00e9 Zidane, interrog\u00e9 lors d\u2019une conf\u00e9rence de presse sur l\u2019\u00e9tat de ses relations avec la direction du club et le pr\u00e9sident Florentino P\u00e9rez.<\/span><\/p>\n<p class=\"p1 c3\"><span class=\"c2\">\u00abEn football, nous savons ce que nous avons \u00e0 faire, nous devons recommencer \u00e0 faire les choses correctement, comme nous l\u2019avons fait r\u00e9cemment\u00bb, a d\u00e9clar\u00e9 l\u2019entra\u00eeneur fran\u00e7ais \u00e0 la veille du match en retard de championnat pr\u00e9vu mardi contre Getafe.<\/span><\/p>\n<p class=\"p1 c3\"><span class=\"c2\">\u00abNous allons travailler, croire en ce que nous faisons et retrouver un peu plus de confiance et bien finir (la saison),\u00bb, a ajout\u00e9 Zidane, assurant par ailleurs qu\u2019il n\u2019allait pas abandonner son poste en cours de saison.<\/span><\/p>\n<p class=\"p1 c3\"><span class=\"c2\">\u00abQu\u2019est-ce que je vais abandonner ? Je fais ce que j\u2019aime\u00bb, a d\u00e9clar\u00e9 Zidane, insistant, comme il l\u2019a fait vendredi lors d\u2019une autre conf\u00e9rence de presse, sur le fait que \u00abceux d\u2019entre nous qui sont ici m\u00e9ritent de travailler et c\u2019est ce que nous allons essayer de faire\u00bb.<\/span><\/p>\n<p class=\"p1 c3\"><span class=\"c2\">En revanche, le triple vainqueur de la C1 en tant que coach du Real a \u00e9t\u00e9 plus \u00e9nigmatique au sujet de la fin effective de son second mandat dans la capitale espagnole, lui dont le contrat expire en 2022.<\/span><\/p>\n<p class=\"p1 c3\"><span class=\"c2\">\u00abNous verrons\u00bb, a-t-il dit avec un l\u00e9ger sourire, en pr\u00e9cisant que \u00abce qui m\u2019int\u00e9resse, c\u2019est le quotidien, pour le reste je ne sais pas ce qui va se passer&#8230;\u00bb<\/span><\/p>\n<p class=\"p1 c3\"><span class=\"c2\">\u00abJe ne vois pas au-del\u00e0 du match de demain\u00bb mardi, a assur\u00e9 le technicien, dont le poste avait \u00e9t\u00e9 menac\u00e9 en d\u00e9cembre en raison des difficult\u00e9s de son \u00e9quipe durant la phase de poules de la Ligue des champions.<\/span><\/p>\n<p class=\"p1 c3\"><span class=\"c2\">Le Real pointe \u00e0 la 3e place de la Liga, ex-aequo avec le FC Barcelone, mais \u00e0 sept points du leader, l\u2019Atl\u00e9tico Madrid, qui compte deux matches en moins.<\/span><\/p>\n<p>Auteur: letemps1<br \/>\n<a href=\"http:\/\/www.letemps.com.tn\/article\/119214\/l%E2%80%99entra%C3%AEneur-du-real-zidane-laisse-planer-le-doute-sur-son-avenir\">Cliquez ici pour lire l&rsquo;article depuis sa source.<\/a><\/p>\n","protected":false},"excerpt":{"rendered":"<p>L\u2019entra\u00eeneur du Real Madrid, Zin\u00e9dine Zidane, a d\u00e9clar\u00e9 lundi qu\u2019il se sentait \u00absoutenu par tout le monde\u00bb au club, tout en laissant planer le doute sur son avenir \u00e0 l\u2019issue de cette saison. \u00abNous sommes dans le m\u00eame bateau, je me sens soutenu par tout le monde\u00bb, a d\u00e9clar\u00e9 Zidane, interrog\u00e9 lors d\u2019une conf\u00e9rence de [&hellip;]<\/p>\n","protected":false},"author":1773,"featured_media":0,"comment_status":"closed","ping_status":"closed","sticky":false,"template":"","format":"standard","meta":{"fifu_image_url":"","fifu_image_alt":"","footnotes":""},"categories":[73,55],"tags":[],"class_list":["post-110980","post","type-post","status-publish","format-standard","hentry","category-actualite","category-tunisie"],"_links":{"self":[{"href":"https:\/\/linitiative.ca\/International\/wp-json\/wp\/v2\/posts\/110980","targetHints":{"allow":["GET"]}}],"collection":[{"href":"https:\/\/linitiative.ca\/International\/wp-json\/wp\/v2\/posts"}],"about":[{"href":"https:\/\/linitiative.ca\/International\/wp-json\/wp\/v2\/types\/post"}],"author":[{"embeddable":true,"href":"https:\/\/linitiative.ca\/International\/wp-json\/wp\/v2\/users\/1773"}],"replies":[{"embeddable":true,"href":"https:\/\/linitiative.ca\/International\/wp-json\/wp\/v2\/comments?post=110980"}],"version-history":[{"count":0,"href":"https:\/\/linitiative.ca\/International\/wp-json\/wp\/v2\/posts\/110980\/revisions"}],"wp:attachment":[{"href":"https:\/\/linitiative.ca\/International\/wp-json\/wp\/v2\/media?parent=110980"}],"wp:term":[{"taxonomy":"category","embeddable":true,"href":"https:\/\/linitiative.ca\/International\/wp-json\/wp\/v2\/categories?post=110980"},{"taxonomy":"post_tag","embeddable":true,"href":"https:\/\/linitiative.ca\/International\/wp-json\/wp\/v2\/tags?post=110980"}],"curies":[{"name":"wp","href":"https:\/\/api.w.org\/{rel}","templated":true}]}}