{"id":110981,"date":"2021-02-10T10:30:00","date_gmt":"2021-02-10T15:30:00","guid":{"rendered":"https:\/\/linitiative.ca\/International\/je-veux-jouer-pendant-encore-cinq-ou-six-ans\/"},"modified":"2021-02-10T10:30:00","modified_gmt":"2021-02-10T15:30:00","slug":"je-veux-jouer-pendant-encore-cinq-ou-six-ans","status":"publish","type":"post","link":"https:\/\/linitiative.ca\/International\/je-veux-jouer-pendant-encore-cinq-ou-six-ans\/","title":{"rendered":"\u00abJe veux jouer pendant encore cinq ou six ans\u00bb"},"content":{"rendered":"<p class=\"p1 c3\"><span class=\"c2\">Malgr\u00e9 ses blessures \u00e0 r\u00e9p\u00e9tition, Eden Hazard a affirm\u00e9 qu\u2019il se voyait \u00e9voluer au plus haut niveau pendant de longues ann\u00e9es encore.<\/span><\/p>\n<p class=\"p1 c3\"><span class=\"c2\">L\u2019ailier du Real Madrid Eden Hazard esp\u00e8re continuer \u00e0 jouer au football pendant encore six ans si son corps r\u00e9siste.<\/span><\/p>\n<p class=\"p1 c3\"><span class=\"c2\">Le joueur de 30 ans est en proie \u00e0 des blessures depuis qu\u2019il a rejoint les g\u00e9ants espagnols en provenance de Chelsea en 2019.\u00a0Hazard n\u2019a pu honorer que\u00a035 apparitions en comp\u00e9tition officielle pour les Merengue, dont\u00a0seulement 13 cette saison.\u00a0L\u2019international belge a subi une autre blessure musculaire ce mois-ci et a \u00e9t\u00e9 immobilis\u00e9 pour\u00a0plusieurs semaines, ce qui signifie qu\u2019il pourrait manquer le match de Ligue des champions contre l\u2019Atalanta.<\/span><\/p>\n<p class=\"p1 c3\"><span class=\"c2\">L\u2019ancienne star lilloise esp\u00e8re surmonter ses probl\u00e8mes physiques et jouer jusqu\u2019\u00e0 environ 36 ans.\u00a0\u00abJ\u2019esp\u00e8re juste jouer au football le plus longtemps possible et j\u2019essaie toujours de m\u2019amuser sur le terrain, a-t-il d\u00e9clar\u00e9 \u00e0 On The Front Foot.\u00a0Quan la fin de ma carri\u00e8re sonnera, je peux me retourner et voir mes accomplissements, mais ma priorit\u00e9 est maintenant de bien jouer et de profiter de mon football. Je ne pense pas \u00e0 o\u00f9 je serai dans les prochaines ann\u00e9es, j\u2019essaie de me concentrer\u00a0sur le prochain match et la prochaine s\u00e9ance d\u2019entra\u00eenement.\u00a0Je viens juste d\u2019avoir 30 ans, donc tant que mon corps se sent bien, j\u2019esp\u00e8re que je pourrai continuer \u00e0 jouer pendant au moins cinq ou six ans.\u00bb<\/span><\/p>\n<p class=\"p1 c3\"><span class=\"c2\">Il a ajout\u00e9:\u00a0\u00abJ\u203aai de la chance que lorsque je suis bless\u00e9 et coinc\u00e9 \u00e0 la maison, j\u203aai ma famille pour m\u203aaider \u00e0 m\u203aen sortir. Ce n\u203aest pas la fin du monde pour moi parce que je peux passer du temps avec mes enfants, quand vous \u00eates seul et bless\u00e9, cela peut \u00eatre difficile mais j\u203aai de la chance d\u203aavoir ma famille pour me soutenir.\u00a0Quand vous \u00eates bless\u00e9, vous ne pouvez pas faire grand-chose, vous pouvez travailler pour aller mieux rapidement, mais les blessures que j\u203aai d\u00fb prendre ont besoin de temps pour gu\u00e9rir. Je dois juste attendre, travailler dur pour aller mieux et quand je suis \u00e0 la maison, je peux profiter du temps avec ma famille. \u00ab<\/span><\/p>\n<p class=\"p1 c3\"><span class=\"c2\">L\u2019entra\u00eeneur madril\u00e8ne Zinedine Zidane a fait l\u2019objet de critiques s\u00e9v\u00e8res en raison de l\u2019irr\u00e9gularit\u00e9 de son \u00e9quipe cette saison. Le club de la capitale occupe la troisi\u00e8me place du classement et compte sept points de retard sur l\u2019Atletico Madrid, et qui poss\u00e8de aussi deux matches en retard.<\/span><\/p>\n<p class=\"p1 c3\"><span class=\"c2\">Mais le Fran\u00e7ais a toujours \u00e9t\u00e9 l\u2019idole Hazard.\u00a0\u00abQuand j\u203a\u00e9tais petit, l\u203a\u00e9quipe que je regardais le plus \u00e9tait l\u203a\u00e9quipe de France\u00bb,\u00a0a-t-il d\u00e9clar\u00e9.\u00a0\u00abPour moi, les joueurs que j\u2019admirais \u00e9taient Zinedine Zidane et Thierry Henry, et c\u2019est difficile pour moi de l\u2019admettre \u00e0 cause de ma relation avec Chelsea, mais j\u2019aimais beaucoup l\u2019\u00e9quipe d\u2019Arsenal \u00e0 l\u2019\u00e9poque. Sylvain\u00a0Wiltord et Patrick\u00a0Vieira, donc c\u2019\u00e9tait principalement des joueurs fran\u00e7ais que j\u2019ai suivis en grandissant.\u00bb<\/span><\/p>\n<p>Auteur: letemps1<br \/>\n<a href=\"http:\/\/www.letemps.com.tn\/article\/119215\/%C2%ABje-veux-jouer-pendant-encore-cinq-ou-six-ans%C2%BB\">Cliquez ici pour lire l&rsquo;article depuis sa source.<\/a><\/p>\n","protected":false},"excerpt":{"rendered":"<p>Malgr\u00e9 ses blessures \u00e0 r\u00e9p\u00e9tition, Eden Hazard a affirm\u00e9 qu\u2019il se voyait \u00e9voluer au plus haut niveau pendant de longues ann\u00e9es encore. L\u2019ailier du Real Madrid Eden Hazard esp\u00e8re continuer \u00e0 jouer au football pendant encore six ans si son corps r\u00e9siste. Le joueur de 30 ans est en proie \u00e0 des blessures depuis qu\u2019il [&hellip;]<\/p>\n","protected":false},"author":1773,"featured_media":0,"comment_status":"closed","ping_status":"closed","sticky":false,"template":"","format":"standard","meta":{"fifu_image_url":"","fifu_image_alt":"","footnotes":""},"categories":[73,55],"tags":[],"class_list":["post-110981","post","type-post","status-publish","format-standard","hentry","category-actualite","category-tunisie"],"_links":{"self":[{"href":"https:\/\/linitiative.ca\/International\/wp-json\/wp\/v2\/posts\/110981","targetHints":{"allow":["GET"]}}],"collection":[{"href":"https:\/\/linitiative.ca\/International\/wp-json\/wp\/v2\/posts"}],"about":[{"href":"https:\/\/linitiative.ca\/International\/wp-json\/wp\/v2\/types\/post"}],"author":[{"embeddable":true,"href":"https:\/\/linitiative.ca\/International\/wp-json\/wp\/v2\/users\/1773"}],"replies":[{"embeddable":true,"href":"https:\/\/linitiative.ca\/International\/wp-json\/wp\/v2\/comments?post=110981"}],"version-history":[{"count":0,"href":"https:\/\/linitiative.ca\/International\/wp-json\/wp\/v2\/posts\/110981\/revisions"}],"wp:attachment":[{"href":"https:\/\/linitiative.ca\/International\/wp-json\/wp\/v2\/media?parent=110981"}],"wp:term":[{"taxonomy":"category","embeddable":true,"href":"https:\/\/linitiative.ca\/International\/wp-json\/wp\/v2\/categories?post=110981"},{"taxonomy":"post_tag","embeddable":true,"href":"https:\/\/linitiative.ca\/International\/wp-json\/wp\/v2\/tags?post=110981"}],"curies":[{"name":"wp","href":"https:\/\/api.w.org\/{rel}","templated":true}]}}