{"id":110984,"date":"2021-02-10T15:14:05","date_gmt":"2021-02-10T20:14:05","guid":{"rendered":"https:\/\/linitiative.ca\/International\/ligue-1-2-instances-sportives-les-modifications-des-codes-electoraux-et-des-statuts-apres-les-age\/"},"modified":"2021-02-10T15:14:05","modified_gmt":"2021-02-10T20:14:05","slug":"ligue-1-2-instances-sportives-les-modifications-des-codes-electoraux-et-des-statuts-apres-les-age","status":"publish","type":"post","link":"https:\/\/linitiative.ca\/International\/ligue-1-2-instances-sportives-les-modifications-des-codes-electoraux-et-des-statuts-apres-les-age\/","title":{"rendered":"Ligue 1 &amp; 2 : Instances sportives: les modifications des codes \u00e9lectoraux et des statuts apr\u00e8s les AGE"},"content":{"rendered":"<div readability=\"32\">\n<p>Auteur : <span>APS<\/span> <span class=\"time\">mercredi 10 f\u00e9vrier 2021 18:35<\/span><\/p>\n<\/div>\n<div id=\"post_core\" readability=\"55\">\n<p>Les modifications des codes \u00e9lectoraux et des statuts des f\u00e9d\u00e9rations sportives nationales pourront avoir lieu imm\u00e9diatement apr\u00e8s les assembl\u00e9es g\u00e9n\u00e9rales \u00e9lectives (AGE) pour le nouveau mandat olympiques (2021-2024), a indiqu\u00e9 mardi un communiqu\u00e9 du minist\u00e8re de la Jeunesse et des Sports (MJS). \u00ab\u00a0Cette d\u00e9cision a \u00e9t\u00e9 prise dans le cadre des dispositions de la loi N.13-05 du 23 juillet 2013 et relative \u00e0 l&rsquo;organisation et au d\u00e9veloppement des activit\u00e9s physiques et sportives et de la r\u00e9glementation en vigueur\u00a0\u00bb, pr\u00e9cise le MJS. R\u00e9unis mardi, les membres de la commission nationale interminist\u00e9rielle charg\u00e9e du suivi du processus \u00e9lectoral et renouv\u00e8lement des instances sportives, ont fait savoir que \u00ab\u00a014036 assembl\u00e9es g\u00e9n\u00e9rales ordinaires et \u00e9lectives\u00a0\u00bb se sont d\u00e9roul\u00e9es depuis le d\u00e9but de l&rsquo;op\u00e9ration en septembre 2020. Selon les chiffre du MJS, cinq f\u00e9d\u00e9rations sportives nationales ont tenu leurs AG ordinaire (athl\u00e9tisme, cyclisme, vovinam viet vo dao, rugby et sports traditionnels), alors que quatre d&rsquo;entres elles ont achev\u00e9 le processus \u00e9lectoral ((athl\u00e9tisme, cyclisme, vovinam viet vo dao, rugby). Les assembl\u00e9es g\u00e9n\u00e9rales ordinaires (AGO) et les assembl\u00e9es g\u00e9n\u00e9rales \u00e9lectives (AGE) des f\u00e9d\u00e9rations sportives nationales, devront se tenir au plus tard le 15 avril prochain. Afin d&rsquo;\u00e9viter la concentration des AGE durant les m\u00eames dates et en vue d&rsquo;assurer le suivi rigoureux du processus de renouvellement, le MJS a scind\u00e9 les 54 f\u00e9d\u00e9rations et associations (sport f\u00e9minin) en trois groupes (du 20 janvier au 19 f\u00e9vrier, du 20 f\u00e9vrier au 19 mars et du 20 mars au 15 avril) et a \u00e9tabli un calendrier sur la base de l&rsquo;\u00e9tat d&rsquo;avancement des inspections des services comp\u00e9tents. Le MJS a \u00e9galement insist\u00e9 sur \u00ab\u00a0la stricte application de la l\u00e9gislation et de la r\u00e9glementation en vigueur\u00a0\u00bb, ainsi que \u00ab\u00a0le respect des r\u00e8gles d&rsquo;\u00e9thiques, de transparence et de bonne gouvernance tout au long du processus \u00e9lectoral\u00a0\u00bb. En cette p\u00e9riode de pand\u00e9mie mondiale de Coronavirus, le MJS a \u00e9galement insist\u00e9 sur \u00ab\u00a0le strict respect des r\u00e8gles d&rsquo;hygi\u00e8ne et des mesures barri\u00e8res dont le port du masque et la distanciation sociale\u00a0\u00bb. \u00a0Outre ces mesures, le document du MJS indique que les suspensions prononc\u00e9es \u00e0 l&rsquo;encontre des membre de l&rsquo;AG par la f\u00e9d\u00e9ration sportive nationale apr\u00e8s le 8 juin 2020 ne seront pas prises en compte, en application de la circulaire N.264 du 8 juin 2020 relative au processus de renouvellement des mandats des instances sportives nationale.<\/p>\n<p><strong>Publi\u00e9 dans :<\/strong> <span>MJS<\/span><\/p>\n<\/div>\n<p>Auteur:<br \/>\n<a href=\"http:\/\/www.lebuteur.com\/article\/detail?titre=instances-sportives-les-modifications-des-codes-electoraux-et-des-statuts-apres-les-age&#038;id=99030&#038;utm_source=feedburner&#038;utm_medium=feed&#038;utm_campaign=Feed%3A+GalerieFArtciles+%28Les+derniers+articles++-+lebuteur.com%29\">Cliquez ici pour lire l&rsquo;article depuis sa source.<\/a><\/p>\n","protected":false},"excerpt":{"rendered":"<p>Auteur : APS mercredi 10 f\u00e9vrier 2021 18:35 Les modifications des codes \u00e9lectoraux et des statuts des f\u00e9d\u00e9rations sportives nationales pourront avoir lieu imm\u00e9diatement apr\u00e8s les assembl\u00e9es g\u00e9n\u00e9rales \u00e9lectives (AGE) pour le nouveau mandat olympiques (2021-2024), a indiqu\u00e9 mardi un communiqu\u00e9 du minist\u00e8re de la Jeunesse et des Sports (MJS). \u00ab\u00a0Cette d\u00e9cision a \u00e9t\u00e9 prise [&hellip;]<\/p>\n","protected":false},"author":1738,"featured_media":0,"comment_status":"closed","ping_status":"closed","sticky":false,"template":"","format":"standard","meta":{"fifu_image_url":"\/\/cdn.lebuteur.com\/data\/images\/article\/thumbs\/large-instances-sportives-les-modifications-des-codes-electoraux-et-des-statuts-apres-les-age-c1d21.jpg","fifu_image_alt":"Ligue 1 & 2 : Instances sportives: les modifications des codes \u00e9lectoraux et des statuts apr\u00e8s les AGE","footnotes":""},"categories":[53,75],"tags":[],"class_list":["post-110984","post","type-post","status-publish","format-standard","hentry","category-algerie","category-sport"],"_links":{"self":[{"href":"https:\/\/linitiative.ca\/International\/wp-json\/wp\/v2\/posts\/110984","targetHints":{"allow":["GET"]}}],"collection":[{"href":"https:\/\/linitiative.ca\/International\/wp-json\/wp\/v2\/posts"}],"about":[{"href":"https:\/\/linitiative.ca\/International\/wp-json\/wp\/v2\/types\/post"}],"author":[{"embeddable":true,"href":"https:\/\/linitiative.ca\/International\/wp-json\/wp\/v2\/users\/1738"}],"replies":[{"embeddable":true,"href":"https:\/\/linitiative.ca\/International\/wp-json\/wp\/v2\/comments?post=110984"}],"version-history":[{"count":0,"href":"https:\/\/linitiative.ca\/International\/wp-json\/wp\/v2\/posts\/110984\/revisions"}],"wp:attachment":[{"href":"https:\/\/linitiative.ca\/International\/wp-json\/wp\/v2\/media?parent=110984"}],"wp:term":[{"taxonomy":"category","embeddable":true,"href":"https:\/\/linitiative.ca\/International\/wp-json\/wp\/v2\/categories?post=110984"},{"taxonomy":"post_tag","embeddable":true,"href":"https:\/\/linitiative.ca\/International\/wp-json\/wp\/v2\/tags?post=110984"}],"curies":[{"name":"wp","href":"https:\/\/api.w.org\/{rel}","templated":true}]}}