{"id":110985,"date":"2021-02-10T15:14:06","date_gmt":"2021-02-10T20:14:06","guid":{"rendered":"https:\/\/linitiative.ca\/International\/pros-milan-ac-bonne-nouvelle-pour-bennacer\/"},"modified":"2021-02-10T15:14:06","modified_gmt":"2021-02-10T20:14:06","slug":"pros-milan-ac-bonne-nouvelle-pour-bennacer","status":"publish","type":"post","link":"https:\/\/linitiative.ca\/International\/pros-milan-ac-bonne-nouvelle-pour-bennacer\/","title":{"rendered":"Pros : Milan AC: Bonne nouvelle pour Bennacer"},"content":{"rendered":"<div readability=\"32\">\n<p>Auteur : <span>Riad Ouenzar<\/span> <span class=\"time\">mercredi 10 f\u00e9vrier 2021 18:43<\/span><\/p>\n<\/div>\n<div id=\"post_core\" readability=\"40\">\n<p>L\u2019entra\u00eeneur du Milan AC, Stefano Pioli a re\u00e7u une bonne nouvelle concernant son joueur milieu de terrain Alg\u00e9rien, Isma\u00ebl Bennacer. Absent des terrains depuis quelques semaines d\u00e9j\u00e0 en raison de blessure, le joueur de l\u2019EN pourrait retrouver bient\u00f4t le chemin de la comp\u00e9tition. Selon le m\u00e9dia italien, CalcioMercato, Bennacer a repris l\u2019entra\u00eenement collectif et sera donc op\u00e9rationnel pour le match de ce samedi face \u00e0 Spezia.<\/p>\n<p><u><strong>Riad Ouenzar\u00a0<\/strong><\/u><\/p>\n<p><strong>Publi\u00e9 dans :<\/strong> <span>BENNACER<\/span><\/p>\n<\/div>\n<p>Auteur:<br \/>\n<a href=\"http:\/\/www.lebuteur.com\/article\/detail?titre=milan-ac-bonne-nouvelle-pour-bennacer&#038;id=99031&#038;utm_source=feedburner&#038;utm_medium=feed&#038;utm_campaign=Feed%3A+GalerieFArtciles+%28Les+derniers+articles++-+lebuteur.com%29\">Cliquez ici pour lire l&rsquo;article depuis sa source.<\/a><\/p>\n","protected":false},"excerpt":{"rendered":"<p>Auteur : Riad Ouenzar mercredi 10 f\u00e9vrier 2021 18:43 L\u2019entra\u00eeneur du Milan AC, Stefano Pioli a re\u00e7u une bonne nouvelle concernant son joueur milieu de terrain Alg\u00e9rien, Isma\u00ebl Bennacer. Absent des terrains depuis quelques semaines d\u00e9j\u00e0 en raison de blessure, le joueur de l\u2019EN pourrait retrouver bient\u00f4t le chemin de la comp\u00e9tition. Selon le m\u00e9dia [&hellip;]<\/p>\n","protected":false},"author":1738,"featured_media":0,"comment_status":"closed","ping_status":"closed","sticky":false,"template":"","format":"standard","meta":{"fifu_image_url":"\/\/cdn.lebuteur.com\/data\/images\/article\/thumbs\/large-milan-ac-bonne-nouvelle-pour-bennacer-59d68.jpg","fifu_image_alt":"Pros : Milan AC: Bonne nouvelle pour Bennacer","footnotes":""},"categories":[53,75],"tags":[],"class_list":["post-110985","post","type-post","status-publish","format-standard","hentry","category-algerie","category-sport"],"_links":{"self":[{"href":"https:\/\/linitiative.ca\/International\/wp-json\/wp\/v2\/posts\/110985","targetHints":{"allow":["GET"]}}],"collection":[{"href":"https:\/\/linitiative.ca\/International\/wp-json\/wp\/v2\/posts"}],"about":[{"href":"https:\/\/linitiative.ca\/International\/wp-json\/wp\/v2\/types\/post"}],"author":[{"embeddable":true,"href":"https:\/\/linitiative.ca\/International\/wp-json\/wp\/v2\/users\/1738"}],"replies":[{"embeddable":true,"href":"https:\/\/linitiative.ca\/International\/wp-json\/wp\/v2\/comments?post=110985"}],"version-history":[{"count":0,"href":"https:\/\/linitiative.ca\/International\/wp-json\/wp\/v2\/posts\/110985\/revisions"}],"wp:attachment":[{"href":"https:\/\/linitiative.ca\/International\/wp-json\/wp\/v2\/media?parent=110985"}],"wp:term":[{"taxonomy":"category","embeddable":true,"href":"https:\/\/linitiative.ca\/International\/wp-json\/wp\/v2\/categories?post=110985"},{"taxonomy":"post_tag","embeddable":true,"href":"https:\/\/linitiative.ca\/International\/wp-json\/wp\/v2\/tags?post=110985"}],"curies":[{"name":"wp","href":"https:\/\/api.w.org\/{rel}","templated":true}]}}