{"id":110986,"date":"2021-02-10T15:14:08","date_gmt":"2021-02-10T20:14:08","guid":{"rendered":"https:\/\/linitiative.ca\/International\/pros-andy-delort-buteur-face-a-strasbourg-video\/"},"modified":"2021-02-10T15:14:08","modified_gmt":"2021-02-10T20:14:08","slug":"pros-andy-delort-buteur-face-a-strasbourg-video","status":"publish","type":"post","link":"https:\/\/linitiative.ca\/International\/pros-andy-delort-buteur-face-a-strasbourg-video\/","title":{"rendered":"Pros : Andy Delort buteur face \u00e0 Strasbourg (Vid\u00e9o)"},"content":{"rendered":"<div readability=\"32\">\n<p>Auteur : <span class=\"time\">mercredi 10 f\u00e9vrier 2021 18:50<\/span><\/p>\n<\/div>\n<div id=\"post_core\" readability=\"41\">\n<p>Pour son retour \u00e0 la comp\u00e9tition, l\u2019attaquant Alg\u00e9rien de Montpellier, Andy Delort a inscrit un joli but aujourd\u2019hui face \u00e0 Strasbourg en coupe de France.\u00a0 Delort a inscrit le premier but de son \u00e9quipe \u00e0 la 45\u2019+1, avant que son co\u00e9quipier, Petar Skuletic n\u2019ajoute le second but \u00e0 la 88\u2019.<\/p>\n<p><iframe loading=\"lazy\" allow=\"accelerometer; autoplay; clipboard-write; encrypted-media; gyroscope; picture-in-picture\" allowfullscreen=\"\" frameborder=\"0\" height=\"315\" src=\"https:\/\/www.youtube.com\/embed\/DHvSn-5QiWM\" width=\"560\">[embedded content]<\/iframe><\/p>\n<p><strong>Publi\u00e9 dans :<\/strong> <span>Andy Delort<\/span><\/p>\n<\/div>\n<p>Auteur:<br \/>\n<a href=\"http:\/\/www.lebuteur.com\/article\/detail?titre=andy-delort-buteur-face-a-strasbourg-video&#038;id=99032&#038;utm_source=feedburner&#038;utm_medium=feed&#038;utm_campaign=Feed%3A+GalerieFArtciles+%28Les+derniers+articles++-+lebuteur.com%29\">Cliquez ici pour lire l&rsquo;article depuis sa source.<\/a><\/p>\n","protected":false},"excerpt":{"rendered":"<p>Auteur : mercredi 10 f\u00e9vrier 2021 18:50 Pour son retour \u00e0 la comp\u00e9tition, l\u2019attaquant Alg\u00e9rien de Montpellier, Andy Delort a inscrit un joli but aujourd\u2019hui face \u00e0 Strasbourg en coupe de France.\u00a0 Delort a inscrit le premier but de son \u00e9quipe \u00e0 la 45\u2019+1, avant que son co\u00e9quipier, Petar Skuletic n\u2019ajoute le second but \u00e0 [&hellip;]<\/p>\n","protected":false},"author":1738,"featured_media":0,"comment_status":"closed","ping_status":"closed","sticky":false,"template":"","format":"standard","meta":{"fifu_image_url":"\/\/cdn.lebuteur.com\/data\/images\/article\/thumbs\/large-andy-delort-buteur-face-a-strasbourg-video-18fc1.jpg","fifu_image_alt":"Pros : Andy Delort buteur face \u00e0 Strasbourg (Vid\u00e9o)","footnotes":""},"categories":[53,75],"tags":[],"class_list":["post-110986","post","type-post","status-publish","format-standard","hentry","category-algerie","category-sport"],"_links":{"self":[{"href":"https:\/\/linitiative.ca\/International\/wp-json\/wp\/v2\/posts\/110986","targetHints":{"allow":["GET"]}}],"collection":[{"href":"https:\/\/linitiative.ca\/International\/wp-json\/wp\/v2\/posts"}],"about":[{"href":"https:\/\/linitiative.ca\/International\/wp-json\/wp\/v2\/types\/post"}],"author":[{"embeddable":true,"href":"https:\/\/linitiative.ca\/International\/wp-json\/wp\/v2\/users\/1738"}],"replies":[{"embeddable":true,"href":"https:\/\/linitiative.ca\/International\/wp-json\/wp\/v2\/comments?post=110986"}],"version-history":[{"count":0,"href":"https:\/\/linitiative.ca\/International\/wp-json\/wp\/v2\/posts\/110986\/revisions"}],"wp:attachment":[{"href":"https:\/\/linitiative.ca\/International\/wp-json\/wp\/v2\/media?parent=110986"}],"wp:term":[{"taxonomy":"category","embeddable":true,"href":"https:\/\/linitiative.ca\/International\/wp-json\/wp\/v2\/categories?post=110986"},{"taxonomy":"post_tag","embeddable":true,"href":"https:\/\/linitiative.ca\/International\/wp-json\/wp\/v2\/tags?post=110986"}],"curies":[{"name":"wp","href":"https:\/\/api.w.org\/{rel}","templated":true}]}}