{"id":110987,"date":"2021-02-10T15:14:10","date_gmt":"2021-02-10T20:14:10","guid":{"rendered":"https:\/\/linitiative.ca\/International\/pros-ol-un-nouveau-schema-tactique-avec-slimani\/"},"modified":"2021-02-10T15:14:10","modified_gmt":"2021-02-10T20:14:10","slug":"pros-ol-un-nouveau-schema-tactique-avec-slimani","status":"publish","type":"post","link":"https:\/\/linitiative.ca\/International\/pros-ol-un-nouveau-schema-tactique-avec-slimani\/","title":{"rendered":"Pros : OL : Un nouveau sch\u00e9ma tactique avec Slimani ?"},"content":{"rendered":"<div readability=\"32\">\n<p>Auteur : <span class=\"time\">mercredi 10 f\u00e9vrier 2021 20:28<\/span><\/p>\n<\/div>\n<div id=\"post_core\" readability=\"51\">\n<p>L&rsquo;international alg\u00e9rien arriv\u00e9 cet hiver en provenance de Leicester City s\u2019est montr\u00e9 \u00e0 son avantage contre l\u2019AC Ajaccio mardi en Coupe de France. Slimani a en effet d\u00e9bloqu\u00e9 ses deux compteurs avec un but et deux passes d\u00e9cisives pour Memphis Depay et Rayan Cherki. Une performance convaincante qui n\u2019a s\u00fbrement pas \u00e9chapp\u00e9 \u00e0 Rudi Garcia comme le souligne Foot01. Mais l\u2019entra\u00eeneur des Gones osera-t-il changer ses plans pour int\u00e9grer la recrue \u00e0 son \u00e9quipe de d\u00e9part ? Pour Vincent Duluc, un nouveau sch\u00e9ma tactique avec Slimani n\u2019est pas \u00e0 exclure.<\/p>\n<p>\u00ab\u00a0Collectivement, il y avait un vrai enjeu. Depuis le d\u00e9but de la saison, les attaquants rempla\u00e7ants combin\u00e9s, entre Demb\u00e9l\u00e9, Slimani, Cherki et Cornet, c\u2019\u00e9tait un but \u00e0 eux quatre, a rappel\u00e9 le journaliste dans des propos relay\u00e9s par Footradio. Cela change un peu la paysage. De voir Slimani avoir de la qualit\u00e9, du volume et de la grinta veut dire qu\u2019il peut y avoir une autre organisation possible. Garcia peut avoir des rempla\u00e7ants qui font la diff\u00e9rence et quand on joue le titre, c\u2019est quelque chose d\u2019essentiel.\u00a0\u00bb Il faudra \u00e9videmment d\u2019autres prestations de cette qualit\u00e9 pour convaincre le coach de changer son 4-3-3, ou de pr\u00e9f\u00e9rer Slimani \u00e0 Tino Kadewere et Karl Toko Ekambi.<\/p>\n<p><strong>Publi\u00e9 dans :<\/strong> <span>slimani<\/span><\/p>\n<\/div>\n<p>Auteur:<br \/>\n<a href=\"http:\/\/www.lebuteur.com\/article\/detail?titre=ol-un-nouveau-schema-tactique-avec-slimani&#038;id=99033&#038;utm_source=feedburner&#038;utm_medium=feed&#038;utm_campaign=Feed%3A+GalerieFArtciles+%28Les+derniers+articles++-+lebuteur.com%29\">Cliquez ici pour lire l&rsquo;article depuis sa source.<\/a><\/p>\n","protected":false},"excerpt":{"rendered":"<p>Auteur : mercredi 10 f\u00e9vrier 2021 20:28 L&rsquo;international alg\u00e9rien arriv\u00e9 cet hiver en provenance de Leicester City s\u2019est montr\u00e9 \u00e0 son avantage contre l\u2019AC Ajaccio mardi en Coupe de France. Slimani a en effet d\u00e9bloqu\u00e9 ses deux compteurs avec un but et deux passes d\u00e9cisives pour Memphis Depay et Rayan Cherki. Une performance convaincante qui [&hellip;]<\/p>\n","protected":false},"author":1738,"featured_media":0,"comment_status":"closed","ping_status":"closed","sticky":false,"template":"","format":"standard","meta":{"fifu_image_url":"\/\/cdn.lebuteur.com\/data\/images\/article\/thumbs\/large-ol-un-nouveau-schema-tactique-avec-slimani-d483d.jpg","fifu_image_alt":"Pros : OL : Un nouveau sch\u00e9ma tactique avec Slimani ?","footnotes":""},"categories":[53,75],"tags":[],"class_list":["post-110987","post","type-post","status-publish","format-standard","hentry","category-algerie","category-sport"],"_links":{"self":[{"href":"https:\/\/linitiative.ca\/International\/wp-json\/wp\/v2\/posts\/110987","targetHints":{"allow":["GET"]}}],"collection":[{"href":"https:\/\/linitiative.ca\/International\/wp-json\/wp\/v2\/posts"}],"about":[{"href":"https:\/\/linitiative.ca\/International\/wp-json\/wp\/v2\/types\/post"}],"author":[{"embeddable":true,"href":"https:\/\/linitiative.ca\/International\/wp-json\/wp\/v2\/users\/1738"}],"replies":[{"embeddable":true,"href":"https:\/\/linitiative.ca\/International\/wp-json\/wp\/v2\/comments?post=110987"}],"version-history":[{"count":0,"href":"https:\/\/linitiative.ca\/International\/wp-json\/wp\/v2\/posts\/110987\/revisions"}],"wp:attachment":[{"href":"https:\/\/linitiative.ca\/International\/wp-json\/wp\/v2\/media?parent=110987"}],"wp:term":[{"taxonomy":"category","embeddable":true,"href":"https:\/\/linitiative.ca\/International\/wp-json\/wp\/v2\/categories?post=110987"},{"taxonomy":"post_tag","embeddable":true,"href":"https:\/\/linitiative.ca\/International\/wp-json\/wp\/v2\/tags?post=110987"}],"curies":[{"name":"wp","href":"https:\/\/api.w.org\/{rel}","templated":true}]}}