{"id":110989,"date":"2021-02-10T06:20:00","date_gmt":"2021-02-10T11:20:00","guid":{"rendered":"https:\/\/linitiative.ca\/International\/solidarite-internationale-avec-le-mouvement-social-de-la-jeunesse-en-tunisie\/"},"modified":"2021-02-10T06:20:00","modified_gmt":"2021-02-10T11:20:00","slug":"solidarite-internationale-avec-le-mouvement-social-de-la-jeunesse-en-tunisie","status":"publish","type":"post","link":"https:\/\/linitiative.ca\/International\/solidarite-internationale-avec-le-mouvement-social-de-la-jeunesse-en-tunisie\/","title":{"rendered":"Solidarit\u00e9 internationale avec le mouvement social de la jeunesse en Tunisie"},"content":{"rendered":"<p class=\"c2\"><strong>Suite aux manifestations\u00a0 qui ont eu lieu en Tunisie derni\u00e8rement, des personnalit\u00e9s, organisations et syndicats de par le monde et notamment du Mghreb et de France ont sign\u00e9 une p\u00e9tition dans laquelle ils protestent contre les violences quiont \u00e9maill\u00e9 ces manifestations et les arrestations qui les ont suivies.<br \/><\/strong><\/p>\n<p class=\"c2\"><strong>Ci apr\u00e8s, le texte int\u00e9gral de la p\u00e9tition et les noms des signataires\u00a0 :<\/strong><\/p>\n<p>En Tunisie, ces derniers jours, une r\u00e9pression aveugle et des vagues d\u2019arrestations se sont abattues sur des centaines de jeunes des quartiers populaires dans de nombreuses villes \u00e0 travers tout le pays. Ces jeunes qui subissent une paup\u00e9risation croissante ne font que r\u00e9clamer ce qui, il y a dix ans, a donn\u00e9 lieu \u00e0 la \u00ab r\u00e9volution pour la dignit\u00e9 \u00bb, \u00e0 savoir : leur droit au travail, \u00e0 la libert\u00e9, \u00e0 la justice et \u00e0 l\u2019\u00e9galit\u00e9.<\/p>\n<p>Nous, personnalit\u00e9s, organisations, associations et syndicats, de par le monde &#8211; du Maghreb et d&rsquo;Europe, en particulier -, exprimons notre indignation et notre solidarit\u00e9. Nous rappelons, avec force, au gouvernement tunisien qu\u2019il est tenu de respecter les principes consacr\u00e9s par la Constitution de 2014 qui font obligation \u00e0 l\u2019Etat tunisien de respecter la dignit\u00e9 de ses citoyens. Nous condamnons le recours aux mauvais traitements, \u00e0 la torture et aux proc\u00e9dures judiciaires exp\u00e9ditives.<\/p>\n<p>Nous consid\u00e9rons que l\u2019absence de toute remise en cause des choix \u00e9conomiques et sociaux de l\u2019ancien r\u00e9gime, de la part des gouvernements tunisiens qui se sont succ\u00e9d\u00e9 depuis 2011, n\u2019a fait qu\u2019appauvrir davantage la population, particuli\u00e8rement les cat\u00e9gories sociales pr\u00e9caires, et contraint des milliers de jeunes et d\u2019adultes \u00e0 des petits boulots pr\u00e9caires, alimentant ainsi les circuits de l\u2019\u00e9conomie informelle ou de l&rsquo;extr\u00e9misme religieux. Une telle situation ne pouvait qu\u2019aboutir \u00e0 la confrontation avec le pouvoir qui, aujourd\u2019hui encore et de nouveau, ne r\u00e9pond \u00e0 leur d\u00e9sarroi et \u00e0 leurs revendications l\u00e9gitimes que par la r\u00e9pression.<\/p>\n<p>Ces mouvements des jeunes tunisiennes et tunisiens sont r\u00e9v\u00e9lateurs non seulement de l&rsquo;impasse \u00e9conomique et sociale dans laquelle le gouvernement tunisien a plong\u00e9 la soci\u00e9t\u00e9, mais aussi de l\u2019indiff\u00e9rence de l&rsquo;Union europ\u00e9enne et des gouvernements qui la composent, en maintenant la dette qui p\u00e8se sur le pays. Plus que jamais il est n\u00e9cessaire d&rsquo;abroger cette dette et de donner des perspectives \u00e0 la jeunesse tunisienne de vivre et travailler au pays.<\/p>\n<p>Au nom de notre attachement aux principes de justice et de libert\u00e9 pour tous les peuples et au droit de la jeunesse \u00e0 une vie digne et d\u00e9cente, nous appelons le gouvernement tunisien \u00e0 lib\u00e9rer toutes les personnes injustement arr\u00eat\u00e9es et \u00e0 prendre des mesures correspondant aux aspirations du peuple tunisien et aux objectifs de sa r\u00e9volution.<\/p>\n<p>Nous appelons \u00e9galement toutes celles et tous ceux \u00e9pris de d\u00e9mocratie, de libert\u00e9 et de justice en Europe et de par le monde \u00e0 faire pression sur les autorit\u00e9s tunisiennes afin que la r\u00e9volution de 2011 ne se transforme pas en un cauchemar o\u00f9 les pratiques r\u00e9pressives du pass\u00e9 tiendraient lieu de r\u00e9ponse aux aspirations l\u00e9gitimes du peuple tunisien.<\/p>\n<p><span class=\"c4\"><span class=\"c3\"><strong>Signataires<\/strong><\/span><\/span><\/p>\n<p><span class=\"c5\"><strong>\u2022<\/strong><\/span> Adel Abderezak, universitaire, syndicaliste (Alg\u00e9rie)<\/p>\n<p><span class=\"c5\"><strong>\u2022<\/strong><\/span> Gilbert Achcar, professeur, SOAS, universit\u00e9 de Londres<\/p>\n<p><span class=\"c5\"><strong>\u2022<\/strong><\/span> Hakim Addad, militant politique (Alg\u00e9rie)<\/p>\n<p><span class=\"c5\"><strong>\u2022<\/strong><\/span> Ayad Ahram, d\u00e9fenseur des droits humains (Maroc)<\/p>\n<p><span class=\"c5\"><strong>\u2022<\/strong><\/span> Farid Aissani, membre du conseil national du PS, conseiller municipal di Pr\u00e9-St-Gervais (France)<\/p>\n<p><span class=\"c5\"><strong>\u2022<\/strong><\/span> Nadia Le\u00efla A\u00efssaoui, sociologue (Alg\u00e9rie)<\/p>\n<p><span class=\"c5\"><strong>\u2022<\/strong><\/span> Arezki A\u00eft-Larbi, journaliste\/\u00e9diteur (Alg\u00e9rie)<\/p>\n<p><span class=\"c5\"><strong>\u2022<\/strong><\/span> Azeddine Akesbi, professeur d\u2019\u00e9conomie (Maroc)<\/p>\n<p><span class=\"c5\"><strong>\u2022<\/strong><\/span> Sanhadja Akhrouf, militante associative de l\u2019\u00e9migration en France<\/p>\n<p><span class=\"c5\"><strong>\u2022<\/strong><\/span> Zineb Ali-Benali, professeur \u00e9m\u00e9rite des universit\u00e9s (Alg\u00e9rie)<\/p>\n<p><span class=\"c5\"><strong>\u2022<\/strong><\/span> Ari\u00e9Alimi, avocat, membre du bureau national de la LDH (France)<\/p>\n<p><span class=\"c5\"><strong>\u2022<\/strong><\/span> TewfikAllal, militant associatif de l\u2019\u00e9migration en France<\/p>\n<p><span class=\"c5\"><strong>\u2022<\/strong><\/span> Ghanima Ammour, po\u00e9tesse (Alg\u00e9rie)<\/p>\n<p><span class=\"c5\"><strong>\u2022<\/strong><\/span> Samia Ammour, artiste, militante associative de l\u2019immigration en France<\/p>\n<p><span class=\"c5\"><strong>\u2022<\/strong><\/span> Jean-Loup Amselle, anthropologue, directeur d&rsquo;\u00e9tudes \u00e9m\u00e9rite \u00e0 l&rsquo;EHESS (France)<\/p>\n<p><span class=\"c5\"><strong>\u2022<\/strong><\/span> Tassos Anatassiadis, journaliste (Gr\u00e8ce)<\/p>\n<p><span class=\"c5\"><strong>\u2022<\/strong><\/span> Maria Ar\u00e9na, d\u00e9put\u00e9e euro\u00e9enne, pr\u00e9sidente de la commission des droits de l\u2019homme du PE (Belgique)<\/p>\n<p><span class=\"c5\"><strong>\u2022<\/strong><\/span> Sion Assidon, militant des DH, cofondateur de Transparence International (Maroc)<\/p>\n<p><span class=\"c5\"><strong>\u2022<\/strong><\/span> Pierre Audin, fils de Josette et Maurice Audin (France)<\/p>\n<p><span class=\"c5\"><strong>\u2022<\/strong><\/span> Abdelkader Azriah, coordinateur du Collectif moderniste marocain (Maroc)<\/p>\n<p><span class=\"c5\"><strong>\u2022<\/strong><\/span> Malika Bakhti, ing\u00e9nieure d\u2019\u00e9tudes (Alg\u00e9rie)<\/p>\n<p><span class=\"c5\"><strong>\u2022<\/strong><\/span> Brigitte Bardet-Allal, professeure de lettres (France)<\/p>\n<p><span class=\"c5\"><strong>\u2022<\/strong><\/span> Roberto Barni, sculpteur (Italie)<\/p>\n<p><span class=\"c5\"><strong>\u2022<\/strong><\/span> Alain Baron, syndicaliste (France)<\/p>\n<p><span class=\"c5\"><strong>\u2022<\/strong><\/span> Roberto Barzanti, journaliste, ancien vice-pr\u00e9sident du Parlement europ\u00e9en (Italie)<\/p>\n<p><span class=\"c5\"><strong>\u2022<\/strong><\/span> Pedro Ivo Batista, porte-parole national du r\u00e9seau Durabilit\u00e9, membre de la coordination politique du leadership du r\u00e9seau du S\u00e9nat (Br\u00e9sil)<\/p>\n<p><span class=\"c5\"><strong>\u2022<\/strong><\/span> Julien Bayou, secr\u00e9taire national d\u2019EELV (France)<\/p>\n<p><span class=\"c5\"><strong>\u2022<\/strong><\/span> Adda Bekkouche, maire adjoint de Colombes (France)<\/p>\n<p><span class=\"c5\"><strong>\u2022<\/strong><\/span> Akram Belka\u00efd, journaliste (Alg\u00e9rie)<\/p>\n<p><span class=\"c5\"><strong>\u2022<\/strong><\/span> Farouk Belkeddar, militant associatif de l\u2019\u00e9migration en France<\/p>\n<p><span class=\"c5\"><strong>\u2022<\/strong><\/span> Malika BenarabAttou, ancienne eurod\u00e9put\u00e9e, militante associative (France\/Alg\u00e9rie)<\/p>\n<p><span class=\"c5\"><strong>\u2022<\/strong><\/span> Madjid Benchikh, professeur \u00e9m\u00e9rite de l\u2019Universit\u00e9 de Cergy-Pontoise, ancien doyen de la facult\u00e9 de droit d\u2019Alger (Alg\u00e9rie)<\/p>\n<p><span class=\"c5\"><strong>\u2022<\/strong><\/span> Raymond Benhaim, \u00e9conomiste (Maroc)<\/p>\n<p><span class=\"c5\"><strong>\u2022<\/strong><\/span> Abdelmoughit Benmessaoud, universitaire, directeur de la \u00ab Revue marocaine des sciences politiques et sociales \u00bb (Maroc)<\/p>\n<p><span class=\"c5\"><strong>\u2022<\/strong><\/span> Ali Bensaad, g\u00e9ographe (Alg\u00e9rie)<\/p>\n<p><span class=\"c5\"><strong>\u2022<\/strong><\/span> Olivier Besancenot, postier NPA (France)<\/p>\n<p><span class=\"c5\"><strong>\u2022<\/strong><\/span> Eric Beynel, syndicaliste (France)<\/p>\n<p><span class=\"c5\"><strong>\u2022<\/strong><\/span> Roland Biache, secr\u00e9taire g\u00e9n\u00e9ral de la LDH (France)<\/p>\n<p><span class=\"c5\"><strong>\u2022<\/strong><\/span> Laurent Binet, romancier (France)<\/p>\n<p><span class=\"c5\"><strong>\u2022<\/strong><\/span> Antonio Boitano, philosophe (Chili)<\/p>\n<p><span class=\"c5\"><strong>\u2022<\/strong><\/span> Giovanna Botteri, journaliste (Etats-Unis)<\/p>\n<p><span class=\"c5\"><strong>\u2022<\/strong><\/span> Mustapha Bouaziz, universitaire, historien, directeur scientifique du CEREM (Maroc)<\/p>\n<p><span class=\"c5\"><strong>\u2022<\/strong><\/span> Fatma Boufnik, militante f\u00e9ministe, universitaire (Alg\u00e9rie)<\/p>\n<p><span class=\"c5\"><strong>\u2022<\/strong><\/span> AlimaBoumedienne, avocate (France)<\/p>\n<p><span class=\"c5\"><strong>\u2022<\/strong><\/span> William Bourdon, avocat (France)<\/p>\n<p><span class=\"c5\"><strong>\u2022<\/strong><\/span> Nasos Brastos, journaliste (Gr\u00e8ce)<\/p>\n<p><span class=\"c5\"><strong>\u2022<\/strong><\/span> Rony Brauman, cofondateur et ancien pr\u00e9sident de M\u00e9decins sans fronti\u00e8res (France)<\/p>\n<p><span class=\"c5\"><strong>\u2022<\/strong><\/span> Genevi\u00e8ve Brisac, romanci\u00e8re (France)<\/p>\n<p><span class=\"c5\"><strong>\u2022<\/strong><\/span> Jean Louis Brochen, avocat, ancien pr\u00e9sident du Syndicat des avocats de France (SAF)<\/p>\n<p><span class=\"c5\"><strong>\u2022<\/strong><\/span> Paolo Brogi, journaliste (Italie)<\/p>\n<p><span class=\"c5\"><strong>\u2022<\/strong><\/span> Fr\u00e9d\u00e9ric Brun, membre de la r\u00e9daction de la revue \u00ab Multitude \u00bb (France)<\/p>\n<p><span class=\"c5\"><strong>\u2022<\/strong><\/span> Cristovam Buarque, d\u00e9put\u00e9, ancien ministre (Br\u00e9sil)<\/p>\n<p><span class=\"c5\"><strong>\u2022<\/strong><\/span> Marie-Georges Buffet, d\u00e9put\u00e9e, ancienne ministre (France)<\/p>\n<p><span class=\"c5\"><strong>\u2022<\/strong><\/span> Dominique Cabrera, cin\u00e9aste (France)<\/p>\n<p><span class=\"c5\"><strong>\u2022<\/strong><\/span> Ronald Cameron, militant associatif et politique (Qu\u00e9bec)<\/p>\n<p><span class=\"c5\"><strong>\u2022<\/strong><\/span> Alejandro Carrasco, doyen de facult\u00e9 (Chili)<\/p>\n<p><span class=\"c5\"><strong>\u2022<\/strong><\/span> Alice Cherki, psychanalyste (France\/Alg\u00e9rie)<\/p>\n<p><span class=\"c5\"><strong>\u2022<\/strong><\/span> St\u00e9phanie Chevrier, \u00e9ditrice (France)<\/p>\n<p><span class=\"c5\"><strong>\u2022<\/strong><\/span> Herv\u00e9 Christofol, syndicaliste, membre du bureau national du SNESup (France)<\/p>\n<p><span class=\"c5\"><strong>\u2022<\/strong><\/span> F\u00e9lice Cimatti, universitaire (Italie)<\/p>\n<p><span class=\"c5\"><strong>\u2022<\/strong><\/span> Yves Cohen, historien (France)<\/p>\n<p><span class=\"c5\"><strong>\u2022<\/strong><\/span> Jean-Louis Comolli, cin\u00e9aste, \u00e9crivain (France)<\/p>\n<p><span class=\"c5\"><strong>\u2022<\/strong><\/span> Antoine Comte, avocat, (France)<\/p>\n<p><span class=\"c5\"><strong>\u2022<\/strong><\/span> Antoine Condeza, chercheuse en \u00e9ducation (Chili)<\/p>\n<p><span class=\"c5\"><strong>\u2022<\/strong><\/span> David Cormand, eurod\u00e9put\u00e9 (France)<\/p>\n<p><span class=\"c5\"><strong>\u2022<\/strong><\/span> Rodrigo Cornejo, psychologue (Chili)<\/p>\n<p><span class=\"c5\"><strong>\u2022<\/strong><\/span> Leila Costa, com\u00e9dienne, \u00e9crivaine (Italie)<\/p>\n<p><span class=\"c5\"><strong>\u2022<\/strong><\/span> Fanny Cotten\u00e7on, com\u00e9dienne (France)<\/p>\n<p><span class=\"c5\"><strong>\u2022<\/strong><\/span> Guido Crainz, historien (Italie)<\/p>\n<p><span class=\"c5\"><strong>\u2022<\/strong><\/span> Gianni Cuperlo, d\u00e9put\u00e9 (Italie)<\/p>\n<p><span class=\"c5\"><strong>\u2022<\/strong><\/span> Didier Daeninckx, romancier (France)<\/p>\n<p><span class=\"c5\"><strong>\u2022<\/strong><\/span> Ahmed Dahmani, universitaire (Alg\u00e9rie)<\/p>\n<p><span class=\"c5\"><strong>\u2022<\/strong><\/span> LeylaDakhli, charg\u00e9 de recherche CNRS (France)<\/p>\n<p><span class=\"c5\"><strong>\u2022<\/strong><\/span> Jocelyne Dakhlia, historienne, anthropologue, directrice de recherche EHESS (France)<\/p>\n<p><span class=\"c5\"><strong>\u2022<\/strong><\/span> Michel Debon, ancien responsable syndical, vice-pr\u00e9sident de Solidarit\u00e9 la\u00efque (France)<\/p>\n<p><span class=\"c5\"><strong>\u2022<\/strong><\/span> Karima Delli, eurod\u00e9put\u00e9e, pr\u00e9sidente de la Commission des transports (France)<\/p>\n<p><span class=\"c5\"><strong>\u2022<\/strong><\/span> ErriDe Luca, romancier (Italie)<\/p>\n<p><span class=\"c5\"><strong>\u2022<\/strong><\/span> Monique Dental, militante f\u00e9ministe (France)<\/p>\n<p><span class=\"c5\"><strong>\u2022<\/strong><\/span> Camille De Toledo, \u00e9crivain (France)<\/p>\n<p><span class=\"c5\"><strong>\u2022<\/strong><\/span> Karima Dir\u00e8che, historienne, chercheure CNRS (France\/Alg\u00e9rie)<\/p>\n<p><span class=\"c5\"><strong>\u2022<\/strong><\/span> Sa\u00efd Djaafer, journaliste (Alg\u00e9rie)<\/p>\n<p><span class=\"c5\"><strong>\u2022<\/strong><\/span> NacerDjabi, sociologue (Alg\u00e9rie)<\/p>\n<p><span class=\"c5\"><strong>\u2022<\/strong><\/span> HabibaDjahnine, documentariste (Alg\u00e9rie)<\/p>\n<p><span class=\"c5\"><strong>\u2022<\/strong><\/span> Nadir Djermoune, architecte (Alg\u00e9rie)<\/p>\n<p><span class=\"c5\"><strong>\u2022<\/strong><\/span> Louisa Djouadi, juriste (Alg\u00e9rie)<\/p>\n<p><span class=\"c5\"><strong>\u2022<\/strong><\/span> Marcel Drach, psychanalyste (France)<\/p>\n<p><span class=\"c5\"><strong>\u2022<\/strong><\/span> Bernard Dr\u00e9ano, pr\u00e9sident du CEDETIM (France)<\/p>\n<p><span class=\"c5\"><strong>\u2022<\/strong><\/span> Jean-Pierre Dubois, pr\u00e9sident d\u2019honneur de la LDH (France)<\/p>\n<p><span class=\"c5\"><strong>\u2022<\/strong><\/span> WahidEl Asmar, pr\u00e9sident d\u2019Euromed-droit, militant des droits humains (Liban)<\/p>\n<p><span class=\"c5\"><strong>\u2022<\/strong><\/span> Mathias Enard, \u00e9crivain (France)<\/p>\n<p><span class=\"c5\"><strong>\u2022<\/strong><\/span> Carlos Enrique Diaz, \u00e9diteur (Argentine)<\/p>\n<p><span class=\"c5\"><strong>\u2022<\/strong><\/span> Annie Ernaux, \u00e9crivaine (France)<\/p>\n<p><span class=\"c5\"><strong>\u2022<\/strong><\/span> GiuliaFabbiano, anthropologue (Italie)<\/p>\n<p><span class=\"c5\"><strong>\u2022<\/strong><\/span> Abbes Fahdel, r\u00e9alisateur (Irak)<\/p>\n<p><span class=\"c5\"><strong>\u2022<\/strong><\/span> Mireille Fanon-Mend\u00e8s France, Fondation Frantz-Fanon (France)<\/p>\n<p><span class=\"c5\"><strong>\u2022<\/strong><\/span> Didier Fassin, Institut d\u2019\u00e9tude avanc\u00e9e de Princeton et Coll\u00e8ge de France<\/p>\n<p><span class=\"c5\"><strong>\u2022<\/strong><\/span> Jacques Fath, sp\u00e9cialiste des relations internationales (France)<\/p>\n<p><span class=\"c5\"><strong>\u2022<\/strong><\/span> Mich\u00e8le Feo, philologue (Italie)<\/p>\n<p><span class=\"c5\"><strong>\u2022<\/strong><\/span> Roger Ferrari, syndicaliste (France)<\/p>\n<p><span class=\"c5\"><strong>\u2022<\/strong><\/span> AbdelouahebFersaoui, pr\u00e9sident de RAJ (Alg\u00e9rie)<\/p>\n<p><span class=\"c5\"><strong>\u2022<\/strong><\/span> Aur\u00e9lie Filippetti, \u00e9crivaine, ancien ministre (France)<\/p>\n<p><span class=\"c5\"><strong>\u2022<\/strong><\/span> Luis Manuel Flores, philosophe (Chili)<\/p>\n<p><span class=\"c5\"><strong>\u2022<\/strong><\/span> Sofia Flores, vid\u00e9aste (Chili)<\/p>\n<p><span class=\"c5\"><strong>\u2022<\/strong><\/span> Anna Foa, historienne (Italie)<\/p>\n<p><span class=\"c5\"><strong>\u2022<\/strong><\/span> Giorgio Fontana, \u00e9crivain (Italie)<\/p>\n<p><span class=\"c5\"><strong>\u2022<\/strong><\/span> Mario Fuentealba, m\u00e9decin (Chili)<\/p>\n<p><span class=\"c5\"><strong>\u2022<\/strong><\/span> Jacques Gaillot, \u00e9v\u00eaque (France)<\/p>\n<p><span class=\"c5\"><strong>\u2022<\/strong><\/span> R\u00e9n\u00e9Galissot, historien (France)<\/p>\n<p><span class=\"c5\"><strong>\u2022<\/strong><\/span> Carolina Garcia, historienne (Chili)<\/p>\n<p><span class=\"c5\"><strong>\u2022<\/strong><\/span> Dario Gentil, philosophe (Italie)<\/p>\n<p><span class=\"c5\"><strong>\u2022<\/strong><\/span> Fran\u00e7ois G\u00e8ze, \u00e9diteur (France)<\/p>\n<p><span class=\"c5\"><strong>\u2022<\/strong><\/span> B\u00e9atrice Giblin, professeure \u00e9m\u00e9rite, directrice de la revue \u00ab H\u00e9rodote \u00bb (France)<\/p>\n<p><span class=\"c5\"><strong>\u2022<\/strong><\/span> Carmela Giglioto, philosophe (Chili)<\/p>\n<p><span class=\"c5\"><strong>\u2022<\/strong><\/span> Cristina Girardi, d\u00e9put\u00e9 (Chili)<\/p>\n<p><span class=\"c5\"><strong>\u2022<\/strong><\/span> Guido Girardi, s\u00e9nateur (Chili)<\/p>\n<p><span class=\"c5\"><strong>\u2022<\/strong><\/span> Ghislaine Glasson-Deschaumes, directrice de Fondation (Paris)<\/p>\n<p><span class=\"c5\"><strong>\u2022<\/strong><\/span> RuyGomes Braga Neto, sociologue (Br\u00e9sil)<\/p>\n<p><span class=\"c5\"><strong>\u2022<\/strong><\/span> Robert Gu\u00e9diguian, cin\u00e9aste (France)<\/p>\n<p><span class=\"c5\"><strong>\u2022<\/strong><\/span> Ali Guenoun, historien (Alg\u00e9rie)<\/p>\n<p><span class=\"c5\"><strong>\u2022<\/strong><\/span> Nadim Gursel, \u00e9crivain (Turquie)<\/p>\n<p><span class=\"c5\"><strong>\u2022<\/strong><\/span> SaddekHadjou, militant politique (Alg\u00e9rie)<\/p>\n<p><span class=\"c5\"><strong>\u2022<\/strong><\/span> Abdallah Hammoudi, anthropologue, professeur \u00e9m\u00e9rite de l\u2019Universit\u00e9 de Princeton (Etats-Unis)<\/p>\n<p><span class=\"c5\"><strong>\u2022<\/strong><\/span> Beno\u00eet Hamon, ancien ministre (France)<\/p>\n<p><span class=\"c5\"><strong>\u2022<\/strong><\/span> Mohammed Harbi, historien (Alg\u00e9rie)<\/p>\n<p><span class=\"c5\"><strong>\u2022<\/strong><\/span> Damien Hazard, travailleur social (Br\u00e9sil)<\/p>\n<p><span class=\"c5\"><strong>\u2022<\/strong><\/span> Ahmed Henni, \u00e9conomiste (Alg\u00e9rie)<\/p>\n<p><span class=\"c5\"><strong>\u2022<\/strong><\/span> Franck Hofmann, universitaire (Allemagne)<\/p>\n<p><span class=\"c5\"><strong>\u2022<\/strong><\/span> Toufik Ibelkissene, militant politique et associatif de l\u2019\u00e9migration en France<\/p>\n<p><span class=\"c5\"><strong>\u2022<\/strong><\/span> Rolando Jeldres, doctorant sciences de l\u2019\u00e9ducation (Chili)<\/p>\n<p><span class=\"c5\"><strong>\u2022<\/strong><\/span> Alfredo Joignant, politiste (Chili)<\/p>\n<p><span class=\"c5\"><strong>\u2022<\/strong><\/span> Samy Joshua, professeur \u00e9m\u00e9rite (France)<\/p>\n<p><span class=\"c5\"><strong>\u2022<\/strong><\/span> A\u00efssaKadri, sociologue, professeur \u00e9m\u00e9rite des universit\u00e9s (France\/Alg\u00e9rie)<\/p>\n<p><span class=\"c5\"><strong>\u2022<\/strong><\/span> Leslie Kaplan, romanci\u00e8re (France)<\/p>\n<p><span class=\"c5\"><strong>\u2022<\/strong><\/span> Salam Kawakibi, politologue (France)<\/p>\n<p><span class=\"c5\"><strong>\u2022<\/strong><\/span> Tahar Khalfoun, juriste, membre du FORSEM (France\/Alg\u00e9rie)<\/p>\n<p><span class=\"c5\"><strong>\u2022<\/strong><\/span> Myriam Kendsi, artiste peintre (France)<\/p>\n<p><span class=\"c5\"><strong>\u2022<\/strong><\/span> Abdellatif Laabi, po\u00e8te (Maroc)<\/p>\n<p><span class=\"c5\"><strong>\u2022<\/strong><\/span> Kamel Lahbib, militant associatif (Maroc)<\/p>\n<p><span class=\"c5\"><strong>\u2022<\/strong><\/span> SamikLahiri, ancien d\u00e9put\u00e9 (Inde)<\/p>\n<p><span class=\"c5\"><strong>\u2022<\/strong><\/span> Mehdi Lahlou, universitaire (Maroc)<\/p>\n<p><span class=\"c5\"><strong>\u2022<\/strong><\/span> Annie Lahmer, conseill\u00e8re r\u00e9gionale d\u2019Ile-de-France<\/p>\n<p><span class=\"c5\"><strong>\u2022<\/strong><\/span> JaffarLakhdari, militant associatif (Alg\u00e9rie)<\/p>\n<p><span class=\"c5\"><strong>\u2022<\/strong><\/span> Xavier Lambert, professeur \u00e9m\u00e9rite, membre du bureau national du SNESup (France)<\/p>\n<p><span class=\"c5\"><strong>\u2022<\/strong><\/span> Hichem Lasri, cin\u00e9aste, \u00e9crivain (Maroc)<\/p>\n<p><span class=\"c5\"><strong>\u2022<\/strong><\/span> Pierre Laurent, s\u00e9nateur (France)<\/p>\n<p><span class=\"c5\"><strong>\u2022<\/strong><\/span> Henri Leclerc, avocat, pr\u00e9sident d\u2019honneur de la LDH (France)<\/p>\n<p><span class=\"c5\"><strong>\u2022<\/strong><\/span> Philippe Legrand, membre du bureau national de la LDH (France)<\/p>\n<p><span class=\"c5\"><strong>\u2022<\/strong><\/span> Gilles Lemaire, militant \u00e9cologiste, ancien secr\u00e9taire national des Verts (France)<\/p>\n<p><span class=\"c5\"><strong>\u2022<\/strong><\/span> Ren\u00e9e Le Mignot, co-pr\u00e9sidente du MRAP (France)<\/p>\n<p><span class=\"c5\"><strong>\u2022<\/strong><\/span> Edith Lhomel, responsable d\u2019\u00e9dition \u00e0 la Documentation fran\u00e7aise<\/p>\n<p><span class=\"c5\"><strong>\u2022<\/strong><\/span> Christian Louedec, syndicaliste enseignant (Gr\u00e8ce)<\/p>\n<p><span class=\"c5\"><strong>\u2022<\/strong><\/span> Benjamin Lucas, coordinateur national de G\u00e9n\u00e9ration.s (France)<\/p>\n<p><span class=\"c5\"><strong>\u2022<\/strong><\/span> ZiadMajed, professeur, universitaire (Liban)<\/p>\n<p><span class=\"c5\"><strong>\u2022<\/strong><\/span> No\u00ebl Mam\u00e8re, \u00e9cologiste, ancien d\u00e9put\u00e9 (France)<\/p>\n<p><span class=\"c5\"><strong>\u2022<\/strong><\/span> Gilles Manceron, historien (France)<\/p>\n<p><span class=\"c5\"><strong>\u2022<\/strong><\/span> Luigi Manconi, sociologue, ancien ministre (Italie)<\/p>\n<p><span class=\"c5\"><strong>\u2022<\/strong><\/span> Matteo Marchensi, \u00e9crivain 5italie)<\/p>\n<p><span class=\"c5\"><strong>\u2022<\/strong><\/span> Guillermo Marini, philosophe (Chili)<\/p>\n<p><span class=\"c5\"><strong>\u2022<\/strong><\/span> Pablo Marquet, biologiste (Chili)<\/p>\n<p><span class=\"c5\"><strong>\u2022<\/strong><\/span> Gustavo Massiah, \u00e9conomiste, ancien pr\u00e9sident du CRID (France)<\/p>\n<p><span class=\"c5\"><strong>\u2022<\/strong><\/span> Nicolas Mathieu, romancier (France)<\/p>\n<p><span class=\"c5\"><strong>\u2022<\/strong><\/span> Achille Mbembe, philosophe (Afrique du Sud)<\/p>\n<p><span class=\"c5\"><strong>\u2022<\/strong><\/span> HannyMegally, New York (Etats Unis)<\/p>\n<p><span class=\"c5\"><strong>\u2022<\/strong><\/span> Jean-Luc Melenchon et le groupe parlementaire de la France insoumise<\/p>\n<p><span class=\"c5\"><strong>\u2022<\/strong><\/span> Daniel Mermet, journaliste (France)<\/p>\n<p><span class=\"c5\"><strong>\u2022<\/strong><\/span> Markus Messling, universitaire (Allemagne)<\/p>\n<p><span class=\"c5\"><strong>\u2022<\/strong><\/span> UmitMetin, militant associatif (France\/Turquie)<\/p>\n<p><span class=\"c5\"><strong>\u2022<\/strong><\/span> Arezki Metref, \u00e9crivain, journaliste (Alg\u00e9rie)<\/p>\n<p><span class=\"c5\"><strong>\u2022<\/strong><\/span> Marissa Meza, philosophe (Chili)<\/p>\n<p><span class=\"c5\"><strong>\u2022<\/strong><\/span> Amar Mohand-Amer, historien (Alg\u00e9rie)<\/p>\n<p><span class=\"c5\"><strong>\u2022<\/strong><\/span> Olivier Mongin, \u00e9crivain, \u00e9diteur, essayiste, ancien directeur de la revue \u00ab Esprit \u00bb (France)<\/p>\n<p><span class=\"c5\"><strong>\u2022<\/strong><\/span> Rosa Montero, romanci\u00e8re, journaliste (Espagne)<\/p>\n<p><span class=\"c5\"><strong>\u2022<\/strong><\/span> G\u00e9rard Mordillat, romancier, cin\u00e9aste (France)<\/p>\n<p><span class=\"c5\"><strong>\u2022<\/strong><\/span> Bachir Moutik, militant associatif (Sahara occidental)<\/p>\n<p><span class=\"c5\"><strong>\u2022<\/strong><\/span> Cristina Moyano, historienne (Chili)<\/p>\n<p><span class=\"c5\"><strong>\u2022<\/strong><\/span> S\u00e9bastien Nadot, d\u00e9put\u00e9 (France)<\/p>\n<p><span class=\"c5\"><strong>\u2022<\/strong><\/span> Jamel Eddine Naji, universitaire (Maroc)<\/p>\n<p><span class=\"c5\"><strong>\u2022<\/strong><\/span> ElimarNascimento, \u00e9cologue, universitaire (Br\u00e9sil)<\/p>\n<p><span class=\"c5\"><strong>\u2022<\/strong><\/span> Toni Negri, philosophe (Italie)<\/p>\n<p><span class=\"c5\"><strong>\u2022<\/strong><\/span> Stanislas Nordey, com\u00e9dien metteur en sc\u00e8ne (France)<\/p>\n<p><span class=\"c5\"><strong>\u2022<\/strong><\/span> Salah Oudahar, directeur du Festival Strasbourg-M\u00e9diterran\u00e9e<\/p>\n<p><span class=\"c5\"><strong>\u2022<\/strong><\/span> Juanita Palma Munoz, artisane (Chili)<\/p>\n<p><span class=\"c5\"><strong>\u2022<\/strong><\/span> Alfredo Pena-Vega, sociologue, enseignant-chercheur et coordinateur du Tribunal international de la nature<\/p>\n<p><span class=\"c5\"><strong>\u2022<\/strong><\/span> Yves de Pereti, cin\u00e9aste (France)<\/p>\n<p><span class=\"c5\"><strong>\u2022<\/strong><\/span> Eric Piolle, maire de Grenoble (France)<\/p>\n<p><span class=\"c5\"><strong>\u2022<\/strong><\/span> Marcelo P\u00e9rez P\u00e9rez, philosophe, photographe (Chili)<\/p>\n<p><span class=\"c5\"><strong>\u2022<\/strong><\/span> Adriano Prosperi, historien (Italie)<\/p>\n<p><span class=\"c5\"><strong>\u2022<\/strong><\/span> Alvaro Ramis, philosophe (Chili)<\/p>\n<p><span class=\"c5\"><strong>\u2022<\/strong><\/span> Jacques Ranci\u00e8re, philosophe (France)<\/p>\n<p><span class=\"c5\"><strong>\u2022<\/strong><\/span> Jes\u00f9sRedondo, psychologue (Chili)<\/p>\n<p><span class=\"c5\"><strong>\u2022<\/strong><\/span> Hassan Remaoun, historien (Alg\u00e9rie)<\/p>\n<p><span class=\"c5\"><strong>\u2022<\/strong><\/span> Ivan Repila, \u00e9crivain (Espagne)<\/p>\n<p><span class=\"c5\"><strong>\u2022<\/strong><\/span> Jaime Retamal Salazar, philosophe (Chili)<\/p>\n<p><span class=\"c5\"><strong>\u2022<\/strong><\/span> Judith Revel, philosophe (France)<\/p>\n<p><span class=\"c5\"><strong>\u2022<\/strong><\/span> Gigi Riva, journaliste, \u00e9crivain (Italie)<\/p>\n<p><span class=\"c5\"><strong>\u2022<\/strong><\/span> Roberto Romero Aguila, conseiller r\u00e9gional \u00cele-de-France<\/p>\n<p><span class=\"c5\"><strong>\u2022<\/strong><\/span> Laurence Rossignol, s\u00e9natrice, ancienne ministre (France)<\/p>\n<p><span class=\"c5\"><strong>\u2022<\/strong><\/span> Fabien Roussel, secr\u00e9taire g\u00e9n\u00e9ral du PCF, d\u00e9put\u00e9 (France)<\/p>\n<p><span class=\"c5\"><strong>\u2022<\/strong><\/span> Luiz Ruffato, \u00e9crivain (Br\u00e9sil)<\/p>\n<p><span class=\"c5\"><strong>\u2022<\/strong><\/span> Khadija Ryadi, laur\u00e9ate du prix des Nations unies pour les droits de l\u2019Homme (Maroc)<\/p>\n<p><span class=\"c5\"><strong>\u2022<\/strong><\/span> Lana Sadeq, militante associative (Palestine)<\/p>\n<p><span class=\"c5\"><strong>\u2022<\/strong><\/span> Emir Sader, sociologue (Br\u00e9sil)<\/p>\n<p><span class=\"c5\"><strong>\u2022<\/strong><\/span> Isabel Saez, psychologue (Chili)<\/p>\n<p><span class=\"c5\"><strong>\u2022<\/strong><\/span> Malik Salemkour, pr\u00e9sident de la LDH (France)<\/p>\n<p><span class=\"c5\"><strong>\u2022<\/strong><\/span> Sa\u00efd Salhi, vice-pr\u00e9sident de la LADDH (Alg\u00e9rie) et membre de la CMODH (Maghreb)<\/p>\n<p><span class=\"c5\"><strong>\u2022<\/strong><\/span> Jean-Marc Salmon, sociologue (France)<\/p>\n<p><span class=\"c5\"><strong>\u2022<\/strong><\/span> R\u00e9gis Sauder, cin\u00e9aste (France)<\/p>\n<p><span class=\"c5\"><strong>\u2022<\/strong><\/span> Roberto Savio, vice charman of the European Center for Peace and Development (Italie)<\/p>\n<p><span class=\"c5\"><strong>\u2022<\/strong><\/span> Kenza Sefrioui, \u00e9ditrice, journaliste (Maroc)<\/p>\n<p><span class=\"c5\"><strong>\u2022<\/strong><\/span> Brahim Senouci, \u00e9crivain (Alg\u00e9rie)<\/p>\n<p><span class=\"c5\"><strong>\u2022<\/strong><\/span> Salvatore Settis, arch\u00e9ologue, historien (Italie)<\/p>\n<p><span class=\"c5\"><strong>\u2022<\/strong><\/span> Marc Shade-Poulsen, chercheur \u00e0 l&rsquo;Universit\u00e9 de Roskilde (Danemark)<\/p>\n<p><span class=\"c5\"><strong>\u2022<\/strong><\/span> Danielle Simonnet, conseill\u00e8re de Paris LFI (France)<\/p>\n<p><span class=\"c5\"><strong>\u2022<\/strong><\/span> ShumonaSinha, romanci\u00e8re (Inde\/France)<\/p>\n<p><span class=\"c5\"><strong>\u2022<\/strong><\/span> Guy Sitbon, journaliste (France)<\/p>\n<p><span class=\"c5\"><strong>\u2022<\/strong><\/span> Francis Sitel, codirecteur de la revue \u00ab Contretemps \u00bb (France<\/p>\n<p><span class=\"c5\"><strong>\u2022<\/strong><\/span> Adriano Sofri, journaliste (Italie)<\/p>\n<p><span class=\"c5\"><strong>\u2022<\/strong><\/span> GianiSofri, historien Italie<\/p>\n<p><span class=\"c5\"><strong>\u2022<\/strong><\/span> Dominique Sopo, pr\u00e9sident de SOS Racisme (France)<\/p>\n<p><span class=\"c5\"><strong>\u2022<\/strong><\/span> HamoudaSoubhi, membre du secr\u00e9tariat international du Forum social mondial (Maroc)<\/p>\n<p><span class=\"c5\"><strong>\u2022<\/strong><\/span> Sergio Staino, directeur de l\u2019Unita, dessinateur, metteur en sc\u00e8ne (Italie)<\/p>\n<p><span class=\"c5\"><strong>\u2022<\/strong><\/span> Benjamin Stora, historien (France)<\/p>\n<p><span class=\"c5\"><strong>\u2022<\/strong><\/span> Mauricio StuardoFuentealba, ing\u00e9nieur en contr\u00f4le industriel (Chili)<\/p>\n<p><span class=\"c5\"><strong>\u2022<\/strong><\/span> Sophie Taill\u00e9-Polian, s\u00e9natrice, coordinatrice nationale de G\u00e9n\u00e9ration.s (France)<\/p>\n<p><span class=\"c5\"><strong>\u2022<\/strong><\/span> KhaoulaTaleb-Ibrahimi, linguiste, universitaire (Alg\u00e9rie)<\/p>\n<p><span class=\"c5\"><strong>\u2022<\/strong><\/span> Bernard Tavernier, r\u00e9alisateur, sc\u00e9nariste (France)<\/p>\n<p><span class=\"c5\"><strong>\u2022<\/strong><\/span> Nadia Tazi, philosophe (Maroc)\u00a0<\/p>\n<p><span class=\"c5\"><strong>\u2022<\/strong><\/span> Silvio Tendler, cin\u00e9aste (Br\u00e9sil)<\/p>\n<p><span class=\"c5\"><strong>\u2022<\/strong><\/span> Emmanuel Terray, anthropologue, historien (France)<\/p>\n<p><span class=\"c5\"><strong>\u2022<\/strong><\/span> Carlos Tiburcio, journaliste (Italie)<\/p>\n<p><span class=\"c5\"><strong>\u2022<\/strong><\/span> Michel Tubiana, pr\u00e9sident d\u2019honneur de la LDH (France)<\/p>\n<p><span class=\"c5\"><strong>\u2022<\/strong><\/span> Dominique Tricaud, avocat (France)<\/p>\n<p><span class=\"c5\"><strong>\u2022<\/strong><\/span> CalaraUson, \u00e9crivaine (Espagne)<\/p>\n<p><span class=\"c5\"><strong>\u2022<\/strong><\/span> Marie-Christine Vergiat, vice-pr\u00e9sidente de la LDH, ancienne eurod\u00e9put\u00e9e (France)<\/p>\n<p><span class=\"c5\"><strong>\u2022<\/strong><\/span> Marco Verrugigio, directeur de PuntoCritico.info (Italie)<\/p>\n<p><span class=\"c5\"><strong>\u2022<\/strong><\/span> Pedro Vianna, po\u00e8te, homme de th\u00e9\u00e2tre, enseignant universitaire<\/p>\n<p><span class=\"c5\"><strong>\u2022<\/strong><\/span> Sophie Wahnich, historienne (France)<\/p>\n<p><span class=\"c5\"><strong>\u2022<\/strong><\/span> Bruno JirardinoWiesenborn, directeur du syndicat universitaire, universit\u00e9 de Santiago (Chili)<\/p>\n<p><span class=\"c5\"><strong>\u2022<\/strong><\/span> Carlos Willat, chercheur en \u00e9ducation (Chili)<\/p>\n<p><span class=\"c5\"><strong>\u2022<\/strong><\/span> Farid Yaker, militant associatif (Alg\u00e9rie)<\/p>\n<p><span class=\"c5\"><strong>\u2022<\/strong><\/span> MohIdirYakoub, militant politique FFS (Alg\u00e9rie)<\/p>\n<p><span class=\"c5\"><strong>\u2022<\/strong><\/span> Abdallah Zniber, militant associatif de l\u2019immigration (France\/Maroc)<\/p>\n<p>Auteur:<br \/>\n<a href=\"https:\/\/www.leaders.com.tn\/article\/31415-solidarite-internationale-avec-le-mouvement-social-de-la-jeunesse-en-tunisie\">Cliquez ici pour lire l&rsquo;article depuis sa source.<\/a><\/p>\n","protected":false},"excerpt":{"rendered":"<p>Suite aux manifestations\u00a0 qui ont eu lieu en Tunisie derni\u00e8rement, des personnalit\u00e9s, organisations et syndicats de par le monde et notamment du Mghreb et de France ont sign\u00e9 une p\u00e9tition dans laquelle ils protestent contre les violences quiont \u00e9maill\u00e9 ces manifestations et les arrestations qui les ont suivies. Ci apr\u00e8s, le texte int\u00e9gral de la [&hellip;]<\/p>\n","protected":false},"author":1772,"featured_media":0,"comment_status":"closed","ping_status":"closed","sticky":false,"template":"","format":"standard","meta":{"fifu_image_url":"","fifu_image_alt":"","footnotes":""},"categories":[73,55],"tags":[],"class_list":["post-110989","post","type-post","status-publish","format-standard","hentry","category-actualite","category-tunisie"],"_links":{"self":[{"href":"https:\/\/linitiative.ca\/International\/wp-json\/wp\/v2\/posts\/110989","targetHints":{"allow":["GET"]}}],"collection":[{"href":"https:\/\/linitiative.ca\/International\/wp-json\/wp\/v2\/posts"}],"about":[{"href":"https:\/\/linitiative.ca\/International\/wp-json\/wp\/v2\/types\/post"}],"author":[{"embeddable":true,"href":"https:\/\/linitiative.ca\/International\/wp-json\/wp\/v2\/users\/1772"}],"replies":[{"embeddable":true,"href":"https:\/\/linitiative.ca\/International\/wp-json\/wp\/v2\/comments?post=110989"}],"version-history":[{"count":0,"href":"https:\/\/linitiative.ca\/International\/wp-json\/wp\/v2\/posts\/110989\/revisions"}],"wp:attachment":[{"href":"https:\/\/linitiative.ca\/International\/wp-json\/wp\/v2\/media?parent=110989"}],"wp:term":[{"taxonomy":"category","embeddable":true,"href":"https:\/\/linitiative.ca\/International\/wp-json\/wp\/v2\/categories?post=110989"},{"taxonomy":"post_tag","embeddable":true,"href":"https:\/\/linitiative.ca\/International\/wp-json\/wp\/v2\/tags?post=110989"}],"curies":[{"name":"wp","href":"https:\/\/api.w.org\/{rel}","templated":true}]}}