{"id":110994,"date":"2021-02-10T05:00:00","date_gmt":"2021-02-10T10:00:00","guid":{"rendered":"https:\/\/linitiative.ca\/International\/nouvelle-forme-de-communication\/"},"modified":"2021-02-10T05:00:00","modified_gmt":"2021-02-10T10:00:00","slug":"nouvelle-forme-de-communication","status":"publish","type":"post","link":"https:\/\/linitiative.ca\/International\/nouvelle-forme-de-communication\/","title":{"rendered":"Nouvelle forme de communication"},"content":{"rendered":"<p class=\"c4\">Demeur\u00e9e longtemps fig\u00e9e dans un fonctionnement \u00e0 l\u2019ancienne, la direction de la communication du Premier ministre innove depuis quelque temps. D\u00e9sormais, il est, en effet, fait appel aux techniques modernes pour illustrer la communication du Premier ministre, comme la photo mais surtout la vid\u00e9o, confectionn\u00e9es par la direction de la communication elle-m\u00eame. On croit \u00e9galement savoir que bien d\u2019autres innovations en la mati\u00e8re sont en pr\u00e9paration du c\u00f4t\u00e9 du Palais du gouvernement.<\/p>\n<p>Auteur:<br \/>\n<a href=\"https:\/\/www.lesoirdalgerie.com\/periscoop\/nouvelle-forme-de-communication-56095\">Cliquez ici pour lire l&rsquo;article depuis sa source.<\/a><\/p>\n","protected":false},"excerpt":{"rendered":"<p>Demeur\u00e9e longtemps fig\u00e9e dans un fonctionnement \u00e0 l\u2019ancienne, la direction de la communication du Premier ministre innove depuis quelque temps. D\u00e9sormais, il est, en effet, fait appel aux techniques modernes pour illustrer la communication du Premier ministre, comme la photo mais surtout la vid\u00e9o, confectionn\u00e9es par la direction de la communication elle-m\u00eame. On croit \u00e9galement [&hellip;]<\/p>\n","protected":false},"author":1741,"featured_media":0,"comment_status":"closed","ping_status":"closed","sticky":false,"template":"","format":"standard","meta":{"fifu_image_url":"","fifu_image_alt":"","footnotes":""},"categories":[73,53],"tags":[],"class_list":["post-110994","post","type-post","status-publish","format-standard","hentry","category-actualite","category-algerie"],"_links":{"self":[{"href":"https:\/\/linitiative.ca\/International\/wp-json\/wp\/v2\/posts\/110994","targetHints":{"allow":["GET"]}}],"collection":[{"href":"https:\/\/linitiative.ca\/International\/wp-json\/wp\/v2\/posts"}],"about":[{"href":"https:\/\/linitiative.ca\/International\/wp-json\/wp\/v2\/types\/post"}],"author":[{"embeddable":true,"href":"https:\/\/linitiative.ca\/International\/wp-json\/wp\/v2\/users\/1741"}],"replies":[{"embeddable":true,"href":"https:\/\/linitiative.ca\/International\/wp-json\/wp\/v2\/comments?post=110994"}],"version-history":[{"count":0,"href":"https:\/\/linitiative.ca\/International\/wp-json\/wp\/v2\/posts\/110994\/revisions"}],"wp:attachment":[{"href":"https:\/\/linitiative.ca\/International\/wp-json\/wp\/v2\/media?parent=110994"}],"wp:term":[{"taxonomy":"category","embeddable":true,"href":"https:\/\/linitiative.ca\/International\/wp-json\/wp\/v2\/categories?post=110994"},{"taxonomy":"post_tag","embeddable":true,"href":"https:\/\/linitiative.ca\/International\/wp-json\/wp\/v2\/tags?post=110994"}],"curies":[{"name":"wp","href":"https:\/\/api.w.org\/{rel}","templated":true}]}}