{"id":110995,"date":"2021-02-10T05:00:00","date_gmt":"2021-02-10T10:00:00","guid":{"rendered":"https:\/\/linitiative.ca\/International\/dans-une-algerie-qui-cultive-les-tabous\/"},"modified":"2021-02-10T05:00:00","modified_gmt":"2021-02-10T10:00:00","slug":"dans-une-algerie-qui-cultive-les-tabous","status":"publish","type":"post","link":"https:\/\/linitiative.ca\/International\/dans-une-algerie-qui-cultive-les-tabous\/","title":{"rendered":"Dans une Alg\u00e9rie qui cultive les tabous !"},"content":{"rendered":"<p class=\"c4\">Quand la violence est d\u00e9crite comme si elle \u00e9manait d\u2019un film de s\u00e9rie B, ce qui n\u2019\u00e9tait d\u00e9j\u00e0 pas tr\u00e8s rassurant devient une r\u00e9alit\u00e9 d\u00e9testable. Parler de torture ou de peine de mort et de ceux qui r\u00e9clament son r\u00e9tablissement ou son application remonte \u00e0 la surface lorsque des citoyens sont pris pour cible sur laquelle on testera des m\u00e9thodes de contr\u00f4le plus efficientes.\u00a0<br \/>La culture occidentale encourage \u00e0 briser les tabous qui permettent aux bourreaux de commettre le pire sans que personne ose en parler. Malgr\u00e9 le nombre impressionnant d\u2019associations qui militent pour que soient confondus et tra\u00een\u00e9s en justice les tortionnaires en tous genres, il reste difficile pour une victime de prendre la parole, de tout dire ou de d\u00e9crire ce qu\u2019elle a subi. Si dans les soci\u00e9t\u00e9s occidentales, le combat dans ce sens demeure permanent et pas toujours aussi fructueux qu\u2019on le voudrait, que dire d\u2019un pays comme le n\u00f4tre qui croule sous les interdits et le poids du silence ? Du coup, lorsqu\u2019un jeune\u00a0 \u00e9tudiant, jet\u00e9 en prison pour avoir pris part \u00e0 un mouvement populaire, qui aspire \u00e0 vivre autrement, dans un monde, notamment, \u00e9pris de justice, raconte l\u2019horreur par laquelle il est pass\u00e9 avant de retrouver la libert\u00e9, on se surprend \u00e0 esp\u00e9rer qu\u2019un changement est en train de se produire quelque part. On comprend que des verrous sont en train de sauter l\u00e0 o\u00f9 il \u00e9tait quasi impossible d\u2019imaginer qu\u2019un jour quelqu\u2019un prendrait la parole pour d\u00e9noncer publiquement le viol dont il a \u00e9t\u00e9 victime et en d\u00e9signerait ouvertement les auteurs ! L\u2019agression brutale cens\u00e9e l\u2019intimider a renforc\u00e9 ses convictions et attis\u00e9 sa col\u00e8re de fa\u00e7on inattendue. Le jeune homme meurtri campe sur ses positions et renforce ses pr\u00e9c\u00e9dentes indignations d\u2019une nouvelle raison de se r\u00e9volter. Parce qu\u2019il est d\u00e9connect\u00e9 de la rue, le syst\u00e8me, rompu aux pratiques de verrouillage, sommerait-il une profession, format\u00e9e \u00e0 maintenir l\u2019ordre, d\u2019en faire toujours plus ? Les Alg\u00e9riens ont longtemps \u00e9t\u00e9 sensibles \u00e0 l\u2019uniforme qu\u2019ils associaient \u00e0 l\u2019hymne national. Le Hirak a r\u00e9v\u00e9l\u00e9 que l\u2019hymne gardait son caract\u00e8re sacr\u00e9. La question va-t-elle se poser pour l\u2019uniforme ?<br \/><em><strong>M. B.<\/strong><\/em><\/p>\n<p>Auteur:<br \/>\n<a href=\"https:\/\/www.lesoirdalgerie.com\/soit-dit-en-passant\/dans-une-algerie-qui-cultive-les-tabous-56094\">Cliquez ici pour lire l&rsquo;article depuis sa source.<\/a><\/p>\n","protected":false},"excerpt":{"rendered":"<p>Quand la violence est d\u00e9crite comme si elle \u00e9manait d\u2019un film de s\u00e9rie B, ce qui n\u2019\u00e9tait d\u00e9j\u00e0 pas tr\u00e8s rassurant devient une r\u00e9alit\u00e9 d\u00e9testable. Parler de torture ou de peine de mort et de ceux qui r\u00e9clament son r\u00e9tablissement ou son application remonte \u00e0 la surface lorsque des citoyens sont pris pour cible sur [&hellip;]<\/p>\n","protected":false},"author":1741,"featured_media":0,"comment_status":"closed","ping_status":"closed","sticky":false,"template":"","format":"standard","meta":{"fifu_image_url":"","fifu_image_alt":"","footnotes":""},"categories":[73,53],"tags":[],"class_list":["post-110995","post","type-post","status-publish","format-standard","hentry","category-actualite","category-algerie"],"_links":{"self":[{"href":"https:\/\/linitiative.ca\/International\/wp-json\/wp\/v2\/posts\/110995","targetHints":{"allow":["GET"]}}],"collection":[{"href":"https:\/\/linitiative.ca\/International\/wp-json\/wp\/v2\/posts"}],"about":[{"href":"https:\/\/linitiative.ca\/International\/wp-json\/wp\/v2\/types\/post"}],"author":[{"embeddable":true,"href":"https:\/\/linitiative.ca\/International\/wp-json\/wp\/v2\/users\/1741"}],"replies":[{"embeddable":true,"href":"https:\/\/linitiative.ca\/International\/wp-json\/wp\/v2\/comments?post=110995"}],"version-history":[{"count":0,"href":"https:\/\/linitiative.ca\/International\/wp-json\/wp\/v2\/posts\/110995\/revisions"}],"wp:attachment":[{"href":"https:\/\/linitiative.ca\/International\/wp-json\/wp\/v2\/media?parent=110995"}],"wp:term":[{"taxonomy":"category","embeddable":true,"href":"https:\/\/linitiative.ca\/International\/wp-json\/wp\/v2\/categories?post=110995"},{"taxonomy":"post_tag","embeddable":true,"href":"https:\/\/linitiative.ca\/International\/wp-json\/wp\/v2\/tags?post=110995"}],"curies":[{"name":"wp","href":"https:\/\/api.w.org\/{rel}","templated":true}]}}