{"id":110996,"date":"2021-02-10T05:00:00","date_gmt":"2021-02-10T10:00:00","guid":{"rendered":"https:\/\/linitiative.ca\/International\/cuba-si\/"},"modified":"2021-02-10T05:00:00","modified_gmt":"2021-02-10T10:00:00","slug":"cuba-si","status":"publish","type":"post","link":"https:\/\/linitiative.ca\/International\/cuba-si\/","title":{"rendered":"Cuba, si !"},"content":{"rendered":"<p>Taper sur Cuba est devenu un sport couru pour complaire \u00e0 la presse et \u00e0 l\u2019\u00e9dition des pays occidentaux. Il suffit d\u2019\u00e9reinter Castro, fr\u00e8re ou fr\u00e8re, de d\u00e9noncer la pauvret\u00e9 pour que la parole trouve un \u00e9cho. Pourtant, ce petit pays encercl\u00e9 dans son \u00eele par le g\u00e9ant am\u00e9ricain est plus performant que beaucoup de pays za\u00e2ma d\u00e9velopp\u00e9s. On se souvient qu\u2019au d\u00e9but de la crise sanitaire, ce sont les Cubains qui sont venus filer un coup de main \u00e0 l\u2019Italie, la plus touch\u00e9e alors par le virus, et abandonn\u00e9e par l\u2019Europe. Et puis, ce petit pays qu\u2019on d\u00e9nigre a \u00e9t\u00e9 l\u2019un des premiers \u00e0 mettre au point un vaccin et \u00e0 vacciner sa population.<br \/>A. T.<\/p>\n<p>Auteur:<br \/>\n<a href=\"https:\/\/www.lesoirdalgerie.com\/digoutage\/cuba-si-56093\">Cliquez ici pour lire l&rsquo;article depuis sa source.<\/a><\/p>\n","protected":false},"excerpt":{"rendered":"<p>Taper sur Cuba est devenu un sport couru pour complaire \u00e0 la presse et \u00e0 l\u2019\u00e9dition des pays occidentaux. Il suffit d\u2019\u00e9reinter Castro, fr\u00e8re ou fr\u00e8re, de d\u00e9noncer la pauvret\u00e9 pour que la parole trouve un \u00e9cho. Pourtant, ce petit pays encercl\u00e9 dans son \u00eele par le g\u00e9ant am\u00e9ricain est plus performant que beaucoup de [&hellip;]<\/p>\n","protected":false},"author":1741,"featured_media":0,"comment_status":"closed","ping_status":"closed","sticky":false,"template":"","format":"standard","meta":{"fifu_image_url":"","fifu_image_alt":"","footnotes":""},"categories":[73,53],"tags":[],"class_list":["post-110996","post","type-post","status-publish","format-standard","hentry","category-actualite","category-algerie"],"_links":{"self":[{"href":"https:\/\/linitiative.ca\/International\/wp-json\/wp\/v2\/posts\/110996","targetHints":{"allow":["GET"]}}],"collection":[{"href":"https:\/\/linitiative.ca\/International\/wp-json\/wp\/v2\/posts"}],"about":[{"href":"https:\/\/linitiative.ca\/International\/wp-json\/wp\/v2\/types\/post"}],"author":[{"embeddable":true,"href":"https:\/\/linitiative.ca\/International\/wp-json\/wp\/v2\/users\/1741"}],"replies":[{"embeddable":true,"href":"https:\/\/linitiative.ca\/International\/wp-json\/wp\/v2\/comments?post=110996"}],"version-history":[{"count":0,"href":"https:\/\/linitiative.ca\/International\/wp-json\/wp\/v2\/posts\/110996\/revisions"}],"wp:attachment":[{"href":"https:\/\/linitiative.ca\/International\/wp-json\/wp\/v2\/media?parent=110996"}],"wp:term":[{"taxonomy":"category","embeddable":true,"href":"https:\/\/linitiative.ca\/International\/wp-json\/wp\/v2\/categories?post=110996"},{"taxonomy":"post_tag","embeddable":true,"href":"https:\/\/linitiative.ca\/International\/wp-json\/wp\/v2\/tags?post=110996"}],"curies":[{"name":"wp","href":"https:\/\/api.w.org\/{rel}","templated":true}]}}