{"id":110998,"date":"2021-02-10T05:00:00","date_gmt":"2021-02-10T10:00:00","guid":{"rendered":"https:\/\/linitiative.ca\/International\/impressions-tizi-ouziennes\/"},"modified":"2021-02-10T05:00:00","modified_gmt":"2021-02-10T10:00:00","slug":"impressions-tizi-ouziennes","status":"publish","type":"post","link":"https:\/\/linitiative.ca\/International\/impressions-tizi-ouziennes\/","title":{"rendered":"IMPRESSIONS TIZI-OUZIENNES"},"content":{"rendered":"<p class=\"c4\">J\u2019ai toujours su qu\u2019il n\u2019est jamais trop tard pour red\u00e9couvrir sa ville. Car l\u2019habitude aidant, on d\u00e9laisse un tantinet la r\u00e9alit\u00e9 pour laisser place au pouvoir de la m\u00e9moire. Or, la m\u00e9moire n\u2019est pas si infaillible que cela. Souvent, il m\u2019est arriv\u00e9 de confondre un \u00e9l\u00e9ment par rapport \u00e0 un autre, une couleur par rapport \u00e0 une autre, ou une impression par rapport \u00e0 une autre. Tout simplement, chaque souvenir qui se superpose sur le pr\u00e9c\u00e9dent tend \u00e0 falsifier, un tant soit peu, la consistance d\u2019un \u00e9v\u00e9nement, d\u2019un lieu ou d\u2019une personne. J\u2019ai eu \u00e0 le vivre, \u00e0 mes d\u00e9pens. J\u2019ai toujours paum\u00e9 le nom de personnes que je n\u2019ai pas vues depuis un bon bout de temps. Ma m\u00e9moire n\u2019arrive pas \u00e0 sauvegarder cet \u00e9l\u00e9ment du souvenir, comme le patronyme. Cette partie de mon cerveau doit \u00eatre en d\u00e9sh\u00e9rence. Je devrais demander \u00e0 mon toubib le pourquoi du ph\u00e9nom\u00e8ne.<br \/>\u00a0Parlons de toubib, celui m\u2019a prescrit une marche quotidienne. Et d\u2019\u00e9viter autant que faire se peut la voiture. C\u2019est ce que je fais, depuis quelques semaines. Je me fixe, la veille, un itin\u00e9raire, pour varier et \u00e9viter ainsi la monotonie des pas. Depuis, je commence \u00e0 red\u00e9couvrir ma ville natale. En sortant de chez moi la derni\u00e8re fois, je me suis d\u00e9cid\u00e9 \u00e0 orienter ma marche en direction de Tazouguert (nom du jujubier, en kabyle), en passant par Djama\u00e2 Zitouna, d\u00e9bouchant ainsi sur Zellal, le quartier de ma naissance, redescendre par A\u00efn Hallouf (la fontaine du sanglier, cette fontaine existe toujours), ensuite emprunter \u00abla route des arbres\u00bb, merveille du g\u00e9nie populaire en termes de toponymie, \u00abTrig echdjour\u00bb, puis prendre par \u00abla rue de la Paix\u00bb et se retrouver au niveau de la grand-rue.\u00a0<br \/>\u00a0Ce n\u2019est pas pour faire du tourisme, c\u2019est promis. Dans ma vie, j\u2019ai emprunt\u00e9 ce trac\u00e9 des milliers de fois. C\u2019est, d\u2019abord, pour marcher dans un souci m\u00e9dical ; ensuite, pour convoquer ma m\u00e9moire et lui intimer l\u2019ordre de m\u2019indiquer la meilleure des traces d\u2019antan. Tout faire pour que ma promenade de sant\u00e9 ne soit pas insipide. Djama\u00e2 Zitouna est au c\u0153ur de plusieurs ruelles, au nombre de cinq. Zitouna, parce qu\u2019un olivier tr\u00f4ne sur ce morceau de terrain utilis\u00e9 comme espace de regroupement, une esp\u00e8ce d\u2019assembl\u00e9e. J\u2019y ai frott\u00e9 mes fonds de pantalon, il y a quelques ann\u00e9es de cela, un sacr\u00e9 paquet d\u2019ann\u00e9es. Puis, quand il y a \u00ablawzi\u00e2\u00bb, elle se faisait \u00e0 l\u2019\u00e9poque, plus maintenant, cette place est utilis\u00e9e pour \u00e9taler la viande, et sa distribution. Tazouguert est \u00e0 un niveau sup\u00e9rieur ; il faut monter pour se retrouver face aux deux fontaines, dites \u00abZoudj A\u00e2youn\u00bb ; sauf que l\u2019eau n\u2019y coule plus depuis des lustres. A partir de l\u00e0, on peut consid\u00e9rer qu\u2019on est au pied du Belloua, ce mont, ce saint-patron qui domine Tizi-Ouzou de pr\u00e8s de neuf cents m\u00e8tres.\u00a0<br \/>\u00a0A Tazouguert, on se sent v\u00e9ritablement au village, taddert ou dechra. Les ruelles sont \u00e9troites ; les maisons (anciennement en terre) s\u2019adossent les unes aux autres, comme dans les villages de nos montagnes ; ceci pour dire que ceux qui habitent l\u00e0 viennent d\u2019un peu partout. Arriv\u00e9 \u00e0 Zellal, je n\u2019ai pas retrouv\u00e9 la maison o\u00f9 je suis n\u00e9. J\u2019avais beau creuser ma m\u00e9moire, rien n\u2019y fait. J\u2019ai emprunt\u00e9 la venelle (azroug) de bout en bout, en vain. L\u2019ancienne huilerie d\u2019El Hadj Amar Akli n\u2019existe plus ; elle s\u2019est transform\u00e9e en parking. Je crois que c\u2019est \u00e7a ; que je ne me fasse pas berner par une m\u00e9moire vieillie. Je pense que c\u2019est \u00e7a. En tous les cas, l\u2019huilerie n\u2019existe plus. Je ne la trouve nulle part !\u00a0<br \/>Puis, ce fut la descente par \u00abTrig j\u2019dida\u00bb, pour aboutir \u00e0 \u00abHoumet Tabna\u00e2lit\u00bb. L\u00e0, sur un mur de la place circulaire, le portrait de Samy El Djaza\u00efri fait face \u00e0 tous ceux qui montent vers Redjaouna. Et voil\u00e0 A\u00efn Hallouf et son antique \u00e9cole Jeanmaire destin\u00e9e, \u00e0 l\u2019\u00e9poque, pour les \u00abindig\u00e8nes\u00bb, qui, personnellement, m\u2019a accueilli au primaire. Faut-il rappeler que devant la fontaine en question, fontaine d\u2019o\u00f9 coule de l\u2019eau en permanence, El Hadj Amar vendait toute sorte de sucreries, dans les ann\u00e9es soixante, pour les \u00e9coliers que nous \u00e9tions. Dans ma m\u00e9moire, El Hadj Amar est une institution, \u00e0 lui tout seul. S\u2019il faut atteindre \u00ablbiladj\u00bb, le centre-ville, j\u2019emprunte \u00abTrig echdjour\u00bb, appel\u00e9e ainsi parce que des arbres tr\u00e8s hauts donnent de l\u2019ombre, principalement en \u00e9t\u00e9 ; puis, sa c\u00f4te est \u00e0 taille d\u2019homme. Un peu plus loin, la rue de la Paix n\u2019est plus ce qu\u2019elle \u00e9tait depuis que l\u2019ami Krimo, \u00abtbib\u00bb, a rejoint le Ciel sur la pointe des pieds, sans d\u00e9ranger personne.\u00a0<br \/>\u00a0Voil\u00e0 la grand-rue o\u00f9 convergent tous ceux qui transitent par Tizi-Ouzou. Elle n\u2019a pas chang\u00e9 cette grand-rue de mon enfance. M\u00eame si elle a \u00e9t\u00e9 \u00e9visc\u00e9r\u00e9e \u00e0 ses deux extr\u00e9mit\u00e9s, elle demeure le c\u0153ur palpitant de la ville. Elle devait \u00eatre pi\u00e9tonne, elle ne l\u2019a pas \u00e9t\u00e9. Le caf\u00e9 El Djenina, un joyau \u00e0 son \u00e9poque, a disparu dans la tourmente de la r\u00e9novation du centre. Demeure heureusement l\u2019antique librairie Cheikh, appel\u00e9e populairement \u00abSi Ali Ou Cheikh\u00bb, qui perp\u00e9tue \u00e0 propager le livre, l\u2019\u00e9criture, le savoir et la culture. Bob a ferm\u00e9 ses portes. Le Novelty ne donne plus les r\u00e9sultats sportifs. Le rond-point est toujours rond, il y tr\u00f4ne une \u00abfouara\u00bb qui, trop souvent, oublie de lancer ses jets d\u2019eau en l\u2019air. L\u2019h\u00f4tel Kohler a ferm\u00e9 ses portes, puis a \u00e9t\u00e9 d\u00e9truit, pour recevoir la Sonelgaz, endroit peu indiqu\u00e9 pour une structure pareille. L\u2019ancien si\u00e8ge de la mairie est toujours debout, r\u00e9siste vaille que vaille aux assauts du temps et aux omissions des hommes. Il est l\u00e0, comme un appel au pass\u00e9. Sa place est toujours vide. Embryon de mus\u00e9e, m\u2019a-t-on dit.<br \/>\u00a0Juste au-dessus de la tr\u00e9mie tr\u00f4ne la statue de Chachnaq. Beaucoup ont applaudi son \u00e9rection ; d\u2019aucuns ont rejet\u00e9 sa mise en place. Pourtant, il est l\u00e0 ; il fait d\u00e9j\u00e0 partie du d\u00e9cor ; grands et petits viennent se prendre en photo devant ce pharaon. Les \u00abpour\u00bb semblent dire aux \u00abcontre\u00bb, au lieu de chercher la petite b\u00eate, faites comme nous, ramenez votre pharaon, l\u2019affaire sera r\u00e9gl\u00e9e. C\u2019est ainsi que je vois le schmilblick. Il est l\u00e0. Rien ne dit qu\u2019il y restera une \u00e9ternit\u00e9. Les choses \u00e9voluent. Du jour au lendemain, une main de fer pourra venir le mettre au rebut. A moins qu\u2019un Rams\u00e8s ne vienne lui faire un coup d\u2019Etat ! Question \u00e0 un douro \u00abcovid\u00e9e\u00bb, \u00e0 celui qui pourra y r\u00e9pondre : \u00abQuelle est donc la mal\u00e9diction qui colle aux trottoirs de Tizi ? A peine les carreaux pos\u00e9s, ils sont d\u00e9j\u00e0 refaits.\u00bb<br \/>\u00a0Il y a encore des rues \u00e0 traverser. J\u2019ai encore de la marche \u00e0 faire. Il y a encore des souvenirs \u00e0 d\u00e9terrer, pour apaiser une m\u00e9moire carnivore. Enfin, Tizi-Ouzou n\u2019est plus Tizi d\u2019antan. L\u00e0, je suis nostalgique !<br \/><em><strong>Y. M.<\/strong><\/em><\/p>\n<p>Auteur:<br \/>\n<a href=\"https:\/\/www.lesoirdalgerie.com\/tendances\/impressions-tizi-ouziennes-56091\">Cliquez ici pour lire l&rsquo;article depuis sa source.<\/a><\/p>\n","protected":false},"excerpt":{"rendered":"<p>J\u2019ai toujours su qu\u2019il n\u2019est jamais trop tard pour red\u00e9couvrir sa ville. Car l\u2019habitude aidant, on d\u00e9laisse un tantinet la r\u00e9alit\u00e9 pour laisser place au pouvoir de la m\u00e9moire. Or, la m\u00e9moire n\u2019est pas si infaillible que cela. Souvent, il m\u2019est arriv\u00e9 de confondre un \u00e9l\u00e9ment par rapport \u00e0 un autre, une couleur par rapport [&hellip;]<\/p>\n","protected":false},"author":1741,"featured_media":0,"comment_status":"closed","ping_status":"closed","sticky":false,"template":"","format":"standard","meta":{"fifu_image_url":"","fifu_image_alt":"","footnotes":""},"categories":[73,53],"tags":[],"class_list":["post-110998","post","type-post","status-publish","format-standard","hentry","category-actualite","category-algerie"],"_links":{"self":[{"href":"https:\/\/linitiative.ca\/International\/wp-json\/wp\/v2\/posts\/110998","targetHints":{"allow":["GET"]}}],"collection":[{"href":"https:\/\/linitiative.ca\/International\/wp-json\/wp\/v2\/posts"}],"about":[{"href":"https:\/\/linitiative.ca\/International\/wp-json\/wp\/v2\/types\/post"}],"author":[{"embeddable":true,"href":"https:\/\/linitiative.ca\/International\/wp-json\/wp\/v2\/users\/1741"}],"replies":[{"embeddable":true,"href":"https:\/\/linitiative.ca\/International\/wp-json\/wp\/v2\/comments?post=110998"}],"version-history":[{"count":0,"href":"https:\/\/linitiative.ca\/International\/wp-json\/wp\/v2\/posts\/110998\/revisions"}],"wp:attachment":[{"href":"https:\/\/linitiative.ca\/International\/wp-json\/wp\/v2\/media?parent=110998"}],"wp:term":[{"taxonomy":"category","embeddable":true,"href":"https:\/\/linitiative.ca\/International\/wp-json\/wp\/v2\/categories?post=110998"},{"taxonomy":"post_tag","embeddable":true,"href":"https:\/\/linitiative.ca\/International\/wp-json\/wp\/v2\/tags?post=110998"}],"curies":[{"name":"wp","href":"https:\/\/api.w.org\/{rel}","templated":true}]}}