{"id":111004,"date":"2021-02-10T15:59:32","date_gmt":"2021-02-10T20:59:32","guid":{"rendered":"https:\/\/linitiative.ca\/International\/kef-lugtt-declare-sa-position-sur-le-sit-in-des-jeunes-chomeurs\/"},"modified":"2021-02-10T15:59:32","modified_gmt":"2021-02-10T20:59:32","slug":"kef-lugtt-declare-sa-position-sur-le-sit-in-des-jeunes-chomeurs","status":"publish","type":"post","link":"https:\/\/linitiative.ca\/International\/kef-lugtt-declare-sa-position-sur-le-sit-in-des-jeunes-chomeurs\/","title":{"rendered":"Kef: L\u2019UGTT d\u00e9clare sa position sur le sit-in des jeunes ch\u00f4meurs"},"content":{"rendered":"<div class=\"post-cont-in left relative\">\n<div id=\"post-info-wrap\" class=\"left relative post-info-out\">\n<div class=\"post-info-img left relative\"><img loading=\"lazy\" decoding=\"async\" alt=\"\" src=\"https:\/\/secure.gravatar.com\/avatar\/ea481d7287ad38ca1787f44b5bb1b70e?s=50&amp;d=mm&amp;r=g\" srcset=\"https:\/\/secure.gravatar.com\/avatar\/ea481d7287ad38ca1787f44b5bb1b70e?s=100&amp;d=mm&amp;r=g 2x\" class=\"avatar avatar-50 photo\" height=\"50\" width=\"50\"\/><\/div>\n<div class=\"post-info-in\">\n<div class=\"post-info-right left relative post-info-name left relative\"><span><span class=\"post-info-text\">Par<\/span> <span class=\"author-name vcard fn author\"><a href=\"https:\/\/www.tunisienumerique.com\/author\/rania-ben-slimane\/\" title=\"Articles par rania ben slimane\" rel=\"author\">rania ben slimane<\/a><\/span><\/span> <span class=\"post-date updated\"><time class=\"post-date updated\" datetime=\"2021-02-10\">\u00a0| Il y a 1 heure<\/time><\/span><\/div>\n<div class=\"left relative\"><button id=\"listenButton1\" class=\"responsivevoice-button\" type=\"button\" value=\"Play\" title=\"&#xC9;coutez l'article\"><span>\ud83d\udd0a \u00c9coutez l&rsquo;article<\/span><\/button> <\/div>\n<\/div>\n<\/div>\n<p>Le bureau r\u00e9gional de l\u2019UGTT au Kef a annonc\u00e9, dans un communiqu\u00e9 rendu public sur sa page, le 10 f\u00e9vrier 2021, qu\u2019apr\u00e8s avoir suivi la s\u00e9rie des manifestations et des protestations des jeunes ch\u00f4meurs depuis longtemps, en raison de la n\u00e9gligence, de\u00a0 l\u2019indiff\u00e9rence et de la procrastination des autorit\u00e9s centrales et r\u00e9gionales.<\/p>\n<div class=\"code-block code-block-1 c4\"><ins class=\"adsbygoogle c3\" data-ad-layout=\"in-article\" data-ad-format=\"fluid\" data-ad-client=\"ca-pub-2102118777505746\" data-ad-slot=\"7301775417\"\/> <\/div>\n<p>Il a, en outre, exprim\u00e9 son soutien inconditionnel \u00e0 leur militantisme, qui repr\u00e9sente un moyen l\u00e9gitime pour d\u00e9fendre leur droit \u00e0 un emploi digne leur assurant une vie d\u00e9cente.<\/p>\n<p>Le bureau syndical a \u00e9galement appel\u00e9 les dirigeants au pouvoir de cesser de pr\u00e9senter des solutions provisoires et de n\u00e9gocier s\u00e9rieusement pour trouver des solutions tangibles.<\/p>\n<p>Dans le m\u00eame cadre, il a tenu les autorit\u00e9s r\u00e9gionales enti\u00e8rement responsables quant \u00e0 la sant\u00e9 et la s\u00fbret\u00e9 des sit-inneur.<\/p>\n<p><img loading=\"lazy\" decoding=\"async\" class=\"size-full wp-image-626530 aligncenter\" src=\"https:\/\/www.tunisienumerique.com\/wp-content\/uploads\/2021\/02\/UGGT-KEF-communiqu\u00e9.jpg\" alt=\"\" width=\"523\" height=\"720\"\/><\/p>\n<div class=\"swp_social_panel swp_horizontal_panel swp_flat_fresh swp_default_full_color swp_individual_full_color swp_other_full_color scale-100 scale-\" data-min-width=\"1100\" data-float-color=\"#ffffff\" data-float=\"bottom\" data-float-mobile=\"bottom\" data-transition=\"slide\">\n<div class=\"nc_tweetContainer swp_share_button total_shares total_sharesalt\"><span class=\"swp_count\">4 <span class=\"swp_label\">Partages<\/span><\/span><\/div>\n<\/div>\n<p><strong>Que se passe-t-il en Tunisie?<\/strong><br \/>Nous expliquons sur notre <a href=\"https:\/\/www.youtube.com\/channel\/UCRzypVq0B_yBad5eGrwBx0Q?sub_confirmation=1\" target=\"_blank\" rel=\"noopener\">cha\u00eene YouTube<\/a> . <a href=\"https:\/\/www.youtube.com\/channel\/UCRzypVq0B_yBad5eGrwBx0Q?sub_confirmation=1\" target=\"_blank\" rel=\"noopener\">Abonnez-vous!<\/a><\/p>\n<div class=\"mvp-org-wrap mvp-org-logo\" itemprop=\"publisher\"><img decoding=\"async\" src=\"https:\/\/www.tunisienumerique.com\/wp-content\/uploads\/2017\/02\/logo_tunisie_numerique.png\"\/><\/div>\n<div class=\"mvp-related-posts left relative\">\n<h4 class=\"post-header\"><span class=\"post-header\">Lire aussi<\/span><\/h4>\n<\/div>\n<div id=\"article-ad\"><ins class=\"adsbygoogle c5\" data-ad-client=\"ca-pub-2102118777505746\" data-ad-slot=\"6513972734\" data-ad-format=\"auto\" data-full-width-responsive=\"true\"\/> <\/div>\n<\/div>\n<div id=\"post-sidebar-wrap\"><ins class=\"adsbygoogle c5\" data-ad-client=\"ca-pub-2102118777505746\" data-ad-slot=\"6168283410\" data-ad-format=\"auto\" data-full-width-responsive=\"true\"\/> <\/div>\n<p>Auteur: rania ben slimane<br \/>\n<a href=\"https:\/\/www.tunisienumerique.com\/kef-lugtt-declare-sa-position-sur-le-sit-in-des-jeunes-chomeurs\/\">Cliquez ici pour lire l&rsquo;article depuis sa source.<\/a><\/p>\n","protected":false},"excerpt":{"rendered":"<p>Par rania ben slimane \u00a0| Il y a 1 heure \ud83d\udd0a \u00c9coutez l&rsquo;article Le bureau r\u00e9gional de l\u2019UGTT au Kef a annonc\u00e9, dans un communiqu\u00e9 rendu public sur sa page, le 10 f\u00e9vrier 2021, qu\u2019apr\u00e8s avoir suivi la s\u00e9rie des manifestations et des protestations des jeunes ch\u00f4meurs depuis longtemps, en raison de la n\u00e9gligence, de\u00a0 [&hellip;]<\/p>\n","protected":false},"author":1789,"featured_media":0,"comment_status":"closed","ping_status":"closed","sticky":false,"template":"","format":"standard","meta":{"fifu_image_url":"https:\/\/secure.gravatar.com\/avatar\/ea481d7287ad38ca1787f44b5bb1b70e?s=50&d=mm&r=g","fifu_image_alt":"Kef: L\u2019UGTT d\u00e9clare sa position sur le sit-in des jeunes ch\u00f4meurs","footnotes":""},"categories":[73,55],"tags":[],"class_list":["post-111004","post","type-post","status-publish","format-standard","hentry","category-actualite","category-tunisie"],"_links":{"self":[{"href":"https:\/\/linitiative.ca\/International\/wp-json\/wp\/v2\/posts\/111004","targetHints":{"allow":["GET"]}}],"collection":[{"href":"https:\/\/linitiative.ca\/International\/wp-json\/wp\/v2\/posts"}],"about":[{"href":"https:\/\/linitiative.ca\/International\/wp-json\/wp\/v2\/types\/post"}],"author":[{"embeddable":true,"href":"https:\/\/linitiative.ca\/International\/wp-json\/wp\/v2\/users\/1789"}],"replies":[{"embeddable":true,"href":"https:\/\/linitiative.ca\/International\/wp-json\/wp\/v2\/comments?post=111004"}],"version-history":[{"count":0,"href":"https:\/\/linitiative.ca\/International\/wp-json\/wp\/v2\/posts\/111004\/revisions"}],"wp:attachment":[{"href":"https:\/\/linitiative.ca\/International\/wp-json\/wp\/v2\/media?parent=111004"}],"wp:term":[{"taxonomy":"category","embeddable":true,"href":"https:\/\/linitiative.ca\/International\/wp-json\/wp\/v2\/categories?post=111004"},{"taxonomy":"post_tag","embeddable":true,"href":"https:\/\/linitiative.ca\/International\/wp-json\/wp\/v2\/tags?post=111004"}],"curies":[{"name":"wp","href":"https:\/\/api.w.org\/{rel}","templated":true}]}}