{"id":111005,"date":"2021-02-10T16:39:46","date_gmt":"2021-02-10T21:39:46","guid":{"rendered":"https:\/\/linitiative.ca\/International\/tunisie-mechichi-serait-il-sur-le-point-dabdiquer-et-de-demissionner\/"},"modified":"2021-02-10T16:39:46","modified_gmt":"2021-02-10T21:39:46","slug":"tunisie-mechichi-serait-il-sur-le-point-dabdiquer-et-de-demissionner","status":"publish","type":"post","link":"https:\/\/linitiative.ca\/International\/tunisie-mechichi-serait-il-sur-le-point-dabdiquer-et-de-demissionner\/","title":{"rendered":"Tunisie \u2013 Mechichi serait-il sur le point d\u2019abdiquer et de d\u00e9missionner\u00a0?"},"content":{"rendered":"<div class=\"post-cont-in left relative\">\n<div id=\"post-info-wrap\" class=\"left relative post-info-out\">\n<div class=\"post-info-img left relative\"><img loading=\"lazy\" decoding=\"async\" alt=\"\" src=\"https:\/\/secure.gravatar.com\/avatar\/9f10b5e5a102bf8cc0ebfb84f5ab5652?s=50&amp;d=mm&amp;r=g\" srcset=\"https:\/\/secure.gravatar.com\/avatar\/9f10b5e5a102bf8cc0ebfb84f5ab5652?s=100&amp;d=mm&amp;r=g 2x\" class=\"avatar avatar-50 photo\" height=\"50\" width=\"50\"\/><\/div>\n<div class=\"post-info-in\">\n<div class=\"post-info-right left relative post-info-name left relative\"><span><span class=\"post-info-text\">Par<\/span> <span class=\"author-name vcard fn author\"><a href=\"https:\/\/www.tunisienumerique.com\/author\/ramsis\/\" title=\"Articles par Ramsis\" rel=\"author\">Ramsis<\/a><\/span><\/span> <span class=\"post-date updated\"><time class=\"post-date updated\" datetime=\"2021-02-10\">\u00a0| Il y a 27 minutes<\/time><\/span><\/div>\n<div class=\"left relative\"><button id=\"listenButton1\" class=\"responsivevoice-button\" type=\"button\" value=\"Play\" title=\"&#xC9;coutez l'article\"><span>\ud83d\udd0a \u00c9coutez l&rsquo;article<\/span><\/button> <\/div>\n<\/div>\n<\/div>\n<p>Le bras de fer entre le chef du gouvernement et le pr\u00e9sident de la R\u00e9publique est en train de prendre une sacr\u00e9e tournure, ces derniers jours. Alors qu\u2019au d\u00e9part, le diff\u00e9rend concernait le refus du pr\u00e9sident la prestation du serment par quatre ou cinq ministres propos\u00e9s qu\u2019il suspectait de malversations, le duel a \u00e9volu\u00e9. Depuis quelques jours, les revendications du chef de l\u2019Etat n\u2019en sont plus \u00e0 ce niveau. Son aspiration est de demander la d\u00e9mission de tout le gouvernement Mechichi. Son projet \u00e9tant de reprendre le droit de choisir son successeur et, ainsi, imposer ses r\u00e8gles du jeu.<\/p>\n<div class=\"code-block code-block-1 c4\"><ins class=\"adsbygoogle c3\" data-ad-layout=\"in-article\" data-ad-format=\"fluid\" data-ad-client=\"ca-pub-2102118777505746\" data-ad-slot=\"7301775417\"\/> <\/div>\n<p>Les man\u0153uvres de Ka\u00efs Sa\u00efed n\u2019en finissent pas, pour mettre la pression sur Mechichi, le poussant \u00e0 la d\u00e9mission. Il a, derni\u00e8rement tent\u00e9 de regrouper autour de lui, le plus grand nombre possible de d\u00e9put\u00e9s, pour les gagner \u00e0 sa cause. Il serait m\u00eame arriv\u00e9 \u00e0 insinuer qu\u2019ils allaient devoir choisir entre lui et Mechichi.<\/p>\n<p>Mais, alors\u2026 Mechichi va-t-il \u00eatre accul\u00e9 \u00e0 d\u00e9missionner et \u00e0 abdiquer devant l\u2019ent\u00eatement du pr\u00e9sident ?<\/p>\n<p>Eh bien, tout laisse \u00e0 croire qu\u2019il n\u2019en est rien. Car Mechichi est tr\u00e8s loin d\u2019envisager le moindre retrait. Mais comme il n\u2019est plus dans son int\u00e9r\u00eat, ni dans l\u2019int\u00e9r\u00eat de personne, de laisser cette situation s\u2019\u00e9terniser, avec les services de l\u2019Etat \u00e0 l\u2019arr\u00eat. Mechichi, apr\u00e8s avoir \u00e9limin\u00e9 la solution du passage en force, sur les recommandations des experts en droit, va <a href=\"https:\/\/www.tunisienumerique.com\/tunisie-mechichi-va-bientot-devoir-se-rabattre-sur-le-plan-d\/\" target=\"_blank\" rel=\"noopener noreferrer\">se rabattre sur le plan \u00ab D \u00bb<\/a>, qu\u2019il avait gard\u00e9 comme ultime recours.<\/p>\n<p>Pour ce plan, Mechichi va commencer par limoger les onze ministres qu\u2019il voulait changer. Ensuite, il va reconstituer son gouvernement, en comptant sur les seuls ministres qui lui resteront. Il ne va pas en nommer de nouveaux. Du coup, il n\u2019aura plus \u00e0 proposer sa nouvelle formation au vote de confiance de l\u2019ARP, ni \u00e0 l\u2019obligation de pr\u00eater serment. Il va se limiter \u00e0 un gouvernement de seize ministres qui seront charg\u00e9s de superviser des minist\u00e8res regroup\u00e9s. Plus simplement, il va les charger, chacun de l\u2019int\u00e9rim d\u2019un des ministres qu\u2019il aura limog\u00e9.<\/p>\n<p>Pour ce qui est des ministres qu\u2019il a propos\u00e9s au dernier remaniement, il a l\u2019intention de les r\u00e9cup\u00e9rer comme conseillers \u00e0 La Kasbah. Ce qui leur laissera le loisir de superviser, de fait, les minist\u00e8res auxquels ils \u00e9taient destin\u00e9s.<\/p>\n<div class=\"swp_social_panel swp_horizontal_panel swp_flat_fresh swp_default_full_color swp_individual_full_color swp_other_full_color scale-100 scale-\" data-min-width=\"1100\" data-float-color=\"#ffffff\" data-float=\"bottom\" data-float-mobile=\"bottom\" data-transition=\"slide\">\n<div class=\"nc_tweetContainer swp_share_button total_shares total_sharesalt\"><span class=\"swp_count\">36 <span class=\"swp_label\">Partages<\/span><\/span><\/div>\n<\/div>\n<p><strong>Que se passe-t-il en Tunisie?<\/strong><br \/>Nous expliquons sur notre <a href=\"https:\/\/www.youtube.com\/channel\/UCRzypVq0B_yBad5eGrwBx0Q?sub_confirmation=1\" target=\"_blank\" rel=\"noopener\">cha\u00eene YouTube<\/a> . <a href=\"https:\/\/www.youtube.com\/channel\/UCRzypVq0B_yBad5eGrwBx0Q?sub_confirmation=1\" target=\"_blank\" rel=\"noopener\">Abonnez-vous!<\/a><\/p>\n<div class=\"mvp-org-wrap mvp-org-logo\" itemprop=\"publisher\"><img decoding=\"async\" src=\"https:\/\/www.tunisienumerique.com\/wp-content\/uploads\/2017\/02\/logo_tunisie_numerique.png\"\/><\/div>\n<div class=\"mvp-related-posts left relative\">\n<h4 class=\"post-header\"><span class=\"post-header\">Lire aussi<\/span><\/h4>\n<\/div>\n<div id=\"article-ad\"><ins class=\"adsbygoogle c5\" data-ad-client=\"ca-pub-2102118777505746\" data-ad-slot=\"6513972734\" data-ad-format=\"auto\" data-full-width-responsive=\"true\"\/> <\/div>\n<\/div>\n<div id=\"post-sidebar-wrap\"><ins class=\"adsbygoogle c5\" data-ad-client=\"ca-pub-2102118777505746\" data-ad-slot=\"6168283410\" data-ad-format=\"auto\" data-full-width-responsive=\"true\"\/> <\/div>\n<p>Auteur: Ramsis<br \/>\n<a href=\"https:\/\/www.tunisienumerique.com\/tunisie-mechichi-serait-il-sur-le-point-dabdiquer-et-de-demissionner\/\">Cliquez ici pour lire l&rsquo;article depuis sa source.<\/a><\/p>\n","protected":false},"excerpt":{"rendered":"<p>Par Ramsis \u00a0| Il y a 27 minutes \ud83d\udd0a \u00c9coutez l&rsquo;article Le bras de fer entre le chef du gouvernement et le pr\u00e9sident de la R\u00e9publique est en train de prendre une sacr\u00e9e tournure, ces derniers jours. Alors qu\u2019au d\u00e9part, le diff\u00e9rend concernait le refus du pr\u00e9sident la prestation du serment par quatre ou cinq [&hellip;]<\/p>\n","protected":false},"author":1789,"featured_media":0,"comment_status":"closed","ping_status":"closed","sticky":false,"template":"","format":"standard","meta":{"fifu_image_url":"https:\/\/secure.gravatar.com\/avatar\/9f10b5e5a102bf8cc0ebfb84f5ab5652?s=50&d=mm&r=g","fifu_image_alt":"Tunisie \u2013 Mechichi serait-il sur le point d\u2019abdiquer et de d\u00e9missionner\u00a0?","footnotes":""},"categories":[73,55],"tags":[],"class_list":["post-111005","post","type-post","status-publish","format-standard","hentry","category-actualite","category-tunisie"],"_links":{"self":[{"href":"https:\/\/linitiative.ca\/International\/wp-json\/wp\/v2\/posts\/111005","targetHints":{"allow":["GET"]}}],"collection":[{"href":"https:\/\/linitiative.ca\/International\/wp-json\/wp\/v2\/posts"}],"about":[{"href":"https:\/\/linitiative.ca\/International\/wp-json\/wp\/v2\/types\/post"}],"author":[{"embeddable":true,"href":"https:\/\/linitiative.ca\/International\/wp-json\/wp\/v2\/users\/1789"}],"replies":[{"embeddable":true,"href":"https:\/\/linitiative.ca\/International\/wp-json\/wp\/v2\/comments?post=111005"}],"version-history":[{"count":0,"href":"https:\/\/linitiative.ca\/International\/wp-json\/wp\/v2\/posts\/111005\/revisions"}],"wp:attachment":[{"href":"https:\/\/linitiative.ca\/International\/wp-json\/wp\/v2\/media?parent=111005"}],"wp:term":[{"taxonomy":"category","embeddable":true,"href":"https:\/\/linitiative.ca\/International\/wp-json\/wp\/v2\/categories?post=111005"},{"taxonomy":"post_tag","embeddable":true,"href":"https:\/\/linitiative.ca\/International\/wp-json\/wp\/v2\/tags?post=111005"}],"curies":[{"name":"wp","href":"https:\/\/api.w.org\/{rel}","templated":true}]}}