{"id":111009,"date":"2021-02-10T16:17:24","date_gmt":"2021-02-10T21:17:24","guid":{"rendered":"https:\/\/linitiative.ca\/International\/lutte-contre-le-terrorisme-au-sahel-le-president-du-faso-echange-avec-emmanuel-macron\/"},"modified":"2021-02-10T16:17:24","modified_gmt":"2021-02-10T21:17:24","slug":"lutte-contre-le-terrorisme-au-sahel-le-president-du-faso-echange-avec-emmanuel-macron","status":"publish","type":"post","link":"https:\/\/linitiative.ca\/International\/lutte-contre-le-terrorisme-au-sahel-le-president-du-faso-echange-avec-emmanuel-macron\/","title":{"rendered":"Lutte contre le terrorisme au Sahel : Le pr\u00e9sident du Faso \u00e9change  avec Emmanuel Macron"},"content":{"rendered":"<div class=\"td-post-sharing-top td-post-sharing td-ps-bg td-ps-padding td-ps-bar td-post-sharing-style6\">\n<div class=\"td-post-sharing-visible\"><a class=\"td-social-sharing-button td-social-sharing-button-js td-social-network td-social-facebook\" href=\"https:\/\/www.facebook.com\/sharer.php?u=https%3A%2F%2Fwww.sidwaya.info%2Fblog%2F2021%2F02%2F10%2Flutte-contre-le-terrorisme-au-sahel-le-president-du-faso-echange-avec-emmanuel-macron%2F\"\/><\/p>\n<p>Facebook<\/p>\n<p><a class=\"td-social-sharing-button td-social-sharing-button-js td-social-network td-social-twitter\" href=\"https:\/\/twitter.com\/intent\/tweet?text=Lutte+contre+le+terrorisme+au+Sahel+%3A+Le+pr%C3%A9sident+du+Faso+%C3%A9change++avec+Emmanuel+Macron&amp;url=https%3A%2F%2Fwww.sidwaya.info%2Fblog%2F2021%2F02%2F10%2Flutte-contre-le-terrorisme-au-sahel-le-president-du-faso-echange-avec-emmanuel-macron%2F&amp;via=Quotidien+Sidwaya\"\/><\/p>\n<p>Twitter<\/p>\n<p><a class=\"td-social-sharing-button td-social-sharing-button-js td-social-network td-social-pinterest\" href=\"https:\/\/pinterest.com\/pin\/create\/button\/?url=https:\/\/www.sidwaya.info\/blog\/2021\/02\/10\/lutte-contre-le-terrorisme-au-sahel-le-president-du-faso-echange-avec-emmanuel-macron\/&amp;media=https:\/\/www.sidwaya.info\/wp-content\/uploads\/2021\/02\/pf.jpg&amp;description=Lutte+contre+le+terrorisme+au+Sahel+%3A+Le+pr%C3%A9sident+du+Faso+%C3%A9change++avec+Emmanuel+Macron\"\/><\/p>\n<p>Pinterest<\/p>\n<p><a class=\"td-social-sharing-button td-social-sharing-button-js td-social-network td-social-whatsapp\" href=\"https:\/\/api.whatsapp.com\/send?text=Lutte+contre+le+terrorisme+au+Sahel+%3A+Le+pr%C3%A9sident+du+Faso+%C3%A9change++avec+Emmanuel+Macron%20%0A%0A%20https:\/\/www.sidwaya.info\/blog\/2021\/02\/10\/lutte-contre-le-terrorisme-au-sahel-le-president-du-faso-echange-avec-emmanuel-macron\/\"\/><\/p>\n<p>WhatsApp<\/p>\n<p><a class=\"td-social-sharing-button td-social-sharing-button-js td-social-network td-social-linkedin\" href=\"https:\/\/www.linkedin.com\/shareArticle?mini=true&amp;url=https:\/\/www.sidwaya.info\/blog\/2021\/02\/10\/lutte-contre-le-terrorisme-au-sahel-le-president-du-faso-echange-avec-emmanuel-macron\/&amp;title=Lutte+contre+le+terrorisme+au+Sahel+%3A+Le+pr%C3%A9sident+du+Faso+%C3%A9change++avec+Emmanuel+Macron\"\/><\/p>\n<p>Linkedin<\/p>\n<p><a class=\"td-social-sharing-button td-social-sharing-button-js td-social-network td-social-mail\" href=\"mailto:?subject=Lutte%20contre%20le%20terrorisme%20au%20Sahel%20:%20Le%20pr%C3%A9sident%20du%20Faso%20%C3%A9change%20avec%20Emmanuel%20Macron&amp;body=https:\/\/www.sidwaya.info\/blog\/2021\/02\/10\/lutte-contre-le-terrorisme-au-sahel-le-president-du-faso-echange-avec-emmanuel-macron\/\"\/><\/p>\n<p>Email<\/p>\n<p><a class=\"td-social-sharing-button td-social-sharing-button-js td-social-network td-social-print\" href=\"#\"\/><\/p>\n<p>Print<\/p>\n<p><a class=\"td-social-sharing-button td-social-sharing-button-js td-social-network td-social-tumblr\" href=\"https:\/\/www.tumblr.com\/share\/link?url=https:\/\/www.sidwaya.info\/blog\/2021\/02\/10\/lutte-contre-le-terrorisme-au-sahel-le-president-du-faso-echange-avec-emmanuel-macron\/&amp;name=Lutte%20contre%20le%20terrorisme%20au%20Sahel%20:%20Le%20pr%C3%A9sident%20du%20Faso%20%C3%A9change%20avec%20Emmanuel%20Macron\"\/><\/p>\n<p>Tumblr<\/p>\n<p><a class=\"td-social-sharing-button td-social-sharing-button-js td-social-network td-social-telegram\" href=\"https:\/\/telegram.me\/share\/url?url=https:\/\/www.sidwaya.info\/blog\/2021\/02\/10\/lutte-contre-le-terrorisme-au-sahel-le-president-du-faso-echange-avec-emmanuel-macron\/&amp;text=Lutte+contre+le+terrorisme+au+Sahel+%3A+Le+pr%C3%A9sident+du+Faso+%C3%A9change++avec+Emmanuel+Macron\"\/><\/p>\n<p>Telegram<\/p>\n<p><a class=\"td-social-sharing-button td-social-sharing-button-js td-social-network td-social-viber\" href=\"viber:\/\/forward?text=Lutte+contre+le+terrorisme+au+Sahel+%3A+Le+pr%C3%A9sident+du+Faso+%C3%A9change++avec+Emmanuel+Macron%20https:\/\/www.sidwaya.info\/blog\/2021\/02\/10\/lutte-contre-le-terrorisme-au-sahel-le-president-du-faso-echange-avec-emmanuel-macron\/\"\/><\/p>\n<p>Viber<\/p>\n<p><a class=\"td-social-sharing-button td-social-sharing-button-js td-social-network td-social-naver\" href=\"https:\/\/share.naver.com\/web\/shareView.nhn?url=https:\/\/www.sidwaya.info\/blog\/2021\/02\/10\/lutte-contre-le-terrorisme-au-sahel-le-president-du-faso-echange-avec-emmanuel-macron\/&amp;title=Lutte+contre+le+terrorisme+au+Sahel+%3A+Le+pr%C3%A9sident+du+Faso+%C3%A9change++avec+Emmanuel+Macron\"\/><\/p>\n<p>Naver<\/p>\n<\/div>\n<\/div>\n<div class=\"td-post-content tagdiv-type\" readability=\"45.5\">\n<div class=\"td-post-featured-image\" readability=\"33\"><a href=\"https:\/\/www.sidwaya.info\/wp-content\/uploads\/2021\/02\/pf.jpg\" data-caption=\"Les pr&#xE9;sidents Rock Kabor&#xE9; et Emmanuel Macron ont pass&#xE9; au peigne fin la coop&#xE9;ration entre leurs pays.\"><img loading=\"lazy\" decoding=\"async\" width=\"696\" height=\"435\" class=\"entry-thumb td-modal-image\" src=\"https:\/\/www.sidwaya.info\/wp-content\/uploads\/2021\/02\/pf-696x435.jpg\" srcset=\"https:\/\/www.sidwaya.info\/wp-content\/uploads\/2021\/02\/pf-696x435.jpg 696w, https:\/\/www.sidwaya.info\/wp-content\/uploads\/2021\/02\/pf-300x188.jpg 300w, https:\/\/www.sidwaya.info\/wp-content\/uploads\/2021\/02\/pf-150x94.jpg 150w, https:\/\/www.sidwaya.info\/wp-content\/uploads\/2021\/02\/pf-671x420.jpg 671w, https:\/\/www.sidwaya.info\/wp-content\/uploads\/2021\/02\/pf.jpg 756w\" sizes=\"auto, (max-width: 696px) 100vw, 696px\" alt=\"\" title=\"pf\"\/><\/a>Les pr\u00e9sidents Rock Kabor\u00e9 et Emmanuel Macron ont pass\u00e9 au peigne fin la coop\u00e9ration entre leurs pays.<\/div>\n<p>Apr\u00e8s son s\u00e9jour en Belgique o\u00f9 il a abord\u00e9 des questions d\u2019int\u00e9r\u00eat pour la Nation, le Pr\u00e9sident du Faso, Roch Marc Christian Kabor\u00e9, s\u2019est rendu en France. Dans l\u2019Hexagone, le chef de l\u2019Etat a eu hier, mercredi 10 f\u00e9vrier 2021, une s\u00e9ance de travail au palais de l\u2019Elys\u00e9e avec son homologue, Emmanuel Macron. \u00ab Nous avons fait le point de la coop\u00e9ration entre la France et le Burkina Faso et examin\u00e9 la situation s\u00e9curitaire au Sahel \u00bb, a-t-il annonc\u00e9 sur sa page Facebook certifi\u00e9e. Nul ne doute que la question de l\u2019appui de la France au G5 Sahel a \u00e9t\u00e9 abord\u00e9e, dans un contexte o\u00f9 Paris veut r\u00e9duire ses effectifs dans la lutte contre le terrorisme dans la zone.<\/p>\n<p class=\"c1\"><strong>La r\u00e9daction<\/strong><\/p>\n<div class=\"td-a-rec td-a-rec-id-content_bottom tdi_33_69b td_block_template_1\"><img loading=\"lazy\" decoding=\"async\" class=\"aligncenter size-full wp-image-27454\" src=\"https:\/\/www.sidwaya.info\/wp-content\/uploads\/2020\/10\/PUB-Bandeau-paiement-mobile-siteweb.jpg\" alt=\"\" width=\"728\" height=\"90\"\/><\/div>\n<\/div>\n<footer>\n<div class=\"td-post-sharing-bottom\">\n<p><iframe frameborder=\"0\" src=\"https:\/\/www.facebook.com\/plugins\/like.php?href=https:\/\/www.sidwaya.info\/blog\/2021\/02\/10\/lutte-contre-le-terrorisme-au-sahel-le-president-du-faso-echange-avec-emmanuel-macron\/&amp;layout=button_count&amp;show_faces=false&amp;width=105&amp;action=like&amp;colorscheme=light&amp;height=21\" class=\"c2\">[embedded content]<\/iframe><\/p>\n<div id=\"td_social_sharing_article_bottom\" class=\"td-post-sharing td-ps-bg td-ps-padding td-post-sharing-style7\">\n<div class=\"td-post-sharing-visible\"><a class=\"td-social-sharing-button td-social-sharing-button-js td-social-network td-social-facebook\" href=\"https:\/\/www.facebook.com\/sharer.php?u=https%3A%2F%2Fwww.sidwaya.info%2Fblog%2F2021%2F02%2F10%2Flutte-contre-le-terrorisme-au-sahel-le-president-du-faso-echange-avec-emmanuel-macron%2F\"\/><\/p>\n<p>Facebook<\/p>\n<p><a class=\"td-social-sharing-button td-social-sharing-button-js td-social-network td-social-twitter\" href=\"https:\/\/twitter.com\/intent\/tweet?text=Lutte+contre+le+terrorisme+au+Sahel+%3A+Le+pr%C3%A9sident+du+Faso+%C3%A9change++avec+Emmanuel+Macron&amp;url=https%3A%2F%2Fwww.sidwaya.info%2Fblog%2F2021%2F02%2F10%2Flutte-contre-le-terrorisme-au-sahel-le-president-du-faso-echange-avec-emmanuel-macron%2F&amp;via=Quotidien+Sidwaya\"\/><\/p>\n<p>Twitter<\/p>\n<p><a class=\"td-social-sharing-button td-social-sharing-button-js td-social-network td-social-pinterest\" href=\"https:\/\/pinterest.com\/pin\/create\/button\/?url=https:\/\/www.sidwaya.info\/blog\/2021\/02\/10\/lutte-contre-le-terrorisme-au-sahel-le-president-du-faso-echange-avec-emmanuel-macron\/&amp;media=https:\/\/www.sidwaya.info\/wp-content\/uploads\/2021\/02\/pf.jpg&amp;description=Lutte+contre+le+terrorisme+au+Sahel+%3A+Le+pr%C3%A9sident+du+Faso+%C3%A9change++avec+Emmanuel+Macron\"\/><\/p>\n<p>Pinterest<\/p>\n<p><a class=\"td-social-sharing-button td-social-sharing-button-js td-social-network td-social-whatsapp\" href=\"https:\/\/api.whatsapp.com\/send?text=Lutte+contre+le+terrorisme+au+Sahel+%3A+Le+pr%C3%A9sident+du+Faso+%C3%A9change++avec+Emmanuel+Macron%20%0A%0A%20https:\/\/www.sidwaya.info\/blog\/2021\/02\/10\/lutte-contre-le-terrorisme-au-sahel-le-president-du-faso-echange-avec-emmanuel-macron\/\"\/><\/p>\n<p>WhatsApp<\/p>\n<p><a class=\"td-social-sharing-button td-social-sharing-button-js td-social-network td-social-linkedin\" href=\"https:\/\/www.linkedin.com\/shareArticle?mini=true&amp;url=https:\/\/www.sidwaya.info\/blog\/2021\/02\/10\/lutte-contre-le-terrorisme-au-sahel-le-president-du-faso-echange-avec-emmanuel-macron\/&amp;title=Lutte+contre+le+terrorisme+au+Sahel+%3A+Le+pr%C3%A9sident+du+Faso+%C3%A9change++avec+Emmanuel+Macron\"\/><\/p>\n<p>Linkedin<\/p>\n<p><a class=\"td-social-sharing-button td-social-sharing-button-js td-social-network td-social-mail\" href=\"mailto:?subject=Lutte%20contre%20le%20terrorisme%20au%20Sahel%20:%20Le%20pr%C3%A9sident%20du%20Faso%20%C3%A9change%20avec%20Emmanuel%20Macron&amp;body=https:\/\/www.sidwaya.info\/blog\/2021\/02\/10\/lutte-contre-le-terrorisme-au-sahel-le-president-du-faso-echange-avec-emmanuel-macron\/\"\/><\/p>\n<p>Email<\/p>\n<p><a class=\"td-social-sharing-button td-social-sharing-button-js td-social-network td-social-print\" href=\"#\"\/><\/p>\n<p>Print<\/p>\n<p><a class=\"td-social-sharing-button td-social-sharing-button-js td-social-network td-social-tumblr\" href=\"https:\/\/www.tumblr.com\/share\/link?url=https:\/\/www.sidwaya.info\/blog\/2021\/02\/10\/lutte-contre-le-terrorisme-au-sahel-le-president-du-faso-echange-avec-emmanuel-macron\/&amp;name=Lutte%20contre%20le%20terrorisme%20au%20Sahel%20:%20Le%20pr%C3%A9sident%20du%20Faso%20%C3%A9change%20avec%20Emmanuel%20Macron\"\/><\/p>\n<p>Tumblr<\/p>\n<p><a class=\"td-social-sharing-button td-social-sharing-button-js td-social-network td-social-telegram\" href=\"https:\/\/telegram.me\/share\/url?url=https:\/\/www.sidwaya.info\/blog\/2021\/02\/10\/lutte-contre-le-terrorisme-au-sahel-le-president-du-faso-echange-avec-emmanuel-macron\/&amp;text=Lutte+contre+le+terrorisme+au+Sahel+%3A+Le+pr%C3%A9sident+du+Faso+%C3%A9change++avec+Emmanuel+Macron\"\/><\/p>\n<p>Telegram<\/p>\n<p><a class=\"td-social-sharing-button td-social-sharing-button-js td-social-network td-social-viber\" href=\"viber:\/\/forward?text=Lutte+contre+le+terrorisme+au+Sahel+%3A+Le+pr%C3%A9sident+du+Faso+%C3%A9change++avec+Emmanuel+Macron%20https:\/\/www.sidwaya.info\/blog\/2021\/02\/10\/lutte-contre-le-terrorisme-au-sahel-le-president-du-faso-echange-avec-emmanuel-macron\/\"\/><\/p>\n<p>Viber<\/p>\n<p><a class=\"td-social-sharing-button td-social-sharing-button-js td-social-network td-social-naver\" href=\"https:\/\/share.naver.com\/web\/shareView.nhn?url=https:\/\/www.sidwaya.info\/blog\/2021\/02\/10\/lutte-contre-le-terrorisme-au-sahel-le-president-du-faso-echange-avec-emmanuel-macron\/&amp;title=Lutte+contre+le+terrorisme+au+Sahel+%3A+Le+pr%C3%A9sident+du+Faso+%C3%A9change++avec+Emmanuel+Macron\"\/><\/p>\n<p>Naver<\/p>\n<\/div>\n<\/div>\n<\/div>\n<div class=\"td-block-row td-post-next-prev\">\n<div class=\"td-block-span6 td-post-prev-post td-post-next-prev-content\"><span>Article pr\u00e9c\u00e9dent<\/span><a href=\"https:\/\/www.sidwaya.info\/blog\/2021\/02\/10\/une-sidwaya-du-11-fevrier-2021\/\">Une Sidwaya du 11 f\u00e9vrier 2021<\/a><\/div>\n<div class=\"td-block-span6 td-post-next-post td-post-next-prev-content\"><span>Article suivant<\/span><a href=\"https:\/\/www.sidwaya.info\/blog\/2021\/02\/10\/lutte-contre-la-covid-19-la-chine-offre-du-materiel-de-255-millions-f-cfa\/\">Lutte contre la COVID-19 : La Chine offre du mat\u00e9riel de 255 millions F CFA<\/a><\/div>\n<\/div>\n<\/footer>\n<p>Auteur: JK. Sidwaya<br \/>\n<a href=\"https:\/\/www.sidwaya.info\/blog\/2021\/02\/10\/lutte-contre-le-terrorisme-au-sahel-le-president-du-faso-echange-avec-emmanuel-macron\/\">Cliquez ici pour lire l&rsquo;article depuis sa source.<\/a><\/p>\n","protected":false},"excerpt":{"rendered":"<p>Facebook Twitter Pinterest WhatsApp Linkedin Email Print Tumblr Telegram Viber Naver Les pr\u00e9sidents Rock Kabor\u00e9 et Emmanuel Macron ont pass\u00e9 au peigne fin la coop\u00e9ration entre leurs pays. Apr\u00e8s son s\u00e9jour en Belgique o\u00f9 il a abord\u00e9 des questions d\u2019int\u00e9r\u00eat pour la Nation, le Pr\u00e9sident du Faso, Roch Marc Christian Kabor\u00e9, s\u2019est rendu en France. [&hellip;]<\/p>\n","protected":false},"author":1816,"featured_media":0,"comment_status":"closed","ping_status":"closed","sticky":false,"template":"","format":"standard","meta":{"fifu_image_url":"https:\/\/www.sidwaya.info\/wp-content\/uploads\/2021\/02\/pf-696x435.jpg","fifu_image_alt":"Lutte contre le terrorisme au Sahel : Le pr\u00e9sident du Faso \u00e9change  avec Emmanuel Macron","footnotes":""},"categories":[73,81],"tags":[],"class_list":["post-111009","post","type-post","status-publish","format-standard","hentry","category-actualite","category-burkina-faso"],"_links":{"self":[{"href":"https:\/\/linitiative.ca\/International\/wp-json\/wp\/v2\/posts\/111009","targetHints":{"allow":["GET"]}}],"collection":[{"href":"https:\/\/linitiative.ca\/International\/wp-json\/wp\/v2\/posts"}],"about":[{"href":"https:\/\/linitiative.ca\/International\/wp-json\/wp\/v2\/types\/post"}],"author":[{"embeddable":true,"href":"https:\/\/linitiative.ca\/International\/wp-json\/wp\/v2\/users\/1816"}],"replies":[{"embeddable":true,"href":"https:\/\/linitiative.ca\/International\/wp-json\/wp\/v2\/comments?post=111009"}],"version-history":[{"count":0,"href":"https:\/\/linitiative.ca\/International\/wp-json\/wp\/v2\/posts\/111009\/revisions"}],"wp:attachment":[{"href":"https:\/\/linitiative.ca\/International\/wp-json\/wp\/v2\/media?parent=111009"}],"wp:term":[{"taxonomy":"category","embeddable":true,"href":"https:\/\/linitiative.ca\/International\/wp-json\/wp\/v2\/categories?post=111009"},{"taxonomy":"post_tag","embeddable":true,"href":"https:\/\/linitiative.ca\/International\/wp-json\/wp\/v2\/tags?post=111009"}],"curies":[{"name":"wp","href":"https:\/\/api.w.org\/{rel}","templated":true}]}}