{"id":111012,"date":"2021-02-10T16:31:50","date_gmt":"2021-02-10T21:31:50","guid":{"rendered":"https:\/\/linitiative.ca\/International\/nomination-de-sept-ambassadeurs-extraordinaires-et-plenipotentiaires-aupres-du-burkina-faso\/"},"modified":"2021-02-10T16:31:50","modified_gmt":"2021-02-10T21:31:50","slug":"nomination-de-sept-ambassadeurs-extraordinaires-et-plenipotentiaires-aupres-du-burkina-faso","status":"publish","type":"post","link":"https:\/\/linitiative.ca\/International\/nomination-de-sept-ambassadeurs-extraordinaires-et-plenipotentiaires-aupres-du-burkina-faso\/","title":{"rendered":"Nomination de sept Ambassadeurs extraordinaires et pl\u00e9nipotentiaires  aupr\u00e8s du Burkina Faso"},"content":{"rendered":"<p><strong>Le Conseil des ministres s\u2019est tenu \u00e0 Ouagadougou, le mercredi 10 f\u00e9vrier 2021,en s\u00e9ance ordinaire, de 09 H 00 mn \u00e0 10 H 30 mn, sous la pr\u00e9sidence de Son Excellence Monsieur Christophe Joseph Marie DABIRE, Premier ministre, Chef du Gouvernement, par d\u00e9l\u00e9gation. Il a d\u00e9lib\u00e9r\u00e9 sur les dossiers inscrits \u00e0 son ordre du jour, entendu des communications orales, proc\u00e9d\u00e9 \u00e0 des nominations et autoris\u00e9 des missions \u00e0 l\u2019\u00e9tranger.<\/strong><\/p>\n<p>I. DELIBERATIONS<\/p>\n<p>AU TITRE DU MINISTERE DES AFFAIRES ETRANGERES, DE LA COOPERATION AFRICAINE, DE L\u2019INTEGRATION ET DES BURKINABE DE L\u2019EXTERIEUR<\/p>\n<p>Le Conseil a adopt\u00e9 sept (07) rapports relatifs \u00e0 des demandes d\u2019agr\u00e9ment pour la nomination d\u2019Ambassadeurs extraordinaires et pl\u00e9nipotentiaires aupr\u00e8s du Burkina Faso.<\/p>\n<p>Le Conseil a marqu\u00e9 son accord pour la nomination de :<\/p>\n<p>\u2013 Monsieur Nicolae NASTASE en qualit\u00e9 d\u2019Ambassadeur extraordinaire et pl\u00e9nipotentiaire de la R\u00e9publique de Roumanie aupr\u00e8s du Burkina Faso avec r\u00e9sidence \u00e0 Dakar (S\u00e9n\u00e9gal).<\/p>\n<p>\u2013 Monsieur Fahad Bin Abdulrahman H. ALDOSARI en qualit\u00e9 d\u2019Ambassadeur extraordinaire et pl\u00e9nipotentiaire du Royaume d\u2019Arabie Saoudite aupr\u00e8s du Burkina Faso avec r\u00e9sidence \u00e0 Ouagadougou (Burkina Faso).<\/p>\n<p>\u2013 Monsieur LEE Sang Ryul, en qualit\u00e9 d\u2019Ambassadeur Extraordinaire et Pl\u00e9nipotentiaire de la R\u00e9publique de Cor\u00e9e du Sud aupr\u00e8s du Burkina Faso avec r\u00e9sidence \u00e0 Abidjan (C\u00f4te d\u2019Ivoire).<\/p>\n<p>\u2013 Monsieur Vegar Sundsbo BRYNILDSEN, en qualit\u00e9 d\u2019Ambassadeur Extraordinaire et Pl\u00e9nipotentiaire du Royaume de Norv\u00e8ge aupr\u00e8s du Burkina Faso avec r\u00e9sidence \u00e0 Bamako (Mali).<\/p>\n<p>\u2013 Monsieur Andr\u00e9 PANZO, en qualit\u00e9 d\u2019Ambassadeur Extraordinaire et Pl\u00e9nipotentiaire de la R\u00e9publique d\u2019Angola aupr\u00e8s du Burkina Faso avec r\u00e9sidence \u00e0 Abidjan (C\u00f4te d\u2019Ivoire).<\/p>\n<p>\u2013 Madame Nilg\u00fcm ERDEM ARI, en qualit\u00e9 d\u2019Ambassadeur Extraordinaire et Pl\u00e9nipotentiaire de la R\u00e9publique de Turquie aupr\u00e8s du Burkina Faso avec r\u00e9sidence \u00e0 Ouagadougou.<\/p>\n<p>\u2013 Monsieur Jacob PRADO GONZALEZ, en qualit\u00e9 d\u2019Ambassadeur Extraordinaire et Pl\u00e9nipotentiaire du Mexique aupr\u00e8s du Burkina Faso avec r\u00e9sidence \u00e0 Abuja (Nigeria).<br \/>Ces demandes d\u2019agr\u00e9ment t\u00e9moignent de la qualit\u00e9 de notre diplomatie et de l\u2019estime dont jouit le Burkina Faso dans le monde.<\/p>\n<p>II. COMMUNICATIONS ORALES<\/p>\n<p>II.1. Le ministre de la Sant\u00e9 a fait au Conseil le point de l\u2019\u00e9volution de la maladie \u00e0 Coronavirus (COVID-19) dans notre pays.<\/p>\n<p>Du 1er au 08 f\u00e9vrier 2021, il ressort une baisse tendancielle des nouveaux cas de contamination ainsi qu\u2019une hausse du nombre de gu\u00e9risons.<br \/>Le Conseil encourage tous les acteurs de la lutte \u00e0 poursuivre les actions de riposte et exhorte la population au respect strict des mesures barri\u00e8res \u00e9dict\u00e9es.<br \/>II.2. Le ministre d\u2019Etat, ministre de l\u2019Administration territoriale et de la d\u00e9centralisation a inform\u00e9 le Conseil de la tenue de la c\u00e9r\u00e9monie d\u2019installation de la Commission mixte paritaire de mat\u00e9rialisation de la fronti\u00e8re Burkina Faso-C\u00f4te d\u2019Ivoire du 17 au 19 f\u00e9vrier 2021 \u00e0 Abidjan.<\/p>\n<p>III. NOMINATIONS<\/p>\n<p>III. NOMINATIONS DANS LES FONCTIONS INDIVIDUELLES<\/p>\n<p>A. AU TITRE DE LA PRESIDENCE DU FASO<\/p>\n<p>Pour le compte du ministre d\u2019Etat, ministre aupr\u00e8s du Pr\u00e9sident du Faso charg\u00e9 de la R\u00e9conciliation nationale et de la coh\u00e9sion sociale :<\/p>\n<p>\u2013 Monsieur Dramane Ludovic Parfait THIOMBIANO, Economiste, est nomm\u00e9 Directeur de Cabinet.<\/p>\n<p>B. AU TITRE DU MINISTERE DE LA FEMME, DE LA SOLIDARITE NATIONALE, DE LA FAMILLE ET DE L\u2019ACTION HUMANITAIRE<\/p>\n<p>\u2013 Monsieur Seydou SOULAMA, Mle 130 401 U, Magistrat, 1\u00e8re classe, 2\u00e8me \u00e9chelon, est nomm\u00e9 Directeur de Cabinet.<\/p>\n<p>Le Ministre de la Communication et<br \/>des Relations avec le Parlement,<br \/>Porte-parole du gouvernement<\/p>\n<p class=\"c1\"><strong>Ouss\u00e9ni TAMBOURA<\/strong><br \/>Officier de l\u2019Ordre national<\/p>\n<div class=\"td-a-rec td-a-rec-id-content_bottom tdi_33_562 td_block_template_1\"><img loading=\"lazy\" decoding=\"async\" class=\"aligncenter size-full wp-image-27454\" src=\"https:\/\/www.sidwaya.info\/wp-content\/uploads\/2020\/10\/PUB-Bandeau-paiement-mobile-siteweb.jpg\" alt=\"\" width=\"728\" height=\"90\"\/><\/div>\n<p>Auteur: JK. Sidwaya<br \/>\n<a href=\"https:\/\/www.sidwaya.info\/blog\/2021\/02\/10\/nomination-de-sept-ambassadeurs-extraordinaires-et-plenipotentiaires-aupres-du-burkina-faso\/\">Cliquez ici pour lire l&rsquo;article depuis sa source.<\/a><\/p>\n","protected":false},"excerpt":{"rendered":"<p>Le Conseil des ministres s\u2019est tenu \u00e0 Ouagadougou, le mercredi 10 f\u00e9vrier 2021,en s\u00e9ance ordinaire, de 09 H 00 mn \u00e0 10 H 30 mn, sous la pr\u00e9sidence de Son Excellence Monsieur Christophe Joseph Marie DABIRE, Premier ministre, Chef du Gouvernement, par d\u00e9l\u00e9gation. Il a d\u00e9lib\u00e9r\u00e9 sur les dossiers inscrits \u00e0 son ordre du jour, [&hellip;]<\/p>\n","protected":false},"author":1816,"featured_media":0,"comment_status":"closed","ping_status":"closed","sticky":false,"template":"","format":"standard","meta":{"fifu_image_url":"https:\/\/www.sidwaya.info\/wp-content\/uploads\/2020\/10\/PUB-Bandeau-paiement-mobile-siteweb.jpg","fifu_image_alt":"Nomination de sept Ambassadeurs extraordinaires et pl\u00e9nipotentiaires  aupr\u00e8s du Burkina Faso","footnotes":""},"categories":[73,81],"tags":[],"class_list":["post-111012","post","type-post","status-publish","format-standard","hentry","category-actualite","category-burkina-faso"],"_links":{"self":[{"href":"https:\/\/linitiative.ca\/International\/wp-json\/wp\/v2\/posts\/111012","targetHints":{"allow":["GET"]}}],"collection":[{"href":"https:\/\/linitiative.ca\/International\/wp-json\/wp\/v2\/posts"}],"about":[{"href":"https:\/\/linitiative.ca\/International\/wp-json\/wp\/v2\/types\/post"}],"author":[{"embeddable":true,"href":"https:\/\/linitiative.ca\/International\/wp-json\/wp\/v2\/users\/1816"}],"replies":[{"embeddable":true,"href":"https:\/\/linitiative.ca\/International\/wp-json\/wp\/v2\/comments?post=111012"}],"version-history":[{"count":0,"href":"https:\/\/linitiative.ca\/International\/wp-json\/wp\/v2\/posts\/111012\/revisions"}],"wp:attachment":[{"href":"https:\/\/linitiative.ca\/International\/wp-json\/wp\/v2\/media?parent=111012"}],"wp:term":[{"taxonomy":"category","embeddable":true,"href":"https:\/\/linitiative.ca\/International\/wp-json\/wp\/v2\/categories?post=111012"},{"taxonomy":"post_tag","embeddable":true,"href":"https:\/\/linitiative.ca\/International\/wp-json\/wp\/v2\/tags?post=111012"}],"curies":[{"name":"wp","href":"https:\/\/api.w.org\/{rel}","templated":true}]}}