{"id":111013,"date":"2021-02-10T16:51:11","date_gmt":"2021-02-10T21:51:11","guid":{"rendered":"https:\/\/linitiative.ca\/International\/carte-dinvalidite-au-burkina-faso-le-sesame-de-la-desillusion\/"},"modified":"2021-02-10T16:51:11","modified_gmt":"2021-02-10T21:51:11","slug":"carte-dinvalidite-au-burkina-faso-le-sesame-de-la-desillusion","status":"publish","type":"post","link":"https:\/\/linitiative.ca\/International\/carte-dinvalidite-au-burkina-faso-le-sesame-de-la-desillusion\/","title":{"rendered":"Carte d\u2019invalidit\u00e9 au Burkina Faso : Le s\u00e9same de la d\u00e9sillusion"},"content":{"rendered":"<div class=\"td-post-featured-image\" readability=\"33\"><a href=\"https:\/\/www.sidwaya.info\/wp-content\/uploads\/2021\/02\/sesame.jpg\" data-caption=\"Liz&#xE8;ta Bamogo, handicap&#xE9;e motrice ne peut pas acc&#xE9;der&#x2026;.\"><img loading=\"lazy\" decoding=\"async\" width=\"667\" height=\"442\" class=\"entry-thumb td-modal-image\" src=\"https:\/\/www.sidwaya.info\/wp-content\/uploads\/2021\/02\/sesame.jpg\" srcset=\"https:\/\/www.sidwaya.info\/wp-content\/uploads\/2021\/02\/sesame.jpg 667w, https:\/\/www.sidwaya.info\/wp-content\/uploads\/2021\/02\/sesame-300x199.jpg 300w, https:\/\/www.sidwaya.info\/wp-content\/uploads\/2021\/02\/sesame-150x99.jpg 150w, https:\/\/www.sidwaya.info\/wp-content\/uploads\/2021\/02\/sesame-634x420.jpg 634w\" sizes=\"auto, (max-width: 667px) 100vw, 667px\" alt=\"\" title=\"sesame\"\/><\/a>Liz\u00e8ta Bamogo, handicap\u00e9e motrice ne peut pas acc\u00e9der\u2026.<\/div>\n<p><strong>L\u2019\u00c9tat burkinab\u00e8 a institu\u00e9 la carte d\u2019invalidit\u00e9 pour prot\u00e9ger et promouvoir les droits des personnes handicap\u00e9es en 2010. Mais dix ans plus tard, l\u2019acc\u00e8s \u00e0 cette carte demeure toujours un casse-t\u00eate. La majorit\u00e9 des 4,91% de d\u00e9tenteurs ne b\u00e9n\u00e9ficient pas non plus des avantages pr\u00e9vus.<\/strong><\/p>\n<p>Alassane Papa Sylla est devenu handicap\u00e9 visuel \u00ab \u00e0 cause d\u2019une erreur m\u00e9dicale survenue au Centre m\u00e9dical avec antenne chirurgicale (CMA) de Do dans la ville de Bobo-Dioulasso en 2013 \u00bb, selon lui. \u00c9tudiant de 26 ans en 1\u00e8re ann\u00e9e de droit \u00e0 l\u2019Universit\u00e9 Nazi- Boni de Bobo-Dioulasso, il a toujours en m\u00e9moire ces vaines tentatives de formalisation de sa situation de handicap. \u00ab J\u2019ai d\u00e9pos\u00e9 mon premier dossier en 2015. Entre temps, on m\u2019a fait savoir qu\u2019il n\u2019y a aucune trace. J\u2019ai d\u00e9pos\u00e9 un 2e dossier, un 3e, puis un 4e. Mais tout est rest\u00e9 sans suite. C\u2019est finalement \u00e0 la 5e fois que j\u2019ai obtenu ma carte qui dormait \u00e0 la Direction de la protection et de la promotion des droits des personnes handicap\u00e9es (DPPH) \u00e0 Ouagadougou depuis une ann\u00e9e\u00bb, a-t-il confi\u00e9 le 16 octobre 2020, \u00e0 son domicile, au secteur 2 de Bobo-Dioulasso.<\/p>\n<p>L\u00e0 aussi, il a fallu une implication personnelle de Abdoulaye Traor\u00e9, alors pr\u00e9sident de l\u2019Association burkinab\u00e8 pour la promotion et le bien-\u00eatre des personnes aveugles et malvoyantes (ABPAM) de Bobo-Dioulasso qui l\u2019a retrouv\u00e9e au d\u00e9tour d\u2019une mission \u00e0 Ouagadougou. Nathalie Traor\u00e9 (nom d\u2019emprunt), cinquantenaire vivant avec un handicap moteur au secteur 5 de Bobo-Dioulasso, rencontr\u00e9e le 18 octobre 2020, affirme se rendre mensuellement aux services sociaux de la ville de Sya pour s\u2019entendre dire depuis 2017 :<br \/>\u00ab Madame, on vous appellera quand votre carte sera l\u00e0 \u00bb.<\/p>\n<h3>Le Certificat m\u00e9dical \u00e9tabli \u00e0 des co\u00fbts exorbitants<\/h3>\n<p><img decoding=\"async\" loading=\"lazy\" class=\"size-medium wp-image-32329\" src=\"https:\/\/www.sidwaya.info\/wp-content\/uploads\/2021\/02\/sesame3-300x225.jpg\" alt=\"\" width=\"300\" height=\"225\" srcset=\"https:\/\/www.sidwaya.info\/wp-content\/uploads\/2021\/02\/sesame3-300x225.jpg 300w, https:\/\/www.sidwaya.info\/wp-content\/uploads\/2021\/02\/sesame3-768x576.jpg 768w, https:\/\/www.sidwaya.info\/wp-content\/uploads\/2021\/02\/sesame3-150x112.jpg 150w, https:\/\/www.sidwaya.info\/wp-content\/uploads\/2021\/02\/sesame3-696x522.jpg 696w, https:\/\/www.sidwaya.info\/wp-content\/uploads\/2021\/02\/sesame3-560x420.jpg 560w, https:\/\/www.sidwaya.info\/wp-content\/uploads\/2021\/02\/sesame3-80x60.jpg 80w, https:\/\/www.sidwaya.info\/wp-content\/uploads\/2021\/02\/sesame3-265x198.jpg 265w, https:\/\/www.sidwaya.info\/wp-content\/uploads\/2021\/02\/sesame3.jpg 787w\" sizes=\"auto, (max-width: 300px) 100vw, 300px\"\/>\u2026aux bureaux perch\u00e9s au 1er \u00e9tage de l\u2019h\u00f4tel administratif o\u00f9 si\u00e8ge la Direction r\u00e9gionale de la femme, de la solidarit\u00e9 nationale.<\/p>\n<p>A Bobo-Dioulasso, les demandeurs ont un acc\u00e8s facile aux pi\u00e8ces constitutives de leurs dossiers gr\u00e2ce \u00e0 une organisation interne mise en place au niveau de la Coordination r\u00e9gionale des associations des handicap\u00e9s (CORAH). Cependant, l\u2019acquisition du Certificat m\u00e9dical co\u00fbte les yeux de la t\u00eate aux Personnes handicap\u00e9es des autres parties du Burkina Faso.<\/p>\n<p>Selon le pr\u00e9sident de l\u2019Association des personnes handicap\u00e9es \u00ab Bao Paam\u00e9 \u00bb de l\u2019arrondissement 4 de Ouagadougou, Mahamadi Ou\u00e9draogo, rencontr\u00e9 le dimanche 5 juillet 2020, les membres de son association ont d\u00fb \u00e9tablir leurs certificats m\u00e9dicaux quatre fois de suite. \u00abLes services de l\u2019Action sociale ne les ont pas valid\u00e9s \u00e0 cause des erreurs tant\u00f4t li\u00e9es au degr\u00e9 d\u2019invalidit\u00e9, tant\u00f4t \u00e0 sa dur\u00e9e\u00bb, explique-t-il.<br \/>\u00ab Pourtant pour les personnes handicap\u00e9es ce n\u2019est pas aussi simple de se d\u00e9placer. C\u2019est pourquoi certaines ont m\u00eame abandonn\u00e9 en 2019 \u00bb, d\u00e9plore-t-il.<\/p>\n<p>La difficile obtention du certificat m\u00e9dical est en m\u00eame temps un obstacle \u00e0 l\u2019obtention de la carte d\u2019invalidit\u00e9. \u00abL\u2019acquisition de cette pi\u00e8ce constitue la principale difficult\u00e9 pour les demandeurs de la Carte d\u2019invalidit\u00e9 \u00bb, a confirm\u00e9 le Secr\u00e9taire permanent (SP) du Conseil national multisectoriel pour la protection et la promotion des droits des personnes handicap\u00e9es au Burkina Faso (COMUD) Arouna Kafando, au cours d\u2019un entretien.<\/p>\n<p>A Bobo-Dioulasso, la directrice de l\u2019Organisation Dupont pour le d\u00e9veloppement social (ODDS), s\u0153ur Nathalie Demb\u00e9l\u00e9 que nous avons rencontr\u00e9e dans son bureau le 31 d\u00e9cembre 2020 se plaint de la chert\u00e9 du certificat m\u00e9dical. \u00ab Le co\u00fbt de d\u00e9livrance du certificat m\u00e9dical peut varier de 3 000 \u00e0 50 000 francs CFA en fonction des types de handicap. Pourtant, la quasi-totalit\u00e9 des PVH sont vuln\u00e9rables \u00bb.<\/p>\n<p>D\u2019apr\u00e8s la religieuse, ceux qui ont le plus \u00e0 payer sont les albinos parce qu\u2019ils ont plusieurs examens \u00e0 faire. Notamment les examens dermatologiques et ophtalmologiques.<br \/>\u00ab Les m\u00e9decins ne veulent pas \u00e9tablir gratuitement le certificat m\u00e9dical parce que c\u2019est un document m\u00e9dico-l\u00e9gal qui les engage \u00bb, explique la Directrice de la pr\u00e9vention et du contr\u00f4le des maladies non transmissibles, Docteur Marie Emmanuelle Zour\u00e9 au cours d\u2019un entretien, le 8 septembre 2020.<\/p>\n<p>Pourtant, le d\u00e9cret du 8 octobre 2012 portant conditions de d\u00e9livrance de la carte d\u2019invalidit\u00e9 en faveur des personnes handicap\u00e9es au Burkina indique clairement \u00e0 son article 4 que \u00ab les frais li\u00e9s aux prestations des travailleurs sociaux, des agents de sant\u00e9 et des examens m\u00e9dicaux sont totalement exon\u00e9r\u00e9s \u00bb.<\/p>\n<h3>Seulement 4,91% des PVH poss\u00e8dent une Carte d\u2019invalidit\u00e9<\/h3>\n<p><img decoding=\"async\" loading=\"lazy\" class=\"size-medium wp-image-32328\" src=\"https:\/\/www.sidwaya.info\/wp-content\/uploads\/2021\/02\/sesame2-300x225.jpg\" alt=\"\" width=\"300\" height=\"225\" srcset=\"https:\/\/www.sidwaya.info\/wp-content\/uploads\/2021\/02\/sesame2-300x225.jpg 300w, https:\/\/www.sidwaya.info\/wp-content\/uploads\/2021\/02\/sesame2-768x576.jpg 768w, https:\/\/www.sidwaya.info\/wp-content\/uploads\/2021\/02\/sesame2-150x112.jpg 150w, https:\/\/www.sidwaya.info\/wp-content\/uploads\/2021\/02\/sesame2-696x522.jpg 696w, https:\/\/www.sidwaya.info\/wp-content\/uploads\/2021\/02\/sesame2-560x420.jpg 560w, https:\/\/www.sidwaya.info\/wp-content\/uploads\/2021\/02\/sesame2-80x60.jpg 80w, https:\/\/www.sidwaya.info\/wp-content\/uploads\/2021\/02\/sesame2-265x198.jpg 265w, https:\/\/www.sidwaya.info\/wp-content\/uploads\/2021\/02\/sesame2.jpg 787w\" sizes=\"auto, (max-width: 300px) 100vw, 300px\"\/>Alassane Papa Sylla, un \u00e9tudiant handicap\u00e9 visuel de 26 ans a toujours en m\u00e9moire ces vaines tentatives la formalisation de sa situation de handicap.<\/p>\n<p>De 2016 \u00e0 2020, le pr\u00e9sident de la CORAH, Abdoulaye Traor\u00e9, a enregistr\u00e9 des acquisitions de 244 cartes pour 867 demandes effectu\u00e9es. Sur le plan national, la Directrice g\u00e9n\u00e9rale de la solidarit\u00e9 nationale et de l\u2019assistance humanitaire, Ma\u00efmouna Zoma, affirme que de \u00ab 2013 \u00e0 2020, le nombre de personnes handicap\u00e9es d\u00e9tentrices de la carte d\u2019invalidit\u00e9 s\u2019\u00e9l\u00e8ve \u00e0 8 265 \u00bb.<\/p>\n<p>Dans le cadre du 5e Recensement g\u00e9n\u00e9ral de la population et de l\u2019habitation de 2019, la ministre de la Femme, de la Solidarit\u00e9 nationale, de la Famille et de l\u2019Action humanitaire, Laurence Marshall Ilboudo, a fait un plaidoyer pour l\u2019inclusion des personnes handicap\u00e9es.<\/p>\n<p>Selon l\u2019Institut national de la statistique et de la d\u00e9mographie (INSD), le questionnaire Washington group (le r\u00e9f\u00e9rentiel du recensement inclusif qui prend en compte les personnes avec un handicap) a \u00e9t\u00e9 int\u00e9gr\u00e9 en collaboration avec l\u2019ONG Humanit\u00e9 et Inclusion. Selon ce recensement global, la population est pass\u00e9e \u00e0 20 487 979. Treize ans auparavent, en 2006, elle \u00e9tait de 13,83 millions. Cependant, les donn\u00e9es th\u00e9matiques n\u2019\u00e9tant pas encore disponibles, les chiffres officiels font toujours \u00e9tat de 168.094 personnes handicap\u00e9es (RGPH 2006) constitu\u00e9es de 52,74% d\u2019hommes et 47,26% de femmes.<\/p>\n<h3>\u00ab Des avantages illusoires \u00bb<\/h3>\n<p><img decoding=\"async\" loading=\"lazy\" class=\"size-medium wp-image-32330\" src=\"https:\/\/www.sidwaya.info\/wp-content\/uploads\/2021\/02\/sesame4-300x225.jpg\" alt=\"\" width=\"300\" height=\"225\" srcset=\"https:\/\/www.sidwaya.info\/wp-content\/uploads\/2021\/02\/sesame4-300x225.jpg 300w, https:\/\/www.sidwaya.info\/wp-content\/uploads\/2021\/02\/sesame4-768x576.jpg 768w, https:\/\/www.sidwaya.info\/wp-content\/uploads\/2021\/02\/sesame4-150x112.jpg 150w, https:\/\/www.sidwaya.info\/wp-content\/uploads\/2021\/02\/sesame4-696x522.jpg 696w, https:\/\/www.sidwaya.info\/wp-content\/uploads\/2021\/02\/sesame4-560x420.jpg 560w, https:\/\/www.sidwaya.info\/wp-content\/uploads\/2021\/02\/sesame4-80x60.jpg 80w, https:\/\/www.sidwaya.info\/wp-content\/uploads\/2021\/02\/sesame4-265x198.jpg 265w, https:\/\/www.sidwaya.info\/wp-content\/uploads\/2021\/02\/sesame4.jpg 787w\" sizes=\"auto, (max-width: 300px) 100vw, 300px\"\/>A Bobo-Dioulasso, la directrice de l\u2019Organisation Dupont pour le d\u00e9veloppement social, s\u0153ur Nathalie Demb\u00e9l\u00e9 se plaint de la chert\u00e9 du certificat m\u00e9dical qui peut varier de 3 000 \u00e0 50 000 francs CFA en fonction des types de handicap.<\/p>\n<p>Quand Alassane Papa Sylla a enfin re\u00e7u un soir de juin 2016, le fameux s\u00e9same des mains du pr\u00e9sident de l\u2019Association burkinab\u00e8 pour la promotion et le bien-\u00eatre des personnes aveugles et malvoyantes (ABPAM) de Bobo-Dioulasso, Abdoulaye Traor\u00e9, il \u00e9tait \u00ab content, tr\u00e8s content \u00bb. Mais sa joie sera de courte dur\u00e9e. En effet, la carte durement acquise ne lui a servi \u00e0 presque rien. \u00ab Depuis que je poss\u00e8de la Carte d\u2019invalidit\u00e9, elle ne m\u2019a servi \u00e0 rien d\u2019autre si ce n\u2019est la possibilit\u00e9 de passer les concours de la Fonction publique en paix.<\/p>\n<p>C\u2019est un peu frustrant de voir qu\u2019il y a des avantages illusoires qui font croire qu\u2019avec la Carte d\u2019invalidit\u00e9, on peut avoir des subventions alors qu\u2019en r\u00e9alit\u00e9, il n\u2019en est rien \u00bb, regrette le jeune homme. Fouss\u00e9ni Barro, handicap\u00e9 moteur vivant \u00e0 Bobo-Dioulasso a fini par obtenir sa carte d\u2019invalidit\u00e9 apr\u00e8s trois longues ann\u00e9es. Malheureusement, l\u2019heure venue de se faire soigner en 2003, ce pr\u00e9cieux \u00ab s\u00e9same \u00bb refusera de lui ouvrir les portes du Centre hospitalier universitaire Souro-Sanou de Bobo-Dioulasso. Une source sanitaire r\u00e9v\u00e8le que ni le centre Muraz, \u00ab ni les autres structures sanitaires de Bobo-Dioulasso n\u2019acceptent pas syst\u00e9matiquement la Carte d\u2019invalidit\u00e9 \u00bb.<\/p>\n<p>A Ouagadougou, la d\u00e9ception n\u2019est pas moins grande. Zo\u00e9nabou Sawadogo, \u00e2g\u00e9e de la cinquantaine et vivant avec un handicap moteur a toujours en m\u00e9moire ce jour o\u00f9 elle a fondu en larmes apr\u00e8s une consultation effectu\u00e9e au Centre hospitalier universitaire Yalgado- Ou\u00e9draogo en 2006. Son m\u00e9decin ignorait compl\u00e8tement l\u2019existence de la carte. Et le m\u00eame effet de surprise lui sera servi au d\u00e9partement des examens m\u00e9dicaux et aussi \u00e0 la caisse. \u00ab Le m\u00e9decin m\u2019a remis une liste d\u2019examens m\u00e9dicaux qui s\u2019\u00e9levait \u00e0 plus de 30 000F. Devant les guichets, j\u2019ai fondu en larmes parce que la carte que je d\u00e9tiens \u00e9tait inutile et sans valeur \u00bb, raconte-t-elle.<\/p>\n<p>Pourtant, l\u2019article 2 du d\u00e9cret 2012-828 du 22 octobre 2012 portant adoption de mesures sociales en faveur des personnes handicap\u00e9es en mati\u00e8re de sant\u00e9 et d\u2019\u00e9ducation dispose que \u00ab toute personne handicap\u00e9e d\u00e9clar\u00e9e indigente b\u00e9n\u00e9ficie sur pr\u00e9sentation de la Carte d\u2019invalidit\u00e9, de la gratuit\u00e9 totale des frais de consultation, de soins, d\u2019examens m\u00e9dicaux et d\u2019hospitalisation dans les centres sanitaires de l\u2019Etat et des communes \u00bb.<\/p>\n<p>Le m\u00eame d\u00e9cret \u00e0 son article 3 indique que \u00ab toute personne d\u00e9clar\u00e9e handicap\u00e9e non indigente b\u00e9n\u00e9ficie sur pr\u00e9sentation de la Carte d\u2019invalidit\u00e9, une r\u00e9duction de 50% en cas d\u2019invalidit\u00e9 partielle et 80% en cas d\u2019invalidit\u00e9 totale des frais de consultation, de soins, d\u2019examens m\u00e9dicaux et d\u2019hospitalisation dans les centres sanitaires de l\u2019Etat et des communes \u00bb. Apr\u00e8s l\u2019expiration de sa 1\u00e8re carte en 2019, Dominique Sandwidi, agent de l\u2019Action sociale, vivant avec un handicap moteur depuis sa naissance dit ne plus s\u2019embarrasser de \u00ab ce document qui orne \u00bb son portefeuille.<\/p>\n<p>De 2016 \u00e0 2018, p\u00e9riode durant laquelle il a \u00e9tudi\u00e9 \u00e0 l\u2019\u00e9cole des Cadres moyens en Travail<\/p>\n<p><img decoding=\"async\" loading=\"lazy\" class=\"size-medium wp-image-32331\" src=\"https:\/\/www.sidwaya.info\/wp-content\/uploads\/2021\/02\/sesame5-300x234.jpg\" alt=\"\" width=\"300\" height=\"234\" srcset=\"https:\/\/www.sidwaya.info\/wp-content\/uploads\/2021\/02\/sesame5-300x234.jpg 300w, https:\/\/www.sidwaya.info\/wp-content\/uploads\/2021\/02\/sesame5-768x599.jpg 768w, https:\/\/www.sidwaya.info\/wp-content\/uploads\/2021\/02\/sesame5-150x117.jpg 150w, https:\/\/www.sidwaya.info\/wp-content\/uploads\/2021\/02\/sesame5-696x543.jpg 696w, https:\/\/www.sidwaya.info\/wp-content\/uploads\/2021\/02\/sesame5-538x420.jpg 538w, https:\/\/www.sidwaya.info\/wp-content\/uploads\/2021\/02\/sesame5.jpg 773w\" sizes=\"auto, (max-width: 300px) 100vw, 300px\"\/>Le coordinateur de la Coordination r\u00e9gionale des associations des handicap\u00e9s (CORAH), Abdoulaye Traor\u00e9 confie que de 2016 \u00e0 2020, la structure a enregistr\u00e9 des acquisitions de 244 cartes pour 867 demandes effectu\u00e9es.<\/p>\n<p>Social de Gaoua, ni son indigence, ni son handicap ne lui ont permis de b\u00e9n\u00e9ficier des mesures r\u00e9gies par le d\u00e9cret portant adoption de mesures sociales en faveur des personnes handicap\u00e9es en mati\u00e8re de sant\u00e9 et d\u2019\u00e9ducation qui pr\u00e9voit que \u00abToute personne d\u00e9clar\u00e9e handicap\u00e9e non indigente b\u00e9n\u00e9ficie sur pr\u00e9sentation de la Carte d\u2019invalidit\u00e9, une r\u00e9duction de 25% en cas d\u2019invalidit\u00e9 partielle et 50% en cas d\u2019invalidit\u00e9 totale des frais d\u2019inscription dans les centres de formation professionnelle de l\u2019Etat et des communes \u00bb.<\/p>\n<h3>La signature des d\u00e9crets compl\u00e9mentaires toujours attendue<\/h3>\n<p>Au Forum r\u00e9gional des PVH des Hauts-Bassins organis\u00e9 le lundi 12 octobre 2020 \u00e0 Bobo-Dioulasso, Mabintou Hadja Sanogo, \u00e9tudiante malentendante \u00e0 l\u2019Universit\u00e9 Nazi Boni de Bobo-Dioulasso a plaid\u00e9 pour l\u2019effectivit\u00e9 de son droit aux heures suppl\u00e9mentaires conform\u00e9ment au d\u00e9cret portant adoption de mesures sociales en faveur des personnes handicap\u00e9es en mati\u00e8re de sant\u00e9 et d\u2019\u00e9ducation \u00ab les personnes handicap\u00e9es notamment physiques de l\u2019un ou des deux membres sup\u00e9rieurs, visuelles, auditives, mentales ou souffrant de myopathie ou d\u2019infirmit\u00e9 motrice c\u00e9r\u00e9brale b\u00e9n\u00e9ficient d\u2019un tiers de temps suppl\u00e9mentaire lors des examens et concours \u00bb.<\/p>\n<p>Selon le SP\/COMUD, Harouna Kafando, le nouveau d\u00e9cret \u00e9labor\u00e9 en 2019 pour prendre en compte les domaines de la communication, des arts, du sport et des loisirs n\u2019est pas encore en vigueur \u00ab parce qu\u2019elle doit franchir plusieurs \u00e9tapes \u00bb.<br \/>Le directeur g\u00e9n\u00e9ral des Droits humains, Jean Didier Bambara, demande la lev\u00e9e des \u00ab goulots d\u2019\u00e9tranglements \u00bb.<\/p>\n<p>La Directrice de la pr\u00e9vention et du contr\u00f4le des maladies non transmissibles, Docteur Marie Emmanuelle Zour\u00e9, elle, interpelle l\u2019Etat pour l\u2019allocation des fonds n\u00e9cessaires \u00e0 la mise en \u0153uvre de la loi 012 -2010\/AN du 1er avril 2010 portant protection et promotion des droits des personnes handicap\u00e9es<br \/>En attendant, Papa Sylla accuse le gouvernement de manque de volont\u00e9 politique.<\/p>\n<p class=\"c1\"><strong>Wamini Micheline<\/strong><br \/><strong>OUEDRAOGO,<\/strong> Sidwaya<br \/><strong>Aminata SANOU,<\/strong> Burkina 24<\/p>\n<p class=\"c1\"><strong>NB.:<\/strong> Cette enqu\u00eate a \u00e9t\u00e9 r\u00e9alis\u00e9e<br \/>en partenariat avec la CENOZO<\/p>\n<hr\/>\n<p><strong>Trois questions aux SP du COMUD<\/strong><\/p>\n<p><strong>La loi 012 a \u00e9t\u00e9 adopt\u00e9e depuis 2010, pourquoi cette loi est m\u00e9connue et n\u2019est pas mise en \u0153uvre ?<\/strong><\/p>\n<p>En d\u00e9pit des campagnes de sensibilisation men\u00e9es par les acteurs de protection des personnes handicap\u00e9es (minist\u00e8re et organisation des personnes handicap\u00e9es), la loi 012-2010\/AN du 1er avril 2010 portant protection et promotion des personnes handicap\u00e9es est peu connue. Cela nous interpelle \u00e0 redoubler d\u2019effort dans la sensibilisation et la formation du personnel des diff\u00e9rents d\u00e9partements sectoriels. Quant \u00e0 l\u2019application de la loi, des difficult\u00e9s sont certes rencontr\u00e9es mais il y a une mise en \u0153uvre. Nous pensons qu\u2019en redoublant nos efforts d\u2019information et de formation nous aurons une application plus stricte de cette loi.<\/p>\n<p><strong>Pourquoi les personnes vivant avec un handicap ne b\u00e9n\u00e9ficient pas des avantages de la carte d\u2019invalidit\u00e9 ?<\/strong><\/p>\n<p>Les droits qui sont accord\u00e9s aux personnes connaissent des applications. Certes, une application assez disparate et en fonction des domaines et des localit\u00e9s. Si vous avez en face une personne impr\u00e9gn\u00e9e de ces textes, l\u2019application se fait facilement. Cependant, nous sommes d\u2019avis que des difficult\u00e9s et pas des moindres sont rapport\u00e9es au sujet de cette efficacit\u00e9.<\/p>\n<p><strong>Quelle sera la solution ?<\/strong><\/p>\n<p>Pour que les personnes handicap\u00e9es puissent b\u00e9n\u00e9ficier des avantages qu\u2019offrent la carte d\u2019invalidit\u00e9, il faut que l\u2019on mette des ressources \u00e0 la disposition des services sociaux pour la prise en charge de ces cas, que \u00e7a soit l\u2019application des pourcentages ou les r\u00e9ductions selon que la personne handicap\u00e9e soit indigente ou pas. Il faut qu\u2019on trouve un syst\u00e8me de compensation tel qu\u2019on le fait pour la gratuit\u00e9 des enfants et des femmes enceintes pour que les services de sant\u00e9 ne se trouvent asphyxier financi\u00e8rement parce qu\u2019ils ont tout donn\u00e9 gratuitement. Ces services tr\u00e8s souvent \u00e9rig\u00e9s en \u00e9tablissement doivent cr\u00e9er des richesses et avoir des b\u00e9n\u00e9fices pour pouvoir fonctionner.<br \/>Il est donc important qu\u2019il ait un syst\u00e8me de financement des incidences de cette carte.<\/p>\n<p class=\"c1\"><strong>WMO et AS<\/strong><\/p>\n<hr\/>\n<p><strong>\u00ab J\u2019ai tout laiss\u00e9 entre les mains de Dieu \u00bb<\/strong><\/p>\n<p>Originaire de Bama (commune rurale situ\u00e9e \u00e0 30 kilom\u00e8tres de Bobo-Dioulasso) Liz\u00e8ta Bamogo, passe ses journ\u00e9es \u00e0 mendier devant un restaurant de Bobo-Dioulasso. A la recherche d\u2019informations, cette cinquantenaire de forte corpulence a fini par s\u2019en remettre \u00e0 Dieu quand elle s\u2019est vue index\u00e9e des bureaux perch\u00e9s au 1er \u00e9tage de l\u2019h\u00f4tel administratif o\u00f9 si\u00e8ge la Direction r\u00e9gionale de la femme, de la solidarit\u00e9 nationale, de la famille et de l\u2019action humanitaire, au centre-ville de Bobo-Dioulasso. Un b\u00e2timent qui n\u2019est pas \u00e9quip\u00e9 de rampe d\u2019acc\u00e8s, encore moins d\u2019un ascenseur.<\/p>\n<p>\u00ab On m\u2019a montr\u00e9 un bureau situ\u00e9 en haut de l\u2019\u00e9tage. Comme mes pieds ne peuvent pas me porter jusque-l\u00e0, j\u2019ai tout laiss\u00e9 entre les mains de Dieu \u00bb, hurle-t-elle, en col\u00e8re. Ce service n\u2019est pas un cas isol\u00e9. R\u00e9habilit\u00e9 \u00e0 hauteur de 1. 400.000.000 francs CFA gr\u00e2ce au budget communal de Bobo-Dioulasso et \u00e0 la participation de la population, la mairie inaugur\u00e9e le 30 octobre 2020, ne dispose d\u2019aucune rampe d\u2019acc\u00e8s pour les PVH. Il en est de m\u00eame pour la majorit\u00e9 des \u00e9tablissements scolaires du Burkina Faso.<br \/>A l\u2019issue des \u00e9lections coupl\u00e9es de 2020, la Commission nationale des droits humains (CNDH) a relev\u00e9 dans son rapport d\u2019observation, des incidents li\u00e9s \u00e0 l\u2019inaccessibilit\u00e9 des PVH \u00e0 certains bureaux de vote.<\/p>\n<p class=\"c1\"><strong>WMO et AS<\/strong><\/p>\n<hr\/>\n<p><strong>La politisation d\u2019un groupe vuln\u00e9rable ?<\/strong><\/p>\n<p>Le 29 ao\u00fbt 2020, jour de l\u2019assembl\u00e9e g\u00e9n\u00e9rale annuelle de la CORAH, son coordonnateur Abdoulaye Traor\u00e9 en avait gros sur le c\u0153ur. Pour un meilleur accompagnement de ses membres, la coordination suit \u00ab de bout en bout \u00bb le processus d\u2019\u00e9tablissement des Cartes d\u2019invalidit\u00e9. Mais depuis un certain temps, \u00ab au lieu de nous envoyer les cartes d\u00e9livr\u00e9es, les agents de la direction r\u00e9gionale les remettent directement aux b\u00e9n\u00e9ficiaires. Ce qui brouille nos pistes de contr\u00f4le parce que la CORAH n\u2019a plus d\u2019\u00e9l\u00e9ments pour savoir qui a re\u00e7u sa carte et qui ne l\u2019a pas re\u00e7ue \u00bb, pr\u00e9cise le coordinateur. Ce n\u2019est d\u2019ailleurs pas le seul b\u00e9mol qui menace la bonne collaboration entre les services sociaux et les organisations ind\u00e9pendantes. La cr\u00e9ation d\u2019une organisation parall\u00e8le par le minist\u00e8re de tutelle est \u00e9galement mal per\u00e7ue par un acteur de promotion des PHV qui a requis l\u2019anonymat. \u00ab Nous craignons que la cr\u00e9ation de cette nouvelle organisation du minist\u00e8re ne conduise \u00e0 la politisation d\u2019un milieu d\u00e9j\u00e0 fragile \u00bb.<\/p>\n<p class=\"c1\"><strong>WMO et AS<\/strong><\/p>\n<hr\/>\n<p><strong>Genre et handicap<\/strong><\/p>\n<p>Il n\u2019y a pas une loi sp\u00e9cifique r\u00e9gissant les droits des femmes vivant avec un handicap. Pourtant, dans certaines situations, elles peuvent avoir des besoins sp\u00e9cifiques qui doivent \u00eatre pris en compte. C\u2019est tout le combat de Rasmata Conf\u00e9, handicap\u00e9e motrice, elle est la conceptrice d\u2019une table d\u2019accouchement sp\u00e9cifique adapt\u00e9e aux femmes handicap\u00e9es motrices.<br \/>WMO et AS<\/p>\n<hr\/>\n<p><strong>Handicap\u00e9s visuels, seuls laur\u00e9ats d\u00e9pourvus de bourses d\u2019\u00e9tudes<\/strong><\/p>\n<p class=\"c2\">Le 6 ao\u00fbt 2019, le Prix d\u2019excellence du pr\u00e9sident du Faso a r\u00e9compens\u00e9 les meilleurs \u00e9l\u00e8ves vivant avec un handicap \u00e0 travers la remise de prix sp\u00e9ciaux. Ils ont chacun re\u00e7u un kit compos\u00e9 d\u2019ordinateurs, d\u2019enveloppe financi\u00e8re et des gadgets. Mais les deux meilleurs Bacheliers vivant avec un handicap visuel ont \u00e9t\u00e9 les seuls \u00e0 n\u2019avoir pas b\u00e9n\u00e9fici\u00e9 de bourses d\u2019\u00e9tudes.<\/p>\n<p class=\"c1\"><strong>WMO et AS<\/strong><\/p>\n<hr\/>\n<p><strong>Ces promesses qui tardent \u00e0 s\u2019accomplir<\/strong><\/p>\n<p>\u00ab Frustr\u00e9 \u00bb, Alassane Papa Sylla est revenu sur son exclusion \u00e0 la bourse d\u2019\u00e9tudes malgr\u00e9 son titre de meilleur Bachelier prim\u00e9 lors du Forum r\u00e9gional des personnes handicap\u00e9es tenu le lundi 12 octobre 2020 \u00e0 Bobo-Dioulasso. S\u00e9ance tenante, la ministre Laurence Marshall Ilboudo a instruit sa Directrice provinciale du Houet de \u00ab r\u00e9soudre rapidement son probl\u00e8me \u00bb. Mais apr\u00e8s trois visites et plusieurs appels infructueux, il attend d\u00e9sesp\u00e9r\u00e9ment depuis trois mois que la directrice lui revienne comme promis. \u00ab D\u00e8s qu\u2019il y a du nouveau, on vous fait signe \u00bb.<\/p>\n<p>Ces promesses qui tardent \u00e0 s\u2019accomplir, Amadou Fayama, handicap\u00e9 visuel vivant \u00e0 Banfora en a l\u2019am\u00e8re exp\u00e9rience. \u00ab Un soir aux environs de 16 heures, la Ministre Laurence Marshall Ilboudo au cours de sa toute premi\u00e8re tourn\u00e9e \u00e0 Banfora nous a rencontr\u00e9 en face de la Direction provinciale. Quand on lui a vant\u00e9 mes m\u00e9rites de jeune dynamique en d\u00e9pit d\u2019un handicap visuel, elle a tout de suite promis de m\u2019aider financi\u00e8rement afin que je puisse d\u00e9velopper mon entreprise \u00bb, confie M. Fayama qui \u00e0 la date du jeudi 14 janvier 2021 affirme n\u2019avoir toujours rien re\u00e7u. Apr\u00e8s moult d\u00e9marches, lui aussi a fini par entendre de la bouche de sa Directrice provinciale alors \u00ab instruite \u00bb par la ministre, la fameuse phrase : \u00ab On te reviendra d\u00e8s qu\u2019il y a du nouveau \u00bb. Cela dure depuis 2018.<\/p>\n<p class=\"c1\"><strong>WMO et AS<\/strong><\/p>\n<div class=\"td-a-rec td-a-rec-id-content_bottom tdi_33_c5b td_block_template_1\"><img loading=\"lazy\" decoding=\"async\" class=\"aligncenter size-full wp-image-27454\" src=\"https:\/\/www.sidwaya.info\/wp-content\/uploads\/2020\/10\/PUB-Bandeau-paiement-mobile-siteweb.jpg\" alt=\"\" width=\"728\" height=\"90\"\/><\/div>\n<p>Auteur: JK. Sidwaya<br \/>\n<a href=\"https:\/\/www.sidwaya.info\/blog\/2021\/02\/10\/carte-dinvalidite-au-burkina-faso-le-sesame-de-la-desillusion\/\">Cliquez ici pour lire l&rsquo;article depuis sa source.<\/a><\/p>\n","protected":false},"excerpt":{"rendered":"<p>Liz\u00e8ta Bamogo, handicap\u00e9e motrice ne peut pas acc\u00e9der\u2026. L\u2019\u00c9tat burkinab\u00e8 a institu\u00e9 la carte d\u2019invalidit\u00e9 pour prot\u00e9ger et promouvoir les droits des personnes handicap\u00e9es en 2010. Mais dix ans plus tard, l\u2019acc\u00e8s \u00e0 cette carte demeure toujours un casse-t\u00eate. La majorit\u00e9 des 4,91% de d\u00e9tenteurs ne b\u00e9n\u00e9ficient pas non plus des avantages pr\u00e9vus. Alassane Papa [&hellip;]<\/p>\n","protected":false},"author":1816,"featured_media":0,"comment_status":"closed","ping_status":"closed","sticky":false,"template":"","format":"standard","meta":{"fifu_image_url":"https:\/\/www.sidwaya.info\/wp-content\/uploads\/2021\/02\/sesame.jpg","fifu_image_alt":"Carte d\u2019invalidit\u00e9 au Burkina Faso : Le s\u00e9same de la d\u00e9sillusion","footnotes":""},"categories":[73,81],"tags":[],"class_list":["post-111013","post","type-post","status-publish","format-standard","hentry","category-actualite","category-burkina-faso"],"_links":{"self":[{"href":"https:\/\/linitiative.ca\/International\/wp-json\/wp\/v2\/posts\/111013","targetHints":{"allow":["GET"]}}],"collection":[{"href":"https:\/\/linitiative.ca\/International\/wp-json\/wp\/v2\/posts"}],"about":[{"href":"https:\/\/linitiative.ca\/International\/wp-json\/wp\/v2\/types\/post"}],"author":[{"embeddable":true,"href":"https:\/\/linitiative.ca\/International\/wp-json\/wp\/v2\/users\/1816"}],"replies":[{"embeddable":true,"href":"https:\/\/linitiative.ca\/International\/wp-json\/wp\/v2\/comments?post=111013"}],"version-history":[{"count":0,"href":"https:\/\/linitiative.ca\/International\/wp-json\/wp\/v2\/posts\/111013\/revisions"}],"wp:attachment":[{"href":"https:\/\/linitiative.ca\/International\/wp-json\/wp\/v2\/media?parent=111013"}],"wp:term":[{"taxonomy":"category","embeddable":true,"href":"https:\/\/linitiative.ca\/International\/wp-json\/wp\/v2\/categories?post=111013"},{"taxonomy":"post_tag","embeddable":true,"href":"https:\/\/linitiative.ca\/International\/wp-json\/wp\/v2\/tags?post=111013"}],"curies":[{"name":"wp","href":"https:\/\/api.w.org\/{rel}","templated":true}]}}