{"id":111014,"date":"2021-02-10T11:18:05","date_gmt":"2021-02-10T16:18:05","guid":{"rendered":"https:\/\/linitiative.ca\/International\/afrique-du-sud-hausse-du-salaire-minimum\/"},"modified":"2021-02-10T11:18:05","modified_gmt":"2021-02-10T16:18:05","slug":"afrique-du-sud-hausse-du-salaire-minimum","status":"publish","type":"post","link":"https:\/\/linitiative.ca\/International\/afrique-du-sud-hausse-du-salaire-minimum\/","title":{"rendered":"Afrique du Sud: hausse du salaire minimum"},"content":{"rendered":"<div readability=\"32\">\n<p>Publi\u00e9 le 10.02.2021 \u00e0 17h18 par APA News<\/p>\n<\/div>\n<div readability=\"55\">\n<p>Le salaire minimum national en Afrique du Sud a \u00e9t\u00e9 augment\u00e9 de 1,36 \u00e0 1,43 dollars am\u00e9ricain par heure \u00e0 partir de mars, a annonc\u00e9 mercredi le ministre du travail Thulas Nxesi.Cette augmentation \u00e9tait conforme \u00e0 la l\u00e9gislation sur le salaire minimum national qui est entr\u00e9e en vigueur en janvier 2019 \u00e0 un niveau de 1,33 dollars US par heure, a d\u00e9clar\u00e9 M. Nxesi. Selon le droit du travail r\u00e9gissant le salaire minimum, aucun employ\u00e9 ne devrait \u00eatre pay\u00e9 en dessous du salaire minimum par principe.<\/p>\n<p>Avec cette loi, \u00ab\u00a0il est ill\u00e9gal et constitue une pratique de travail d\u00e9loyale pour un employeur de modifier unilat\u00e9ralement les heures de travail ou d\u2019autres conditions d\u2019emploi dans le cadre de la mise en \u0153uvre du salaire minimum\u00a0\u00bb, a d\u00e9clar\u00e9 le ministre.<\/p>\n<p>Cette hausse ne s\u2019applique cependant pas aux travailleurs domestiques dont la r\u00e9mun\u00e9ration est inf\u00e9rieure au taux de 1,30 dollar de l\u2019heure \u2013 avec l\u2019espoir que la parit\u00e9 salariale entrera en vigueur l\u2019ann\u00e9e prochaine lorsque le salaire minimum sera r\u00e9vis\u00e9, a d\u00e9clar\u00e9 M. Nxesi.<\/p>\n<p>\u00a0Le droit du travail sud-africain exige la r\u00e9vision annuelle du minimum national.<\/p>\n<\/div>\n<p>Auteur: APA News<br \/>\n<a href=\"https:\/\/www.journalducameroun.com\/afrique-du-sud-hausse-du-salaire-minimum\/\">Cliquez ici pour lire l&rsquo;article depuis sa source.<\/a><\/p>\n","protected":false},"excerpt":{"rendered":"<p>Publi\u00e9 le 10.02.2021 \u00e0 17h18 par APA News Le salaire minimum national en Afrique du Sud a \u00e9t\u00e9 augment\u00e9 de 1,36 \u00e0 1,43 dollars am\u00e9ricain par heure \u00e0 partir de mars, a annonc\u00e9 mercredi le ministre du travail Thulas Nxesi.Cette augmentation \u00e9tait conforme \u00e0 la l\u00e9gislation sur le salaire minimum national qui est entr\u00e9e en [&hellip;]<\/p>\n","protected":false},"author":1965,"featured_media":0,"comment_status":"closed","ping_status":"closed","sticky":false,"template":"","format":"standard","meta":{"fifu_image_url":"","fifu_image_alt":"","footnotes":""},"categories":[73,82],"tags":[],"class_list":["post-111014","post","type-post","status-publish","format-standard","hentry","category-actualite","category-cameroun"],"_links":{"self":[{"href":"https:\/\/linitiative.ca\/International\/wp-json\/wp\/v2\/posts\/111014","targetHints":{"allow":["GET"]}}],"collection":[{"href":"https:\/\/linitiative.ca\/International\/wp-json\/wp\/v2\/posts"}],"about":[{"href":"https:\/\/linitiative.ca\/International\/wp-json\/wp\/v2\/types\/post"}],"author":[{"embeddable":true,"href":"https:\/\/linitiative.ca\/International\/wp-json\/wp\/v2\/users\/1965"}],"replies":[{"embeddable":true,"href":"https:\/\/linitiative.ca\/International\/wp-json\/wp\/v2\/comments?post=111014"}],"version-history":[{"count":0,"href":"https:\/\/linitiative.ca\/International\/wp-json\/wp\/v2\/posts\/111014\/revisions"}],"wp:attachment":[{"href":"https:\/\/linitiative.ca\/International\/wp-json\/wp\/v2\/media?parent=111014"}],"wp:term":[{"taxonomy":"category","embeddable":true,"href":"https:\/\/linitiative.ca\/International\/wp-json\/wp\/v2\/categories?post=111014"},{"taxonomy":"post_tag","embeddable":true,"href":"https:\/\/linitiative.ca\/International\/wp-json\/wp\/v2\/tags?post=111014"}],"curies":[{"name":"wp","href":"https:\/\/api.w.org\/{rel}","templated":true}]}}