{"id":111016,"date":"2021-02-10T17:18:01","date_gmt":"2021-02-10T22:18:01","guid":{"rendered":"https:\/\/linitiative.ca\/International\/crise-malienne-quid-de-laccord-dalger\/"},"modified":"2021-02-10T17:18:01","modified_gmt":"2021-02-10T22:18:01","slug":"crise-malienne-quid-de-laccord-dalger","status":"publish","type":"post","link":"https:\/\/linitiative.ca\/International\/crise-malienne-quid-de-laccord-dalger\/","title":{"rendered":"Crise malienne : quid de l\u2019Accord d\u2019Alger ?"},"content":{"rendered":"<div readability=\"32\">\n<p>Publi\u00e9 le 10.02.2021 \u00e0 23h18 par APA News<\/p>\n<\/div>\n<div readability=\"102\">\n<p>Six ans apr\u00e8s la signature de l\u2019Accord pour la paix et la r\u00e9conciliation au Mali issu du processus d\u2019Alger, sa mise en \u0153uvre balbutie.Un d\u00e9bat sur le sujet a eu lieu mardi au s\u00e9nat fran\u00e7ais. R\u00e9cit.En 2015, le gouvernement malien et certains groupes arm\u00e9s s\u2019\u00e9taient engag\u00e9s \u00e0 taire les armes. Plusieurs ann\u00e9es plus tard, le constat est tout autre. Le sang coule toujours au Mali.\u00a0<\/p>\n<p>Lors d\u2019un d\u00e9bat organis\u00e9 au S\u00e9nat fran\u00e7ais, Jean-Yves Le Drian, ministre de l\u2019Europe et des Affaires \u00e9trang\u00e8res, a distingu\u00e9 mardi 9 f\u00e9vrier \u00ab les groupes signataires et les groupes terroristes \u00bb, non sans pr\u00e9ciser que le groupe de nationalistes touaregs a l\u2019origine en 2012 de la crise qui s\u00e9vit toujours au Mali, \u00ab le Mouvement National de Lib\u00e9ration de l\u2019Azawad (MNLA) est partie \u00e0 l\u2019accord (car) il accepte d\u2019inscrire son action dans le cadre de l\u2019\u00c9tat malien \u00bb.\u00a0<\/p>\n<p>Est-il en faveur d\u2019une r\u00e9vision ou d\u2019un ajustement de ce fameux accord comme ? C\u2019est ce que\u00a0r\u00e9clame une bonne partie des acteurs maliens mais aussi d\u2019observateurs \u00e9trangers comme le s\u00e9nateur Pierre Laurent. Devant ses coll\u00e8gues de \u00a0la chambre haute du parlement fran\u00e7ais, l\u2019ancien directeur du journal L\u2019Humanit\u00e9 et leader du Parti communiste fran\u00e7ais, a estim\u00e9 que \u00ab l\u2019Accord d\u2019Alger n\u2019est pas l\u2019unique solution politique. Il doit \u00eatre profond\u00e9ment r\u00e9vis\u00e9 \u00bb.<\/p>\n<p>Un point de vue que ne partage pas M. Le Drian qui n\u2019est \u00ab pas favorable \u00e0 l\u2019id\u00e9e de reconsid\u00e9rer l\u2019Accord d\u2019Alger \u00bb puisque \u00ab c\u2019est le cadre dans lequel nous pouvons avancer politiquement. Cet accord comprend des coop\u00e9rations locales, une refonte de l\u2019arm\u00e9e malienne et un effort de d\u00e9veloppement du Nord \u00bb.\u00a0<\/p>\n<p>Le s\u00e9nateur Bruno Retailleau a, lui, appel\u00e9 de ses v\u0153ux une implication accrue de l\u2019Alg\u00e9rie \u00ab pour garantir une r\u00e9elle application \u00bb de cet accord de paix. Au Mali, ce dernier a soutenu qu\u2019il n\u2019y aura pas \u00ab de reconstruction sans r\u00e9conciliation \u00bb, d\u2019o\u00f9 son appel au renforcement du dialogue \u00ab entre le Nord et le Sud, entre peuples peul et dogon \u00bb.\u00a0<\/p>\n<p>En tout cas, \u00ab le d\u00e9nouement de cette crise ne sera pas militaire \u00bb, d\u2019apr\u00e8s l\u2019analyse de Christian Cambon, pr\u00e9sident de la Commission des Affaires \u00e9trang\u00e8res, de la D\u00e9fense et des Forces arm\u00e9es au S\u00e9nat. M. Cambon a d\u00e9fendu l\u2019id\u00e9e selon laquelle \u00ab la solution ne peut \u00eatre que politique. Or l\u2019Accord d\u2019Alger n\u2019est toujours pas appliqu\u00e9 et le coup d\u2019\u00c9tat au Mali donne une impression de retour en arri\u00e8re \u00bb.<\/p>\n<p>A l\u2019initiative de l\u2019Alg\u00e9rie, le Comit\u00e9 de suivi de l\u2019Accord d\u2019Alger doit, d\u2019ailleurs, se r\u00e9unir ce 11 f\u00e9vrier. \u00ab C\u2019est un signe positif \u00bb pour Jean-Yves Le Drian. Enfin, le s\u00e9nateur Guillaume Gontard a estim\u00e9 que \u00ab l\u2019Alg\u00e9rie, la France et l\u2019Onu, signataires, doivent contribuer \u00bb \u00e0 redonner \u00ab son souffle \u00e0 l\u2019accord d\u2019Alger \u00bb.<\/p>\n<p>Depuis la destitution d\u2019Ibrahim Boubacar Ke\u00efta, par les militaires le 19 ao\u00fbt dernier, le Mali est dirig\u00e9 par un g\u00e9n\u00e9ral \u00e0 la retraite, Bah N\u2019daw, chef de l\u2019Etat dans le cadre d\u2019une transition cens\u00e9e durer dix-huit mois. Au terme de cette p\u00e9riode, des \u00e9lections g\u00e9n\u00e9rales devraient avoir lieu pour une transition civile du pouvoir.<\/p>\n<\/div>\n<p>Auteur: APA News<br \/>\n<a href=\"https:\/\/www.journalducameroun.com\/crise-malienne-quid-de-laccord-dalger\/\">Cliquez ici pour lire l&rsquo;article depuis sa source.<\/a><\/p>\n","protected":false},"excerpt":{"rendered":"<p>Publi\u00e9 le 10.02.2021 \u00e0 23h18 par APA News Six ans apr\u00e8s la signature de l\u2019Accord pour la paix et la r\u00e9conciliation au Mali issu du processus d\u2019Alger, sa mise en \u0153uvre balbutie.Un d\u00e9bat sur le sujet a eu lieu mardi au s\u00e9nat fran\u00e7ais. R\u00e9cit.En 2015, le gouvernement malien et certains groupes arm\u00e9s s\u2019\u00e9taient engag\u00e9s \u00e0 [&hellip;]<\/p>\n","protected":false},"author":1965,"featured_media":0,"comment_status":"closed","ping_status":"closed","sticky":false,"template":"","format":"standard","meta":{"fifu_image_url":"","fifu_image_alt":"","footnotes":""},"categories":[73,82],"tags":[],"class_list":["post-111016","post","type-post","status-publish","format-standard","hentry","category-actualite","category-cameroun"],"_links":{"self":[{"href":"https:\/\/linitiative.ca\/International\/wp-json\/wp\/v2\/posts\/111016","targetHints":{"allow":["GET"]}}],"collection":[{"href":"https:\/\/linitiative.ca\/International\/wp-json\/wp\/v2\/posts"}],"about":[{"href":"https:\/\/linitiative.ca\/International\/wp-json\/wp\/v2\/types\/post"}],"author":[{"embeddable":true,"href":"https:\/\/linitiative.ca\/International\/wp-json\/wp\/v2\/users\/1965"}],"replies":[{"embeddable":true,"href":"https:\/\/linitiative.ca\/International\/wp-json\/wp\/v2\/comments?post=111016"}],"version-history":[{"count":0,"href":"https:\/\/linitiative.ca\/International\/wp-json\/wp\/v2\/posts\/111016\/revisions"}],"wp:attachment":[{"href":"https:\/\/linitiative.ca\/International\/wp-json\/wp\/v2\/media?parent=111016"}],"wp:term":[{"taxonomy":"category","embeddable":true,"href":"https:\/\/linitiative.ca\/International\/wp-json\/wp\/v2\/categories?post=111016"},{"taxonomy":"post_tag","embeddable":true,"href":"https:\/\/linitiative.ca\/International\/wp-json\/wp\/v2\/tags?post=111016"}],"curies":[{"name":"wp","href":"https:\/\/api.w.org\/{rel}","templated":true}]}}