{"id":111017,"date":"2021-02-10T17:18:03","date_gmt":"2021-02-10T22:18:03","guid":{"rendered":"https:\/\/linitiative.ca\/International\/sahel-barkhane-en-debat-au-senat-francais\/"},"modified":"2021-02-10T17:18:03","modified_gmt":"2021-02-10T22:18:03","slug":"sahel-barkhane-en-debat-au-senat-francais","status":"publish","type":"post","link":"https:\/\/linitiative.ca\/International\/sahel-barkhane-en-debat-au-senat-francais\/","title":{"rendered":"Sahel: Barkhane en d\u00e9bat au s\u00e9nat fran\u00e7ais"},"content":{"rendered":"<div readability=\"32\">\n<p>Publi\u00e9 le 10.02.2021 \u00e0 23h18 par APA News<\/p>\n<\/div>\n<div readability=\"106\">\n<p>Huit ans apr\u00e8s le d\u00e9clenchement de l\u2019op\u00e9ration Serval pour pour chasser les jihadistes du Nord du Mali, les s\u00e9nateurs fran\u00e7ais dressent un bilan.Au fil des ann\u00e9es, la r\u00e9currence des attaques jihadistes a provoqu\u00e9 un sentiment anti-fran\u00e7ais dans une partie de l\u2019opinion au Mali. Dans cette ancienne colonie fran\u00e7aise d\u2019Afrique de l\u2019Ouest, les manifestations r\u00e9clamant le d\u00e9part de l\u2019op\u00e9ration Barkhane, qui a pris le relais en 2014 de Serval lanc\u00e9e en janvier 2013 pour chasser les jihadistes des villes qu\u2019ils avaient occup\u00e9es dans le Nord du pays, ont eu lieu ces derniers ann\u00e9es.<\/p>\n<p>C\u2019est pourquoi, le pr\u00e9sident fran\u00e7ais Emmanuel Macron avait exig\u00e9, lors du Sommet de Pau, que ses homologues du G5 Sahel \u00ab clarifient \u00bb leur position au sujet de la pr\u00e9sence militaire fran\u00e7aise. Dans le cadre d\u2019un d\u00e9bat public sous le th\u00e8me \u00ab L\u2019op\u00e9ration Barkhane : bilan et perspectives \u00bb, \u00a0Christian Cambon, pr\u00e9sident de la Commission des Affaires \u00e9trang\u00e8res, de la D\u00e9fense et des Forces arm\u00e9es au S\u00e9nat fran\u00e7ais, a soutenu, mardi 9 f\u00e9vrier, qu\u2019 \u00ab un retrait brutal de nos arm\u00e9es ne serait pas conforme \u00e0 nos int\u00e9r\u00eats ni \u00e0 ceux de nos alli\u00e9s. Nous devons consolider et non sacrifier les acquis de Barkhane \u00bb.<\/p>\n<p>Pour le S\u00e9nateur Jean-Marc Todeschini, \u00ab la France ne poursuit qu\u2019un objectif : d\u00e9fendre la paix pour que les peuples \u00e9chappent au joug du terrorisme \u00bb.<\/p>\n<p>De son c\u00f4t\u00e9, le S\u00e9nateur Jo\u00ebl Guerriau en est persuad\u00e9 : \u00ab Dans sa grande majorit\u00e9, la population du Sahel veut le maintien de la pr\u00e9sence arm\u00e9e fran\u00e7aise, contrairement \u00e0 ce que laissent entendre des rumeurs malveillantes \u00bb.<\/p>\n<p>M. Guerriau a toutefois relev\u00e9 l\u2019imp\u00e9ratif de soutenabilit\u00e9 de l\u2019action militaire. Pour ce faire, a-t-il indiqu\u00e9, il faut notamment que \u00ab de nouveaux contingents europ\u00e9ens prennent la rel\u00e8ve, que les co\u00fbts soient mutualis\u00e9s \u00bb.<\/p>\n<p>Tout compte fait, son homologue Olivier Cigolotti a reconnu que \u00ab m\u00eame s\u2019il n\u2019est pas envisageable de r\u00e9duire massivement l\u2019empreinte fran\u00e7aise sur le terrain, une r\u00e9flexion s\u2019impose sur un accompagnement \u00e0 forte valeur ajout\u00e9e \u2013 drones, renseignements ou frappes a\u00e9riennes cibl\u00e9es \u00bb.<\/p>\n<p>Le S\u00e9nateur Pierre Laurent, apr\u00e8s avoir jug\u00e9 que \u00ab le co\u00fbt de la guerre est exorbitant \u00bb (plus d\u2019un milliard d\u2019euros par an depuis huit ans d\u2019apr\u00e8s lui), a manifest\u00e9 le souhait que la France cr\u00e9e \u00ab les conditions d\u2019un retrait de (ses) troupes \u00bb. Pour lui, \u00ab il ne s\u2019agit pas d\u2019abandonner le Mali au chaos, mais de pr\u00e9parer un nouvel agenda pour la r\u00e9gion, discut\u00e9 avec l\u2019Union africaine et l\u2019Onu. Notre appui doit \u00eatre recentr\u00e9 sur les arm\u00e9es locales, avec un \u00e9tat-major conjoint africain \u00bb.<\/p>\n<p>Le nombre de soldats fran\u00e7ais d\u00e9ploy\u00e9s au Mali est pass\u00e9 de 3000 \u00e0 4500 puis \u00e0 5100 hommes. Avec le temps, le reste de l\u2019Europe a pris conscience de la n\u00e9cessit\u00e9 d\u2019accompagner la France dans son entreprise.<\/p>\n<p>\u00a0\u00ab La s\u00e9curit\u00e9 du Sahel conditionne la s\u00e9curit\u00e9 des Europ\u00e9ens et nos partenaires europ\u00e9ens sont d\u00e9sormais au rendez-vous avec Takuba, (Task force compos\u00e9e de soldats des forces sp\u00e9ciales de pays europ\u00e9ens destin\u00e9e \u00e0 appuyer Barkhane) \u00a0avec l\u2019appui \u00e0 la force conjointe (du G5 Sahel) avec des missions de formation, avec la Mission multidimensionnelle int\u00e9gr\u00e9e des Nations unies pour la stabilisation au Mali (Minusma). Sans oublier les contributions de nos alli\u00e9s britanniques, am\u00e9ricains et canadiens \u00bb, a expliqu\u00e9 Jean-Yves Le Drian, ministre fran\u00e7ais de l\u2019Europe et des Affaires \u00e9trang\u00e8res.<\/p>\n<\/div>\n<p>Auteur: APA News<br \/>\n<a href=\"https:\/\/www.journalducameroun.com\/sahel-barkhane-en-debat-au-senat-francais\/\">Cliquez ici pour lire l&rsquo;article depuis sa source.<\/a><\/p>\n","protected":false},"excerpt":{"rendered":"<p>Publi\u00e9 le 10.02.2021 \u00e0 23h18 par APA News Huit ans apr\u00e8s le d\u00e9clenchement de l\u2019op\u00e9ration Serval pour pour chasser les jihadistes du Nord du Mali, les s\u00e9nateurs fran\u00e7ais dressent un bilan.Au fil des ann\u00e9es, la r\u00e9currence des attaques jihadistes a provoqu\u00e9 un sentiment anti-fran\u00e7ais dans une partie de l\u2019opinion au Mali. Dans cette ancienne colonie [&hellip;]<\/p>\n","protected":false},"author":1965,"featured_media":0,"comment_status":"closed","ping_status":"closed","sticky":false,"template":"","format":"standard","meta":{"fifu_image_url":"","fifu_image_alt":"","footnotes":""},"categories":[73,82],"tags":[],"class_list":["post-111017","post","type-post","status-publish","format-standard","hentry","category-actualite","category-cameroun"],"_links":{"self":[{"href":"https:\/\/linitiative.ca\/International\/wp-json\/wp\/v2\/posts\/111017","targetHints":{"allow":["GET"]}}],"collection":[{"href":"https:\/\/linitiative.ca\/International\/wp-json\/wp\/v2\/posts"}],"about":[{"href":"https:\/\/linitiative.ca\/International\/wp-json\/wp\/v2\/types\/post"}],"author":[{"embeddable":true,"href":"https:\/\/linitiative.ca\/International\/wp-json\/wp\/v2\/users\/1965"}],"replies":[{"embeddable":true,"href":"https:\/\/linitiative.ca\/International\/wp-json\/wp\/v2\/comments?post=111017"}],"version-history":[{"count":0,"href":"https:\/\/linitiative.ca\/International\/wp-json\/wp\/v2\/posts\/111017\/revisions"}],"wp:attachment":[{"href":"https:\/\/linitiative.ca\/International\/wp-json\/wp\/v2\/media?parent=111017"}],"wp:term":[{"taxonomy":"category","embeddable":true,"href":"https:\/\/linitiative.ca\/International\/wp-json\/wp\/v2\/categories?post=111017"},{"taxonomy":"post_tag","embeddable":true,"href":"https:\/\/linitiative.ca\/International\/wp-json\/wp\/v2\/tags?post=111017"}],"curies":[{"name":"wp","href":"https:\/\/api.w.org\/{rel}","templated":true}]}}