{"id":111018,"date":"2021-02-10T17:18:04","date_gmt":"2021-02-10T22:18:04","guid":{"rendered":"https:\/\/linitiative.ca\/International\/g5-sahel-les-saheliens-se-retrouvent-encore-autour-de-macron\/"},"modified":"2021-02-10T17:18:04","modified_gmt":"2021-02-10T22:18:04","slug":"g5-sahel-les-saheliens-se-retrouvent-encore-autour-de-macron","status":"publish","type":"post","link":"https:\/\/linitiative.ca\/International\/g5-sahel-les-saheliens-se-retrouvent-encore-autour-de-macron\/","title":{"rendered":"G5 Sahel: les Sah\u00e9liens se retrouvent encore autour de Macron"},"content":{"rendered":"<div readability=\"32\">\n<p>Publi\u00e9 le 10.02.2021 \u00e0 23h18 par APA News<\/p>\n<\/div>\n<div readability=\"148\">\n<p>Le pr\u00e9sident fran\u00e7ais et ses homologues sah\u00e9liens se pr\u00e9parent \u00e0 se retrouver la semaine prochaine au Tchad, un an apr\u00e8s le sommet de Pau, en France, histoire de faire le bilan et d\u2019ajuster la lutte contre les groupes jihadistes au Sahel.Les attentes sont \u00e9normes, en France comme au Sahel. Mais comment faire? C\u2019est l\u2019exercice principal que le pr\u00e9sident fran\u00e7ais Emanuel Macron et ses homologues sah\u00e9liens vont tenter de r\u00e9soudre lors de ce nouveau sommet qui doit les r\u00e9unir les 15 et 16 f\u00e9vrier dans la capitale tchadienne, Ndjamena. En d\u00e9pit des efforts de Paris et de ses partenaires, les mouvements jihadistes continuent d\u2019\u00eatre actifs et se r\u00e9pandent dans le Sahel, o\u00f9 depuis le lancement en janvier 2013 de l\u2019op\u00e9ration fran\u00e7aise Serval, remplac\u00e9e en 2014 par Barkhane, plus d\u2019une cinquantaine de soldats tricolores ont perdu la vie, dont onze durant la seule ann\u00e9e 2020. \u00c0 ce bilan, s\u2019ajoutent ces milliers de civils tu\u00e9s par les islamistes ou victimes des milices locales ou des forces arm\u00e9es et de s\u00e9curit\u00e9.<\/p>\n<p>Depuis le sommet tenu \u00e0 Pau, dans le sud de la France, en janvier 2020, entre Emmanuel Macron et les cinq chefs d\u2019Etat du G5 Sahel (Mauritanie, Mali, Burkina, Niger et Tchad), les actions combin\u00e9es de Barkhane, de la Task Force europ\u00e9enne Takuba et des arm\u00e9es locales ont port\u00e9 des coups durs aux organisations jihadistes. Mais celles-ci demeurent \u00a0une menace s\u00e9rieuse, comme en t\u00e9moigne la r\u00e9gularit\u00e9 de leurs operations, souvent meurtri\u00e8res.<\/p>\n<p>\u00ab Barkhane a remport\u00e9 de tr\u00e8s nombreux succ\u00e8s tactiques, notamment lors de l\u2019op\u00e9ration Bourrasque. De nombreux chefs jihadistes ont \u00e9t\u00e9 neutralis\u00e9s \u00bb, s\u2019est f\u00e9licit\u00e9, mardi 9 f\u00e9vrier, Christian Cambon, pr\u00e9sident de la Commission des Affaires \u00e9trang\u00e8res, de la D\u00e9fense et des Forces arm\u00e9es du S\u00e9nat fran\u00e7ais. C\u2019\u00e9tait lors d\u2019un d\u00e9bat sous le th\u00e8me \u00ab L\u2019op\u00e9ration Barkhane : bilan et perspectives \u00bb.<\/p>\n<p>\u00c0 lire aussi: Sahel: Barkhane en d\u00e9bat au s\u00e9nat fran\u00e7ais<\/p>\n<p>Au cours de cette rencontre, Jean-Yves Le Drian, le ministre fran\u00e7ais de l\u2019Europe et des Affaires \u00e9trang\u00e8res, a affirm\u00e9 que \u00ab le Sommet de Pau \u00e0 \u00e9t\u00e9 celui du sursaut militaire. Celui de N\u2019Djamena doit \u00eatre celui du sursaut diplomatique et politique. Un sursaut \u00e9galement en faveur du d\u00e9veloppement \u00bb.<\/p>\n<p>\u00ab L\u2019aide au d\u00e9veloppement est essentielle pour traiter le mal \u00e0 la racine et \u00e9viter que nos forces soient per\u00e7ues comme des troupes d\u2019occupation. Or, si nous avons d\u00e9pens\u00e9 900 millions d\u2019euros en 2019 pour les op\u00e9rations militaires, nous n\u2019avons mobilis\u00e9 que 85 millions d\u2019euros en aide publique au d\u00e9veloppement au Mali \u00bb, a pr\u00e9cis\u00e9 M. Cambon.<\/p>\n<p>En 2020, quatre priorit\u00e9s ont \u00e9t\u00e9 identifi\u00e9es \u00e0 Pau. L\u2019une d\u2019elles est pourtant le d\u00e9veloppement des pays du G5 Sahel afin de prot\u00e9ger certaines franges fragiles de la population, notamment les jeunes d\u00e9s\u0153uvr\u00e9s et les pauvres, pour \u00e9viter qu\u2019elles soient tent\u00e9es de r\u00e9pondre aux sir\u00e8nes du jihadisme.<\/p>\n<p>Selon M. Le Drian, il faut \u00a0\u00ab une prise de responsabilit\u00e9 du G5 Sahel et une meilleure coordination et territorialisation de l\u2019aide \u00bb au d\u00e9veloppement.\u00a0<\/p>\n<p>Florence Parly, la ministre des Arm\u00e9es, a abond\u00e9 dans le m\u00eame sens : \u00ab Transformer les guerres militaires en progr\u00e8s \u00e9conomique et social : ce sera tout l\u2019objet du Sommet de N\u2019Djamena la semaine prochaine \u00bb.<\/p>\n<p>\u00c0 lire aussi: Crise malienne : quid de l\u2019Accord d\u2019Alger ?<\/p>\n<p>Depuis cinq ans, a soulign\u00e9 le chef de la Diplomatie fran\u00e7aise, Paris a augment\u00e9 son aide publique au d\u00e9veloppement en direction du Sahel de plus de 30 % ; 350 millions d\u2019euros ont \u00e9t\u00e9, selon lui, d\u00e9caiss\u00e9s par l\u2019Agence Fran\u00e7aise de D\u00e9veloppement (AFD) en un an pour y acc\u00e9l\u00e9rer des projets.<\/p>\n<p>De plus, l\u2019Alliance Sahel regroupant 24 partenaires en faveur de l\u2019aide aux pays sah\u00e9liens a \u00e9t\u00e9 cr\u00e9\u00e9e en 2017. Ce programme \u00ab supervise 870 projets pour un montant total de 20 milliards d\u2019euros \u00bb, a rappel\u00e9 Le Drian. \u00a0\u00ab Nous avons des r\u00e9sultats. La scolarisation primaire de 200.000 Nig\u00e9riens, la r\u00e9habilitation de 1800 classes au Mali, la distribution de 40.000 manuels scolaires au Tchad\u2026 Se battre pour l\u2019\u00e9ducation, c\u2019est se battre contre l\u2019obscurantisme\u00bb, a t-il ajout\u00e9.\u00a0<\/p>\n<p>En pr\u00e9lude au Sommet de N\u2019Djamena, Bah N\u2019daw, Mohamed Ould Ghazouani, Mahamadou Issoufou et Idriss Deby Itno, respectivement pr\u00e9sidents du Mali, de la Mauritanie, du Niger et du Tchad se sont rendus, un \u00e0 un, \u00e0 l\u2019Elys\u00e9e. D\u2019ailleurs, mercredi, le chef de l\u2019Etat fran\u00e7ais, Emmanuel Macron, a eu \u00ab un d\u00e9jeuner de travail \u00bb avec son homologue burkinab\u00e8, Roch Marc Christian Kabor\u00e9.<\/p>\n<\/div>\n<p>Auteur: APA News<br \/>\n<a href=\"https:\/\/www.journalducameroun.com\/g5-sahel-les-saheliens-se-retrouvent-encore-autour-de-macron\/\">Cliquez ici pour lire l&rsquo;article depuis sa source.<\/a><\/p>\n","protected":false},"excerpt":{"rendered":"<p>Publi\u00e9 le 10.02.2021 \u00e0 23h18 par APA News Le pr\u00e9sident fran\u00e7ais et ses homologues sah\u00e9liens se pr\u00e9parent \u00e0 se retrouver la semaine prochaine au Tchad, un an apr\u00e8s le sommet de Pau, en France, histoire de faire le bilan et d\u2019ajuster la lutte contre les groupes jihadistes au Sahel.Les attentes sont \u00e9normes, en France comme [&hellip;]<\/p>\n","protected":false},"author":1965,"featured_media":0,"comment_status":"closed","ping_status":"closed","sticky":false,"template":"","format":"standard","meta":{"fifu_image_url":"","fifu_image_alt":"","footnotes":""},"categories":[73,82],"tags":[],"class_list":["post-111018","post","type-post","status-publish","format-standard","hentry","category-actualite","category-cameroun"],"_links":{"self":[{"href":"https:\/\/linitiative.ca\/International\/wp-json\/wp\/v2\/posts\/111018","targetHints":{"allow":["GET"]}}],"collection":[{"href":"https:\/\/linitiative.ca\/International\/wp-json\/wp\/v2\/posts"}],"about":[{"href":"https:\/\/linitiative.ca\/International\/wp-json\/wp\/v2\/types\/post"}],"author":[{"embeddable":true,"href":"https:\/\/linitiative.ca\/International\/wp-json\/wp\/v2\/users\/1965"}],"replies":[{"embeddable":true,"href":"https:\/\/linitiative.ca\/International\/wp-json\/wp\/v2\/comments?post=111018"}],"version-history":[{"count":0,"href":"https:\/\/linitiative.ca\/International\/wp-json\/wp\/v2\/posts\/111018\/revisions"}],"wp:attachment":[{"href":"https:\/\/linitiative.ca\/International\/wp-json\/wp\/v2\/media?parent=111018"}],"wp:term":[{"taxonomy":"category","embeddable":true,"href":"https:\/\/linitiative.ca\/International\/wp-json\/wp\/v2\/categories?post=111018"},{"taxonomy":"post_tag","embeddable":true,"href":"https:\/\/linitiative.ca\/International\/wp-json\/wp\/v2\/tags?post=111018"}],"curies":[{"name":"wp","href":"https:\/\/api.w.org\/{rel}","templated":true}]}}