{"id":111021,"date":"2021-02-10T09:42:24","date_gmt":"2021-02-10T14:42:24","guid":{"rendered":"https:\/\/linitiative.ca\/International\/le-consupe-enquete-sur-le-projet-education-ii\/"},"modified":"2021-02-10T09:42:24","modified_gmt":"2021-02-10T14:42:24","slug":"le-consupe-enquete-sur-le-projet-education-ii","status":"publish","type":"post","link":"https:\/\/linitiative.ca\/International\/le-consupe-enquete-sur-le-projet-education-ii\/","title":{"rendered":"Le Consupe enqu\u00eate sur le projet \u00e9ducation II"},"content":{"rendered":"<p>125 chefs d\u2019entreprise ou leurs repr\u00e9sentants, bas\u00e9s au Cameroun et \u00e0 l\u2019\u00e9tranger, d\u00e9filent depuis le 8 f\u00e9vrier 2021 dans les locaux du Secr\u00e9tariat Permanent du Conseil de Discipline Budg\u00e9taire et Financi\u00e8re, Secr\u00e9tariat Permanent du Conseil de Discipline Budg\u00e9taire et Financi\u00e8re (Cdbf). Ces prestataires de services de l\u2019Etat d\u00e9f\u00e8rent ainsi \u00e0 la convocation du ministre D\u00e9l\u00e9gu\u00e9 \u00e0 la Pr\u00e9sidence de la R\u00e9publique charg\u00e9 du Contr\u00f4le Sup\u00e9rieur de l\u2019Etat (Consupe), Rose Mbah Acha Fomundam.<\/p>\n<p><strong>Lire aussi<\/strong> : <a href=\"https:\/\/ecomatin.net\/le-consupe-va-auditer-la-gestion-des-180-milliards-du-fonds-special-covid-19\/\">Le Consupe va auditer la gestion des 180 milliards du Fonds sp\u00e9cial Covid-19<\/a><\/p>\n<p>Selon le Consupe, cette convocation s\u2019inscrit dans le cadre de l\u2019ex\u00e9cution de la mission sp\u00e9ciale de contr\u00f4le et de v\u00e9rification d\u00e9p\u00each\u00e9e aupr\u00e8s du projet \u00ab Education II\u00bb (minist\u00e8re de l\u2019Education de Base) sur tr\u00e8s Hautes Instructions du Pr\u00e9sident de la R\u00e9publique. Le communiqu\u00e9 rendu public \u00e0 cet effet le 2 f\u00e9vrier 2021, demande aux responsables de ces entreprises de se pr\u00e9senter, \u00abmunis de leur dossier fiscal; de leur dossier administratif; des pi\u00e8ces justificatives des prestations effectu\u00e9es avec le Projet \u00e9ducation II et des pi\u00e8ces justificatives des prestations r\u00e9alis\u00e9es mais non encore pay\u00e9es\u00bb.<\/p>\n<p>Le Projet Education II, enti\u00e8rement financ\u00e9 par la Banque Africaine de D\u00e9veloppement (BAD), est entr\u00e9 en vigueur en 2000 pour une dur\u00e9e de 6 ans, avec comme \u00abprincipaux b\u00e9n\u00e9ficiaires les \u00e9coles, les \u00e9l\u00e8ves ainsi que le minist\u00e8re de l\u2019\u00c9ducation de Base\u00bb. C\u2019est un projet de renforcement de l\u2019enseignement primaire qui \u00abs\u2019inscrivait dans le cadre de la nouvelle dynamique cr\u00e9\u00e9e par la loi d\u2019orientation du syst\u00e8me \u00e9ducatif. Il a \u00e9t\u00e9 con\u00e7u pour \u00eatre comme un instrument devant contribuer au renforcement de la participation des b\u00e9n\u00e9ficiaires. A cet effet, il \u00e9tait pr\u00e9vu des constructions d\u2019\u00e9coles dans les communaut\u00e9s qui manifestent la volont\u00e9 \u00e0 participer \u00e0 la mise en place des infrastructures et surtout \u00e0 leur maintenance.<\/p>\n<p><strong>Lire aussi<\/strong> : <a href=\"https:\/\/ecomatin.net\/covid-19-le-consupe-sur-les-traces-du-riz-orca\/\">Covid-19 : le Consupe sur les traces du riz Orca<\/a><\/p>\n<p>Par ailleurs, le projet visait \u00e0 renforcer les structures d\u2019encadrement p\u00e9dagogique en leur fournissant les moyens de r\u00e9aliser leurs principales missions que sont l\u2019inspection acad\u00e9mique, la formation continue des enseignants et la micro planification\u00bb, renseigne la documentation officielle.<\/p>\n<p><strong>Fautes de gestion<\/strong><\/p>\n<p>Quinze ans apr\u00e8s la fin de ce projet, le Consupe veut comprendre comment les fonds ont \u00e9t\u00e9 g\u00e9r\u00e9s. \u00abSurtout qu\u2019en ce moment, plusieurs \u00e9coles n\u2019existent que sur du papier car les moyens qui avaient \u00e9t\u00e9 allou\u00e9s pour leur construction ont \u00e9t\u00e9 dilapid\u00e9s\u2026\u00bb, murmure une source proche du dossier, ayant requis l\u2019anonymat.<\/p>\n<p>Selon le d\u00e9cret du 17 janvier 2008 portant organisation et fonctionnement du Cdbf, cette instance est charg\u00e9e de prendre des sanctions \u00e0 l\u2019encontre des agents publics, patents ou de fait, coupables des irr\u00e9gularit\u00e9s et fautes de gestion commises dans l\u2019exercice de leurs fonctions, irr\u00e9gularit\u00e9s et fautes ayant eu pour effet de porter pr\u00e9judice aux int\u00e9r\u00eats de la puissance publique.<\/p>\n<p><strong>Lire aussi<\/strong> : <a href=\"https:\/\/ecomatin.net\/la-banque-mondiale-accorde-57-milliards-a-leducation-de-base\/\">La Banque mondiale accorde 57 milliards \u00e0 l\u2019\u00e9ducation de base<\/a><\/p>\n<p>A ce titre, le Conseil sanctionne les irr\u00e9gularit\u00e9s et fautes de gestion commises par les ordonnateurs et gestionnaires des cr\u00e9dits de l\u2019Etat, des collectivit\u00e9s territoriales d\u00e9centralis\u00e9es, des entreprises et organismes publics et parapublics et toute autre personne agissant en cette qualit\u00e9 ; les agents publics exer\u00e7ant d\u2019autres fonctions \u00e0 titre principal, mais agissant occasionnellement ou subsidiairement comme ordonnateurs ou gestionnaires des cr\u00e9dits de l\u2019Etat ; les commissaires aux comptes, censeurs et commissaires de gouvernement aupr\u00e8s des entreprises publiques et toutes personnes agissant en cette qualit\u00e9.<\/p>\n<p>Pour l\u2019exercice 2016 par exemple, le Consupe indique que le montant cumul\u00e9 des d\u00e9bets et des amendes sp\u00e9ciales prononc\u00e9s est de 11 651 286 470 Fcfa soit 11 628 086 470 Fcfa au titre de d\u00e9bets et 23 200 000 de Fcfa au titre des amendes sp\u00e9ciales.<\/p>\n<p><strong>Lire aussi<\/strong> : <a href=\"https:\/\/ecomatin.net\/le-gouvernement-met-75-milliards-de-fcfa-pour-les-ecoles-primaires-publiques\/\">Le gouvernement met 7,5 milliards de FCFA pour les \u00e9coles primaires publiques<\/a><\/p>\n<p>Auteur: Philipe NSOA<br \/>\n<a href=\"https:\/\/ecomatin.net\/le-consupe-enquete-sur-le-projet-education-ii\/\">Cliquez ici pour lire l&rsquo;article depuis sa source.<\/a><\/p>\n","protected":false},"excerpt":{"rendered":"<p>125 chefs d\u2019entreprise ou leurs repr\u00e9sentants, bas\u00e9s au Cameroun et \u00e0 l\u2019\u00e9tranger, d\u00e9filent depuis le 8 f\u00e9vrier 2021 dans les locaux du Secr\u00e9tariat Permanent du Conseil de Discipline Budg\u00e9taire et Financi\u00e8re, Secr\u00e9tariat Permanent du Conseil de Discipline Budg\u00e9taire et Financi\u00e8re (Cdbf). Ces prestataires de services de l\u2019Etat d\u00e9f\u00e8rent ainsi \u00e0 la convocation du ministre D\u00e9l\u00e9gu\u00e9 [&hellip;]<\/p>\n","protected":false},"author":1969,"featured_media":0,"comment_status":"closed","ping_status":"closed","sticky":false,"template":"","format":"standard","meta":{"fifu_image_url":"","fifu_image_alt":"","footnotes":""},"categories":[82,78],"tags":[],"class_list":["post-111021","post","type-post","status-publish","format-standard","hentry","category-cameroun","category-economie"],"_links":{"self":[{"href":"https:\/\/linitiative.ca\/International\/wp-json\/wp\/v2\/posts\/111021","targetHints":{"allow":["GET"]}}],"collection":[{"href":"https:\/\/linitiative.ca\/International\/wp-json\/wp\/v2\/posts"}],"about":[{"href":"https:\/\/linitiative.ca\/International\/wp-json\/wp\/v2\/types\/post"}],"author":[{"embeddable":true,"href":"https:\/\/linitiative.ca\/International\/wp-json\/wp\/v2\/users\/1969"}],"replies":[{"embeddable":true,"href":"https:\/\/linitiative.ca\/International\/wp-json\/wp\/v2\/comments?post=111021"}],"version-history":[{"count":0,"href":"https:\/\/linitiative.ca\/International\/wp-json\/wp\/v2\/posts\/111021\/revisions"}],"wp:attachment":[{"href":"https:\/\/linitiative.ca\/International\/wp-json\/wp\/v2\/media?parent=111021"}],"wp:term":[{"taxonomy":"category","embeddable":true,"href":"https:\/\/linitiative.ca\/International\/wp-json\/wp\/v2\/categories?post=111021"},{"taxonomy":"post_tag","embeddable":true,"href":"https:\/\/linitiative.ca\/International\/wp-json\/wp\/v2\/tags?post=111021"}],"curies":[{"name":"wp","href":"https:\/\/api.w.org\/{rel}","templated":true}]}}