{"id":111022,"date":"2021-02-10T11:30:10","date_gmt":"2021-02-10T16:30:10","guid":{"rendered":"https:\/\/linitiative.ca\/International\/education-le-japon-accorde-53-millions-de-f-pour-la-construction-dune-ecole-a-tiko\/"},"modified":"2021-02-10T11:30:10","modified_gmt":"2021-02-10T16:30:10","slug":"education-le-japon-accorde-53-millions-de-f-pour-la-construction-dune-ecole-a-tiko","status":"publish","type":"post","link":"https:\/\/linitiative.ca\/International\/education-le-japon-accorde-53-millions-de-f-pour-la-construction-dune-ecole-a-tiko\/","title":{"rendered":"Education : le Japon accorde 53 millions de F pour la construction d\u2019une \u00e9cole \u00e0 Tiko"},"content":{"rendered":"<p>La r\u00e9sidence de l\u2019Ambassadeur du Japon au Cameroun a \u00e9t\u00e9 le 8 f\u00e9vrier 2021, le lieu de la signature de l\u2019accord de construction d\u2019un \u00e9tablissement scolaire dans la ville de Tiko, situ\u00e9e dans le d\u00e9partement du Fako, r\u00e9gion du Sud-Ouest. Ceci en pr\u00e9sence de l\u2019Ambassadeur du Japon au Cameroun Osawa Tsutomu, du ministre de l\u2019Education de base Laurent Serges Etoundi Ngoa, de l\u2019\u00e9v\u00eaque de Buea Michael Bibi, du Pr\u00e9sident du secr\u00e9tariat de l\u2019\u00e9ducation catholique Michael Mbuwir.<\/p>\n<p><strong>Lire aussi<\/strong> : <a href=\"https:\/\/ecomatin.net\/cooperation-apres-le-ticad-7-le-japon-annonce-une-aide-financiere-aux-forces-de-securite-camerounaise\/\">Coop\u00e9ration : apr\u00e8s le TICAD 7, le Japon annonce une aide financi\u00e8re aux forces de s\u00e9curit\u00e9 camerounaise<\/a><\/p>\n<p>D\u2019un montant total de 53 millions de Fcfa, le projet de construction de l\u2019\u00e9cole catholique Sainte Laetitia permettra \u00e0 terme la construction de douze salles de classes, dix toilettes, deux blocs administratifs pour 750 \u00e9l\u00e8ves de la maternelle et du primaire. Selon le repr\u00e9sentant r\u00e9sidant du Japon au Cameroun, cette dotation envers l\u2019\u00e9ducation catholique est non-remboursable et contribue \u00e0 la promotion de l\u2019enseignement maternelle et primaire au Cameroun. Chose qui entre en droite ligne des objectifs de\u00a0la septi\u00e8me conf\u00e9rence internationale de Tokyo sur le d\u00e9veloppement de l\u2019Afrique (TICAD 7).<\/p>\n<p><strong>Lire aussi<\/strong> : <a href=\"https:\/\/ecomatin.net\/la-banque-mondiale-accorde-57-milliards-a-leducation-de-base\/\">La Banque mondiale accorde 57 milliards \u00e0 l\u2019\u00e9ducation de base<\/a><\/p>\n<p>L\u2019on pourrait donc voir en cet accord, une mise en \u0153uvre effective du Programme pr\u00e9sidentiel pour la reconstruction et le d\u00e9veloppement (Pprd) des r\u00e9gions du Nord-Ouest et du Sud-Ouest. Celui-ci a pour objectif de\u00a0restaurer la coh\u00e9sion sociale, reconstruire et r\u00e9habiliter les infrastructures de base et redynamiser l\u2019\u00e9conomie locale. Pour la premi\u00e8re phase de ce programme, il est alors pr\u00e9vu une enveloppe de 36 milliards de Fcfa. Qui permettront \u00ab\u00a0la r\u00e9habilitation des \u00e9coles, des centres de sant\u00e9, des routes, la reconstruction des ponts, la r\u00e9habilitation des points d\u2019eau et\u00a0\u00a0le r\u00e9tablissement des lignes d\u2019\u00e9lectricit\u00e9 qui ont \u00e9t\u00e9 d\u00e9truites. Nous allons construire quelques march\u00e9s mais surtout nous allons mettre un accent sur l\u2019agriculture et \u00e0 cet effet nous comptons pouvoir mettre \u00e0 la disposition des b\u00e9n\u00e9ficiaires du plan un certain nombre d\u2019intrants agricoles pour leur permettre de ressusciter les champs qui ont \u00e9t\u00e9 abandonn\u00e9s\u00bb, indiquait\u00a0Paul Tasong, ministre d\u00e9l\u00e9gu\u00e9 aupr\u00e8s du\u00a0du minist\u00e8re de l\u2019Economie de la Planification et de l\u2019Am\u00e9nagement du territoire (Minepat).<\/p>\n<p><strong>Lire aussi<\/strong> : <a href=\"https:\/\/ecomatin.net\/le-gouvernement-met-75-milliards-de-fcfa-pour-les-ecoles-primaires-publiques\/\">Le gouvernement met 7,5 milliards de FCFA pour les \u00e9coles primaires publiques<\/a><\/p>\n<p>Pour rappel, c\u2019\u00e9tait le 5 mai 2020, qu\u2019a \u00e9t\u00e9 sign\u00e9 l\u2019accord de financement destin\u00e9 au d\u00e9marrage au Programme pr\u00e9sidentiel pour la reconstruction et le d\u00e9veloppement des r\u00e9gions du Nord-Ouest et du Sud-Ouest entre le Minepat\u00a0Alamine Ousmane Mey\u00a0et le repr\u00e9sentant r\u00e9sident du Programme des\u00a0Nations Unies pour le d\u00e9veloppement (Pnud) au\u00a0Cameroun,\u00a0Jean Luc Stalon. Tout ceci pour une enveloppe globale de 86 milliards de Fcfa.<\/p>\n<p>Auteur: Cindy MBALA<br \/>\n<a href=\"https:\/\/ecomatin.net\/education-le-japon-accorde-53-millions-de-f-pour-la-construction-dune-ecole-a-tiko\/\">Cliquez ici pour lire l&rsquo;article depuis sa source.<\/a><\/p>\n","protected":false},"excerpt":{"rendered":"<p>La r\u00e9sidence de l\u2019Ambassadeur du Japon au Cameroun a \u00e9t\u00e9 le 8 f\u00e9vrier 2021, le lieu de la signature de l\u2019accord de construction d\u2019un \u00e9tablissement scolaire dans la ville de Tiko, situ\u00e9e dans le d\u00e9partement du Fako, r\u00e9gion du Sud-Ouest. Ceci en pr\u00e9sence de l\u2019Ambassadeur du Japon au Cameroun Osawa Tsutomu, du ministre de l\u2019Education [&hellip;]<\/p>\n","protected":false},"author":1969,"featured_media":0,"comment_status":"closed","ping_status":"closed","sticky":false,"template":"","format":"standard","meta":{"fifu_image_url":"","fifu_image_alt":"","footnotes":""},"categories":[82,78],"tags":[],"class_list":["post-111022","post","type-post","status-publish","format-standard","hentry","category-cameroun","category-economie"],"_links":{"self":[{"href":"https:\/\/linitiative.ca\/International\/wp-json\/wp\/v2\/posts\/111022","targetHints":{"allow":["GET"]}}],"collection":[{"href":"https:\/\/linitiative.ca\/International\/wp-json\/wp\/v2\/posts"}],"about":[{"href":"https:\/\/linitiative.ca\/International\/wp-json\/wp\/v2\/types\/post"}],"author":[{"embeddable":true,"href":"https:\/\/linitiative.ca\/International\/wp-json\/wp\/v2\/users\/1969"}],"replies":[{"embeddable":true,"href":"https:\/\/linitiative.ca\/International\/wp-json\/wp\/v2\/comments?post=111022"}],"version-history":[{"count":0,"href":"https:\/\/linitiative.ca\/International\/wp-json\/wp\/v2\/posts\/111022\/revisions"}],"wp:attachment":[{"href":"https:\/\/linitiative.ca\/International\/wp-json\/wp\/v2\/media?parent=111022"}],"wp:term":[{"taxonomy":"category","embeddable":true,"href":"https:\/\/linitiative.ca\/International\/wp-json\/wp\/v2\/categories?post=111022"},{"taxonomy":"post_tag","embeddable":true,"href":"https:\/\/linitiative.ca\/International\/wp-json\/wp\/v2\/tags?post=111022"}],"curies":[{"name":"wp","href":"https:\/\/api.w.org\/{rel}","templated":true}]}}