{"id":111023,"date":"2021-02-10T16:12:10","date_gmt":"2021-02-10T21:12:10","guid":{"rendered":"https:\/\/linitiative.ca\/International\/les-grandes-lignes-du-discours-de-paul-biya-a-la-jeunesse\/"},"modified":"2021-02-10T16:12:10","modified_gmt":"2021-02-10T21:12:10","slug":"les-grandes-lignes-du-discours-de-paul-biya-a-la-jeunesse","status":"publish","type":"post","link":"https:\/\/linitiative.ca\/International\/les-grandes-lignes-du-discours-de-paul-biya-a-la-jeunesse\/","title":{"rendered":"Les grandes lignes du discours de Paul Biya \u00e0 la jeunesse"},"content":{"rendered":"<p>Une fois de plus le pr\u00e9sident de la R\u00e9publique s\u2019est adress\u00e9 \u00e0 la jeunesse en cette veille de c\u00e9l\u00e9bration de la 55\u00e8me \u00e9dition de la f\u00eate de la jeunesse plac\u00e9e sous le th\u00e8me\u00a0: \u00abJeunesse, r\u00e9silience, d\u00e9fis et opportunit\u00e9s en temps de Covid-19\u00a0\u00bb. Coronavirus oblige toutes les activit\u00e9s li\u00e9es \u00e0 c\u00e9l\u00e9bration de celle-ci ont \u00e9t\u00e9 annul\u00e9es.<\/p>\n<p>Fer de lance de la nation, la jeunesse camerounaise est une fois de plus sollicit\u00e9e par le pr\u00e9sident de la R\u00e9publique pour participer \u00e0 la construction et \u00e0 l\u2019\u00e9dification du pays. \u00ab\u00a0Le gouvernement pour sa part va poursuivre ses efforts de d\u00e9veloppement de l\u2019ensemble du pays. La participation effective des jeunes \u00e0 la vie socio-\u00e9conomique de la nation restera au c\u0153ur de son action. Pour cela il veillera \u00e0 les impliquer d\u2019avantage dans la prise de d\u00e9cision les concernant\u00a0\u00bb, indique le pr\u00e9sident. Une des pistes propos\u00e9es pour une participation effective \u00e9tant selon lui \u00ab\u00a0les collectivit\u00e9s territoriales d\u00e9centralis\u00e9es constituent une p\u00e9pini\u00e8re d\u2019opportunit\u00e9s\u00bb. Ceux de la diaspora ne sont pas mis \u00e0 l\u2019\u00e9cart de ce processus. \u00ab\u00a0Si vous allez \u00e0 la conqu\u00eate du monde revenez construire votre pays, faites rayonner le Cameroun a l\u2019instar de vos compatriotes le physicien Ars\u00e8ne St\u00e9phane Tema Biwole \u00e0 la General Atomics, le math\u00e9maticien et informaticien Tistel Tchop Mvondo, qui vient de soutenir avec brio sa the de Doctorat \u00e0 22 ans, l\u2019\u00e9crivaine Dja\u00efli Amadou Amal qui a remport\u00e9 comme vous le savez le prix Goncourt des lyc\u00e9ens 2020\u00bb, ajoute-t-il.<\/p>\n<p><strong>Lire aussi<\/strong> : <a href=\"https:\/\/ecomatin.net\/les-festivites-du-11-fevrier-2021-annulees-pour-cause-de-covid-19\/\">Les festivit\u00e9s du 11 f\u00e9vrier 2021 annul\u00e9es pour cause de Covid-19<\/a><\/p>\n<p>Qui dit alors vie socio-\u00e9conomique, dit emploi pour cette \u00ab\u00a0jeunesse camerounaise, vaillante et patriote\u00a0\u00bb, occupant une part importante de la population nationale. Pour cette ann\u00e9e 2021, il est envisag\u00e9 au terme de celle-ci la cr\u00e9ation de 500\u00a0000 emplois avec le Programme de promotion de l\u2019emploi d\u00e9cent.\u00a0\u00a0A c\u00f4t\u00e9 de cela, le pr\u00e9sident de la R\u00e9publique recommande de s\u2019impr\u00e9gner de la nouvelle boussole gouvernementale qu\u2019est la Strat\u00e9gie nationale de d\u00e9veloppement 2020-2030\u00a0\u00a0(SND30). Strat\u00e9gie qui envisage entre autres la cr\u00e9ation de 500\u00a0000 emplois cette ann\u00e9e et 3 millions d\u2019ici 2023, une r\u00e9duction du taux de ch\u00f4meurs de la population active. Pour se faire donc neuf sous-secteurs industriels sont prioris\u00e9s\u00a0\u00e0 savoir l\u2019\u00e9nergie, l\u2019agro-industrie et le num\u00e9rique, mais aussi les fili\u00e8res for\u00eat-bois, textile-confection de cuir, mines-m\u00e9tallurgie-sid\u00e9rurgie, hydrocarbures\u2013p\u00e9trochimie-raffinage, chimie-pharmacie et construction-services-professionnels-scientifiques-techniques.<\/p>\n<p><strong>Lire aussi<\/strong> : <a href=\"https:\/\/ecomatin.net\/transformation-structurelle-lespoir-du-plein-emploi-a-lhorizon-2030\/\">Transformation structurelle : l\u2019espoir du plein emploi \u00e0 l\u2019horizon 2030<\/a><\/p>\n<p>Hors mis la SND30, d\u2019autres strat\u00e9gies de promotion de l\u2019emploi existent au Cameroun et selon le dernier pointage effectu\u00e9 par le chef de l\u2019Etat ce jour l\u2019on note que \u00ab\u00a0le Plan triennal sp\u00e9cial jeunes a financ\u00e9 en 2020 environ 5500 projets pour un montant global de pr\u00e8s de 15 milliards de Fcfa et permis ainsi l\u2019installation d\u2019un peu plus de 16000 jeunes dans 66 villages pionniers de la deuxi\u00e8me g\u00e9n\u00e9ration\u00a0\u00bb.<\/p>\n<p>Autre aspect sur lequel les jeunes sont attendus pour cette ann\u00e9e 2021 est la paix. Selon le chef de l\u2019Etat la mission qui incombe actuellement \u00e0 la jeunesse camerounaise est \u00ab\u00a0la pr\u00e9servation de la paix, de l\u2019unit\u00e9 et de la prosp\u00e9rit\u00e9 de notre pays par-del\u00e0 les contrari\u00e9t\u00e9s in\u00e9luctables li\u00e9es aux mutations du monde\u00a0\u00bb.<\/p>\n<p><strong>Lire aussi<\/strong> : <a href=\"https:\/\/ecomatin.net\/500-000-emplois-des-chiffres-interrogateurs-alors-que-le-sous-emploi-gagne-du-terrain\/\">500 000 emplois: des chiffres interrogateurs alors que le sous-emploi gagne du terrain<\/a><\/p>\n<p>Auteur: EcoMatin<br \/>\n<a href=\"https:\/\/ecomatin.net\/les-grandes-lignes-du-discours-de-paul-biya-a-la-jeunesse\/\">Cliquez ici pour lire l&rsquo;article depuis sa source.<\/a><\/p>\n","protected":false},"excerpt":{"rendered":"<p>Une fois de plus le pr\u00e9sident de la R\u00e9publique s\u2019est adress\u00e9 \u00e0 la jeunesse en cette veille de c\u00e9l\u00e9bration de la 55\u00e8me \u00e9dition de la f\u00eate de la jeunesse plac\u00e9e sous le th\u00e8me\u00a0: \u00abJeunesse, r\u00e9silience, d\u00e9fis et opportunit\u00e9s en temps de Covid-19\u00a0\u00bb. Coronavirus oblige toutes les activit\u00e9s li\u00e9es \u00e0 c\u00e9l\u00e9bration de celle-ci ont \u00e9t\u00e9 annul\u00e9es. [&hellip;]<\/p>\n","protected":false},"author":1969,"featured_media":0,"comment_status":"closed","ping_status":"closed","sticky":false,"template":"","format":"standard","meta":{"fifu_image_url":"","fifu_image_alt":"","footnotes":""},"categories":[82,78],"tags":[],"class_list":["post-111023","post","type-post","status-publish","format-standard","hentry","category-cameroun","category-economie"],"_links":{"self":[{"href":"https:\/\/linitiative.ca\/International\/wp-json\/wp\/v2\/posts\/111023","targetHints":{"allow":["GET"]}}],"collection":[{"href":"https:\/\/linitiative.ca\/International\/wp-json\/wp\/v2\/posts"}],"about":[{"href":"https:\/\/linitiative.ca\/International\/wp-json\/wp\/v2\/types\/post"}],"author":[{"embeddable":true,"href":"https:\/\/linitiative.ca\/International\/wp-json\/wp\/v2\/users\/1969"}],"replies":[{"embeddable":true,"href":"https:\/\/linitiative.ca\/International\/wp-json\/wp\/v2\/comments?post=111023"}],"version-history":[{"count":0,"href":"https:\/\/linitiative.ca\/International\/wp-json\/wp\/v2\/posts\/111023\/revisions"}],"wp:attachment":[{"href":"https:\/\/linitiative.ca\/International\/wp-json\/wp\/v2\/media?parent=111023"}],"wp:term":[{"taxonomy":"category","embeddable":true,"href":"https:\/\/linitiative.ca\/International\/wp-json\/wp\/v2\/categories?post=111023"},{"taxonomy":"post_tag","embeddable":true,"href":"https:\/\/linitiative.ca\/International\/wp-json\/wp\/v2\/tags?post=111023"}],"curies":[{"name":"wp","href":"https:\/\/api.w.org\/{rel}","templated":true}]}}