{"id":111024,"date":"2021-02-11T09:10:29","date_gmt":"2021-02-11T14:10:29","guid":{"rendered":"https:\/\/linitiative.ca\/International\/trois-suicides-en-24h-a-larache-et-al-hoceima\/"},"modified":"2021-02-11T09:10:29","modified_gmt":"2021-02-11T14:10:29","slug":"trois-suicides-en-24h-a-larache-et-al-hoceima","status":"publish","type":"post","link":"https:\/\/linitiative.ca\/International\/trois-suicides-en-24h-a-larache-et-al-hoceima\/","title":{"rendered":"Trois  suicides  en 24h \u00e0 Larache  et Al Hoce\u00efma"},"content":{"rendered":"<header>\n<\/header>\n<div class=\"entry-content clearfix\" readability=\"63\"><img decoding=\"async\" class=\"post_layout_5_img\" src=\"http:\/\/aujourdhui.ma\/wp-content\/uploads\/2019\/10\/suicide-pendaison.jpg\" alt=\"Trois suicides en 24h &#xE0; Larache et Al Hoce&#xEF;ma\"\/><\/p>\n<p><strong>Un p\u00e8re de famille, sexag\u00e9naire, s\u2019est donn\u00e9 la mort, mardi, vers 7h du matin, en se jetant du deuxi\u00e8me \u00e9tage de son domicile, un immeuble situ\u00e9 au quartier Al Ouahda, \u00e0 Larache.<\/strong><\/p>\n<p><span id=\"more-368043\"\/>Les \u00e9l\u00e9ments de la police judiciaire se sont d\u00e9p\u00each\u00e9s sur les lieux pour entamer une enqu\u00eate leur permettant de d\u00e9terminer les causes de cet acte de d\u00e9sespoir. Tandis que le cadavre du d\u00e9funt a \u00e9t\u00e9 \u00e9vacu\u00e9 vers la morgue de l\u2019h\u00f4pital Lalla Meriem afin d\u2019\u00eatre autopsi\u00e9. Vingt-quatre heures plus t\u00f4t, dimanche dernier, au quartier El Kouache, un autre p\u00e8re de famille, \u00e2g\u00e9 de cinquante-huit ans, a mis fin \u00e0 sa vie. Ce p\u00e8re de trois enfants, chauffeur de camion de son \u00e9tat, a \u00e9t\u00e9 retrouv\u00e9, chez lui, pendu \u00e0 une corde.<\/p>\n<p>Un troisi\u00e8me cas de suicide a eu lieu, lundi matin, au douar Ichetouanen relevant de la commune rurale Es-Snada, pr\u00e9fecture d\u2019Al Hoce\u00efma. Il s\u2019agit d\u2019un septuag\u00e9naire, p\u00e8re de onze enfants, qui s\u2019est \u00e9galement donn\u00e9 la mort par pendaison.<\/p>\n<\/div>\n<p>Auteur: Abderrafii ALOUMLIKI<br \/>\n<a href=\"https:\/\/aujourdhui.ma\/faits-divers\/trois-suicides-en-24h-a-larache-et-al-hoceima\">Cliquez ici pour lire l&rsquo;article depuis sa source.<\/a><\/p>\n","protected":false},"excerpt":{"rendered":"<p>Un p\u00e8re de famille, sexag\u00e9naire, s\u2019est donn\u00e9 la mort, mardi, vers 7h du matin, en se jetant du deuxi\u00e8me \u00e9tage de son domicile, un immeuble situ\u00e9 au quartier Al Ouahda, \u00e0 Larache. Les \u00e9l\u00e9ments de la police judiciaire se sont d\u00e9p\u00each\u00e9s sur les lieux pour entamer une enqu\u00eate leur permettant de d\u00e9terminer les causes de [&hellip;]<\/p>\n","protected":false},"author":1759,"featured_media":0,"comment_status":"closed","ping_status":"closed","sticky":false,"template":"","format":"standard","meta":{"fifu_image_url":"http:\/\/aujourdhui.ma\/wp-content\/uploads\/2019\/10\/suicide-pendaison.jpg","fifu_image_alt":"Trois  suicides  en 24h \u00e0 Larache  et Al Hoce\u00efma","footnotes":""},"categories":[73,54],"tags":[],"class_list":["post-111024","post","type-post","status-publish","format-standard","hentry","category-actualite","category-maroc"],"_links":{"self":[{"href":"https:\/\/linitiative.ca\/International\/wp-json\/wp\/v2\/posts\/111024","targetHints":{"allow":["GET"]}}],"collection":[{"href":"https:\/\/linitiative.ca\/International\/wp-json\/wp\/v2\/posts"}],"about":[{"href":"https:\/\/linitiative.ca\/International\/wp-json\/wp\/v2\/types\/post"}],"author":[{"embeddable":true,"href":"https:\/\/linitiative.ca\/International\/wp-json\/wp\/v2\/users\/1759"}],"replies":[{"embeddable":true,"href":"https:\/\/linitiative.ca\/International\/wp-json\/wp\/v2\/comments?post=111024"}],"version-history":[{"count":0,"href":"https:\/\/linitiative.ca\/International\/wp-json\/wp\/v2\/posts\/111024\/revisions"}],"wp:attachment":[{"href":"https:\/\/linitiative.ca\/International\/wp-json\/wp\/v2\/media?parent=111024"}],"wp:term":[{"taxonomy":"category","embeddable":true,"href":"https:\/\/linitiative.ca\/International\/wp-json\/wp\/v2\/categories?post=111024"},{"taxonomy":"post_tag","embeddable":true,"href":"https:\/\/linitiative.ca\/International\/wp-json\/wp\/v2\/tags?post=111024"}],"curies":[{"name":"wp","href":"https:\/\/api.w.org\/{rel}","templated":true}]}}