{"id":111025,"date":"2021-02-11T09:15:51","date_gmt":"2021-02-11T14:15:51","guid":{"rendered":"https:\/\/linitiative.ca\/International\/port-du-masque-et-problemes-cutanes-comment-se-premunir\/"},"modified":"2021-02-11T09:15:51","modified_gmt":"2021-02-11T14:15:51","slug":"port-du-masque-et-problemes-cutanes-comment-se-premunir","status":"publish","type":"post","link":"https:\/\/linitiative.ca\/International\/port-du-masque-et-problemes-cutanes-comment-se-premunir\/","title":{"rendered":"Port du masque et probl\u00e8mes cutan\u00e9s\u00a0:  Comment se pr\u00e9munir\u00a0?"},"content":{"rendered":"<p><img decoding=\"async\" class=\"post_layout_5_img\" src=\"http:\/\/aujourdhui.ma\/wp-content\/uploads\/2021\/02\/Ahlam-Asriri-port-du-masque-psoriasis-eczema-acne..jpg\" alt=\"Port du masque et probl&#xE8;mes cutan&#xE9;s&#xA0;: Comment se pr&#xE9;munir&#xA0;?\"\/><\/p>\n<p><span class=\"c5\"><strong>Psoriasis, ecz\u00e9ma, acn\u00e9\u2026<\/strong><\/span><br \/><span id=\"more-368030\"\/><\/p>\n<p><span class=\"c6\">Le port du masque peut s\u2019av\u00e9rer allerg\u00e8ne pour les peaux r\u00e9actives ou g\u00e9n\u00e9rer boutons, dilatations des pores ou rougeurs diffuses car la peau est enferm\u00e9e et finit par \u00abchauffer\u00bb.<\/span><\/p>\n<p>La p\u00e9riode de Covid-19 doit s\u2019accompagner de nouvelles habitudes de soins pour la peau. En effet, il est tr\u00e8s important d\u2019en tenir compte eu \u00e9gard au port du masque et de l\u2019aggravation de certaines pathologies cutan\u00e9es dont les p\u00e9riodes de confinement et post-confinement n\u2019ont fait qu\u2019acc\u00e9l\u00e9rer. C\u2019est ce que pr\u00e9conise Ahlam Asriri, docteur en dermatologie \u00e0 Casablanca. Ainsi, quelques recommandations simples \u00e0 appliquer peuvent soulager la peau face \u00e0 cette nouvelle contrainte.<\/p>\n<p><span class=\"c6\"><strong>La peau \u00abconfin\u00e9e\u00bb<\/strong><\/span><\/p>\n<p>La p\u00e9riode de confinement et l\u2019incertitude face au futur causent plusieurs probl\u00e8mes de sant\u00e9 y compris des maux cutan\u00e9s. La crise sanitaire a vu \u00e9merger un nombre d\u2019affections cutan\u00e9es comme le psoriasis, l\u2019ecz\u00e9ma et l\u2019acn\u00e9 chez les enfants comme les adultes. Des maladies qui n\u00e9cessitent une attention particuli\u00e8re. A cela s\u2019ajoute le port du masque qui, certes, prot\u00e8ge contre la propagation de la Covid-19 mais il peut \u00eatre source de nombreux maux cutan\u00e9s. La peau est \u00e0 son tour \u00abconfin\u00e9e\u00bb.<\/p>\n<p>Le port du masque peut s\u2019av\u00e9rer allerg\u00e8ne pour les peaux r\u00e9actives ou g\u00e9n\u00e9rer boutons, dilatations des pores ou rougeurs diffuses car la peau est enferm\u00e9e et finit par \u00abchauffer\u00bb. Dans ce sens, quelle que soit la dermatose, il est important de consulter pour \u00eatre soign\u00e9 et de fait, changer sa routine habituelle de soins quotidiens. Pour l\u2019experte, \u00abil faut \u00e9viter les formules occlusives et se d\u00e9maquiller la peau ou la nettoyer syst\u00e9matiquement m\u00eame si l\u2019on ne se maquille pas\u00a0: l\u2019id\u00e9al\u00a0? Des formules \u00abmatifiantes\u00bb mais hydratantes pour \u00e9viter le dess\u00e8chement de la peau\u00bb.<\/p>\n<p><strong><span class=\"c6\">S\u2019orienter vers des soins plus adapt\u00e9s<\/span><\/strong><\/p>\n<p>M\u00eame pour les personnes qui ne souffrent pas d\u2019acn\u00e9, le port du masque peut entra\u00eener une dilatation des pores en raison de la chaleur et le stress g\u00e9n\u00e9r\u00e9 par la sensation d\u2019enfermement de la peau peut aussi \u00eatre \u00e0 la source d\u2019irritations et de petits boutons. Il faut donc opter pour des soins de peaux adapt\u00e9s. Par exemple\u00a0: choisir une exfoliation de la peau plus souvent pour d\u00e9sengorger la peau des cellules mortes. \u00abOn peut opter pour une lotion exfoliante ou un exfoliant enzymatique qui apporte une vraie sensation de fra\u00eecheur \u00e0 la peau sans l\u2019irriter\u00bb, rel\u00e8ve la sp\u00e9cialiste. Pour ce qui est des s\u00e9rums ou des cr\u00e8mes, elle recommande de s\u2019orienter plut\u00f4t vers des s\u00e9rums, efficaces, qui vont aussi calmer les inflammations, agir selon l\u2019\u00e2ge du patient. \u00abEn journ\u00e9e, mieux vaut \u00e9viter les cr\u00e8mes qui ont tendance \u00e0 \u00eatre fortement occlusives sous le masque pour les utiliser plut\u00f4t le soir\u00bb, ajoute-t-elle.<\/p>\n<p>Du c\u00f4t\u00e9 des \u00e9crans solaires, la dermatologue recommande d\u2019\u00e9viter les formules trop \u00e9paisses pour aller vers des \u00e9crans solaires SPF 50 plut\u00f4t teint\u00e9s mais non occlusifs en optant plut\u00f4t pour des formules fluides et l\u00e9g\u00e8res. \u00ab\u00a0Cela peut tout \u00e0 fait remplacer la routine habituelle qui consiste \u00e0 cumuler un \u00e9cran solaire et un correcteur ou fond de teint. On privil\u00e9gie plut\u00f4t une texture qui prot\u00e8ge et camoufle les imperfections avec naturel. Un \u00e9cran solaire teint\u00e9, une BB Cr\u00e8me avec indice \u00e9lev\u00e9, voire une poudre compacte matifiante avec indice de protection\u00bb, souligne Ahlam Asiri. Pour ce qui est de l\u2019application des masques de peau, la sp\u00e9cialiste explique qu\u2019il ne faut pas h\u00e9siter \u00e0 faire \u00abune vraie pause avec un masque g\u00e9n\u00e9reux, hydratant et gorg\u00e9s d\u2019actifs apaisants\u00a0: aloe vera, niacinamide, etc.<\/p>\n<p>En profitant pleinement de ce moment. C\u2019est aussi un moment id\u00e9al pour d\u00e9stresser, fermer les yeux et sentir les effets de ce masque d\u00e9salt\u00e9rant et\u00a0anti-flush\u00bb sur votre peau\u00bb. Au niveau du maquillage, il vaut mieux par ailleurs opter pour des textures faciles \u00e0 d\u00e9maquiller et \u00e9viter un trop-plein de maquillage et de fards qui peuvent irriter la peau de l\u2019ext\u00e9rieur et qu\u2019il faudra n\u00e9cessairement d\u00e9maquiller le soir. \u00abId\u00e9alement avec une formule qui d\u00e9colle les particules en douceur\u00a0: l\u2019eau micellaire est une alternative parfaite ou un nettoyant tr\u00e8s doux et sans parfum\u00bb, pr\u00e9cise la dermatologue.<\/p>\n<p>Auteur: ALM<br \/>\n<a href=\"https:\/\/aujourdhui.ma\/societe\/port-du-masque-et-problemes-cutanes-comment-se-premunir\">Cliquez ici pour lire l&rsquo;article depuis sa source.<\/a><\/p>\n","protected":false},"excerpt":{"rendered":"<p>Psoriasis, ecz\u00e9ma, acn\u00e9\u2026 Le port du masque peut s\u2019av\u00e9rer allerg\u00e8ne pour les peaux r\u00e9actives ou g\u00e9n\u00e9rer boutons, dilatations des pores ou rougeurs diffuses car la peau est enferm\u00e9e et finit par \u00abchauffer\u00bb. La p\u00e9riode de Covid-19 doit s\u2019accompagner de nouvelles habitudes de soins pour la peau. En effet, il est tr\u00e8s important d\u2019en tenir compte [&hellip;]<\/p>\n","protected":false},"author":1759,"featured_media":0,"comment_status":"closed","ping_status":"closed","sticky":false,"template":"","format":"standard","meta":{"fifu_image_url":"http:\/\/aujourdhui.ma\/wp-content\/uploads\/2021\/02\/Ahlam-Asriri-port-du-masque-psoriasis-eczema-acne..jpg","fifu_image_alt":"Port du masque et probl\u00e8mes cutan\u00e9s\u00a0:  Comment se pr\u00e9munir\u00a0?","footnotes":""},"categories":[73,54],"tags":[],"class_list":["post-111025","post","type-post","status-publish","format-standard","hentry","category-actualite","category-maroc"],"_links":{"self":[{"href":"https:\/\/linitiative.ca\/International\/wp-json\/wp\/v2\/posts\/111025","targetHints":{"allow":["GET"]}}],"collection":[{"href":"https:\/\/linitiative.ca\/International\/wp-json\/wp\/v2\/posts"}],"about":[{"href":"https:\/\/linitiative.ca\/International\/wp-json\/wp\/v2\/types\/post"}],"author":[{"embeddable":true,"href":"https:\/\/linitiative.ca\/International\/wp-json\/wp\/v2\/users\/1759"}],"replies":[{"embeddable":true,"href":"https:\/\/linitiative.ca\/International\/wp-json\/wp\/v2\/comments?post=111025"}],"version-history":[{"count":0,"href":"https:\/\/linitiative.ca\/International\/wp-json\/wp\/v2\/posts\/111025\/revisions"}],"wp:attachment":[{"href":"https:\/\/linitiative.ca\/International\/wp-json\/wp\/v2\/media?parent=111025"}],"wp:term":[{"taxonomy":"category","embeddable":true,"href":"https:\/\/linitiative.ca\/International\/wp-json\/wp\/v2\/categories?post=111025"},{"taxonomy":"post_tag","embeddable":true,"href":"https:\/\/linitiative.ca\/International\/wp-json\/wp\/v2\/tags?post=111025"}],"curies":[{"name":"wp","href":"https:\/\/api.w.org\/{rel}","templated":true}]}}