{"id":111026,"date":"2021-02-11T09:17:19","date_gmt":"2021-02-11T14:17:19","guid":{"rendered":"https:\/\/linitiative.ca\/International\/abdelatif-laabi-remporte-le-grand-prix-de-poesie-de-la-ville-de-lyon\/"},"modified":"2021-02-11T09:17:19","modified_gmt":"2021-02-11T14:17:19","slug":"abdelatif-laabi-remporte-le-grand-prix-de-poesie-de-la-ville-de-lyon","status":"publish","type":"post","link":"https:\/\/linitiative.ca\/International\/abdelatif-laabi-remporte-le-grand-prix-de-poesie-de-la-ville-de-lyon\/","title":{"rendered":"Abdelatif La\u00e2bi remporte le Grand prix  de po\u00e9sie de la ville de Lyon"},"content":{"rendered":"<p><img decoding=\"async\" class=\"post_layout_5_img\" src=\"http:\/\/aujourdhui.ma\/wp-content\/uploads\/2021\/02\/Le-grand-ecrivain-romancier-et-poete-Abdelatif-Laabi.jpg\" alt=\"Abdelatif La&#xE2;bi remporte le Grand prix de po&#xE9;sie de la ville de Lyon\"\/><\/p>\n<p><span class=\"c5\"><strong>Il vient d\u2019\u00eatre r\u00e9compens\u00e9 pour son \u0153uvre \u00abPresque Riens\u00bb<\/strong><\/span><span id=\"more-368050\"\/><\/p>\n<p>Le grand \u00e9crivain, romancier et po\u00e8te Abdelatif La\u00e2bi vient de remporter le Grand prix de po\u00e9sie de la ville de Lyon pour son recueil \u00abPresque Riens\u00bb, publi\u00e9 aux \u00e9ditions Le Castor Astral. L\u2019annonce a \u00e9t\u00e9 faite par l\u2019\u00e9crivain lui-m\u00eame sur sa page officielle, en indiquant que le prix Roger-Kowalski, Grand prix de po\u00e9sie de la ville de Lyon, a \u00e9t\u00e9 cr\u00e9\u00e9 en 1984 par la municipalit\u00e9 de la ville, \u00e0 l\u2019initiative d\u2019Andr\u00e9 Mure et de Fran\u00e7ois Montmaneix. \u00abLe prix r\u00e9compense un po\u00e8te et rend hommage \u00e0 Roger Kowalski (1934-1975), n\u00e9 et mort \u00e0 Lyon, o\u00f9 il a \u00e9crit toute son \u0153uvre.<\/p>\n<p>Il est attribu\u00e9 chaque ann\u00e9e au livre d\u2019un po\u00e8te vivant, publi\u00e9 entre le 1er octobre de l\u2019ann\u00e9e pr\u00e9c\u00e9dente et le 1er octobre de l\u2019ann\u00e9e en cours. Ainsi James Sacr\u00e9, Jean Joubert, Jacques R\u00e9da, Yves Bonnefoy, Jean-Claude Pirotte, William Cliff, Marie-Claire Bancquart, Franck Venaille, figurent parmi les derniers laur\u00e9ats\u00bb. Dans son communiqu\u00e9 annon\u00e7ant l\u2019attribution du prix de cette ann\u00e9e \u00e0 Abdellatif La\u00e2bi, le jury d\u00e9fend ainsi son choix en indiquant qu\u2019\u00ab\u00e0 travers son \u00e9criture, Abdellatif La\u00e2bi promeut l\u2019engagement artistique et intellectuel comme moyen de lutter contre les injustices et met en \u0153uvre une esth\u00e9tique de la dissidence.<\/p>\n<p>Son v\u00e9cu est la source premi\u00e8re d\u2019une \u0153uvre plurielle (po\u00e9sie, roman, th\u00e9\u00e2tre, essai) situ\u00e9e au confluent des cultures\u00bb.<br \/>Notons que \u00abPresque Riens\u00bb est une sorte de livre testamentaire empli de sagesse et d\u2019optimisme. Il brasse les grandes questions existentielles. \u00abDerri\u00e8re l\u2019ironie amus\u00e9e, ces \u00abpresque riens\u00bb concentrent les moments essentiels d\u2019une vie. Ils font de cette publication \u00e0 la fois un livre bilan et un livre de sagesse. Il s\u2019en d\u00e9gage une \u00e9tonnante \u00e9nergie communicative\u00bb, indique l\u2019\u00e9diteur. Et d\u2019ajouter que \u00abcette \u0153uvre retraverse le champ de bataille de la vie, croise les esp\u00e8ces animales disparues, la grande col\u00e8re des opprim\u00e9s et la po\u00e9sie qui toujours fait battre le c\u0153ur et rattache \u00e0 la vie. Puisque si le soleil se couche, c\u2019est qu\u2019il se l\u00e8ve !\u00bb.<\/p>\n<p>Pour rappel, Abdelatif La\u00e2bi a obtenu en mars 2020 le prix Mahmoud Darwich pour la cr\u00e9ation et la libert\u00e9, en m\u00eame temps que l\u2019Am\u00e9ricain Noam Chomsky et le Palestinien Zakaria Mohammed.<\/p>\n<p>Auteur: Siham Jadraoui<br \/>\n<a href=\"https:\/\/aujourdhui.ma\/culture\/abdelatif-laabi-remporte-le-grand-prix-de-poesie-de-la-ville-de-lyon\">Cliquez ici pour lire l&rsquo;article depuis sa source.<\/a><\/p>\n","protected":false},"excerpt":{"rendered":"<p>Il vient d\u2019\u00eatre r\u00e9compens\u00e9 pour son \u0153uvre \u00abPresque Riens\u00bb Le grand \u00e9crivain, romancier et po\u00e8te Abdelatif La\u00e2bi vient de remporter le Grand prix de po\u00e9sie de la ville de Lyon pour son recueil \u00abPresque Riens\u00bb, publi\u00e9 aux \u00e9ditions Le Castor Astral. L\u2019annonce a \u00e9t\u00e9 faite par l\u2019\u00e9crivain lui-m\u00eame sur sa page officielle, en indiquant que [&hellip;]<\/p>\n","protected":false},"author":1759,"featured_media":0,"comment_status":"closed","ping_status":"closed","sticky":false,"template":"","format":"standard","meta":{"fifu_image_url":"http:\/\/aujourdhui.ma\/wp-content\/uploads\/2021\/02\/Le-grand-ecrivain-romancier-et-poete-Abdelatif-Laabi.jpg","fifu_image_alt":"Abdelatif La\u00e2bi remporte le Grand prix  de po\u00e9sie de la ville de Lyon","footnotes":""},"categories":[73,54],"tags":[],"class_list":["post-111026","post","type-post","status-publish","format-standard","hentry","category-actualite","category-maroc"],"_links":{"self":[{"href":"https:\/\/linitiative.ca\/International\/wp-json\/wp\/v2\/posts\/111026","targetHints":{"allow":["GET"]}}],"collection":[{"href":"https:\/\/linitiative.ca\/International\/wp-json\/wp\/v2\/posts"}],"about":[{"href":"https:\/\/linitiative.ca\/International\/wp-json\/wp\/v2\/types\/post"}],"author":[{"embeddable":true,"href":"https:\/\/linitiative.ca\/International\/wp-json\/wp\/v2\/users\/1759"}],"replies":[{"embeddable":true,"href":"https:\/\/linitiative.ca\/International\/wp-json\/wp\/v2\/comments?post=111026"}],"version-history":[{"count":0,"href":"https:\/\/linitiative.ca\/International\/wp-json\/wp\/v2\/posts\/111026\/revisions"}],"wp:attachment":[{"href":"https:\/\/linitiative.ca\/International\/wp-json\/wp\/v2\/media?parent=111026"}],"wp:term":[{"taxonomy":"category","embeddable":true,"href":"https:\/\/linitiative.ca\/International\/wp-json\/wp\/v2\/categories?post=111026"},{"taxonomy":"post_tag","embeddable":true,"href":"https:\/\/linitiative.ca\/International\/wp-json\/wp\/v2\/tags?post=111026"}],"curies":[{"name":"wp","href":"https:\/\/api.w.org\/{rel}","templated":true}]}}