{"id":111028,"date":"2021-02-11T11:13:01","date_gmt":"2021-02-11T16:13:01","guid":{"rendered":"https:\/\/linitiative.ca\/International\/safi-demantelement-dune-bande-de-voleurs-de-panneaux-solaires-et-cables-telephoniques\/"},"modified":"2021-02-11T11:13:01","modified_gmt":"2021-02-11T16:13:01","slug":"safi-demantelement-dune-bande-de-voleurs-de-panneaux-solaires-et-cables-telephoniques","status":"publish","type":"post","link":"https:\/\/linitiative.ca\/International\/safi-demantelement-dune-bande-de-voleurs-de-panneaux-solaires-et-cables-telephoniques\/","title":{"rendered":"Safi : D\u00e9mant\u00e8lement d\u2019une bande de voleurs de panneaux solaires et c\u00e2bles t\u00e9l\u00e9phoniques"},"content":{"rendered":"<header>\n<\/header>\n<div class=\"entry-content clearfix\" readability=\"53\"><img decoding=\"async\" class=\"post_layout_5_img\" src=\"http:\/\/aujourdhui.ma\/wp-content\/uploads\/2016\/07\/vole-de-cables-telephoniques-.jpg\" alt=\"Safi : D&#xE9;mant&#xE8;lement d&#x2019;une bande de voleurs de panneaux solaires et c&#xE2;bles t&#xE9;l&#xE9;phoniques\"\/><\/p>\n<p><span class=\"c5\"><strong>Une bande de malfrats sp\u00e9cialis\u00e9e dans le vol de panneaux solaires et c\u00e2bles t\u00e9l\u00e9phoniques en cuivre a \u00e9t\u00e9 d\u00e9mantel\u00e9e par les \u00e9l\u00e9ments de la gendarmerie royale de Safi.<\/strong><\/span><span id=\"more-368045\"\/><\/p>\n<p>En effet, suite \u00e0 une plainte faisant \u00e9tat du vol de c\u00e2bles t\u00e9l\u00e9phoniques port\u00e9e par le responsable d\u2019une commune rurale, une enqu\u00eate a \u00e9t\u00e9 ouverte. A ce propos, une voiture, 4\u00d74, qui a \u00e9t\u00e9 remarqu\u00e9e, la nuit de la disparition des c\u00e2bles, d\u00e9ambuler \u00e0 travers la ville de Youssoufia, a mis la puce \u00e0 l\u2019oreille des policiers de la ville qui ont aussit\u00f4t alert\u00e9 les gendarmes de Safi. La voiture a \u00e9t\u00e9 rep\u00e9r\u00e9e et son chauffeur qui a tent\u00e9 de prendre la fuite a \u00e9t\u00e9 arr\u00eat\u00e9 et soumis aux interrogatoires.<\/p>\n<p>Il a r\u00e9v\u00e9l\u00e9 qu\u2019il faisait partie d\u2019une bande de voleurs de plaques solaires et de c\u00e2bles t\u00e9l\u00e9phoniques en cuivre tout en mentionnant les identit\u00e9s de ses cinq complices. Arr\u00eat\u00e9s \u00e0 leur tour, ils ont avou\u00e9 leurs m\u00e9faits perp\u00e9tr\u00e9s \u00e0 Safi, Youssoufia, Sidi Bennour et El Jadida.<\/p>\n<\/div>\n<p>Auteur: Abderrafii ALOUMLIKI<br \/>\n<a href=\"https:\/\/aujourdhui.ma\/faits-divers\/safi-demantelement-dune-bande-de-voleurs-de-panneaux-solaires-et-cables-telephoniques\">Cliquez ici pour lire l&rsquo;article depuis sa source.<\/a><\/p>\n","protected":false},"excerpt":{"rendered":"<p>Une bande de malfrats sp\u00e9cialis\u00e9e dans le vol de panneaux solaires et c\u00e2bles t\u00e9l\u00e9phoniques en cuivre a \u00e9t\u00e9 d\u00e9mantel\u00e9e par les \u00e9l\u00e9ments de la gendarmerie royale de Safi. En effet, suite \u00e0 une plainte faisant \u00e9tat du vol de c\u00e2bles t\u00e9l\u00e9phoniques port\u00e9e par le responsable d\u2019une commune rurale, une enqu\u00eate a \u00e9t\u00e9 ouverte. A ce [&hellip;]<\/p>\n","protected":false},"author":1759,"featured_media":0,"comment_status":"closed","ping_status":"closed","sticky":false,"template":"","format":"standard","meta":{"fifu_image_url":"http:\/\/aujourdhui.ma\/wp-content\/uploads\/2016\/07\/vole-de-cables-telephoniques-.jpg","fifu_image_alt":"Safi : D\u00e9mant\u00e8lement d\u2019une bande de voleurs de panneaux solaires et c\u00e2bles t\u00e9l\u00e9phoniques","footnotes":""},"categories":[73,54],"tags":[],"class_list":["post-111028","post","type-post","status-publish","format-standard","hentry","category-actualite","category-maroc"],"_links":{"self":[{"href":"https:\/\/linitiative.ca\/International\/wp-json\/wp\/v2\/posts\/111028","targetHints":{"allow":["GET"]}}],"collection":[{"href":"https:\/\/linitiative.ca\/International\/wp-json\/wp\/v2\/posts"}],"about":[{"href":"https:\/\/linitiative.ca\/International\/wp-json\/wp\/v2\/types\/post"}],"author":[{"embeddable":true,"href":"https:\/\/linitiative.ca\/International\/wp-json\/wp\/v2\/users\/1759"}],"replies":[{"embeddable":true,"href":"https:\/\/linitiative.ca\/International\/wp-json\/wp\/v2\/comments?post=111028"}],"version-history":[{"count":0,"href":"https:\/\/linitiative.ca\/International\/wp-json\/wp\/v2\/posts\/111028\/revisions"}],"wp:attachment":[{"href":"https:\/\/linitiative.ca\/International\/wp-json\/wp\/v2\/media?parent=111028"}],"wp:term":[{"taxonomy":"category","embeddable":true,"href":"https:\/\/linitiative.ca\/International\/wp-json\/wp\/v2\/categories?post=111028"},{"taxonomy":"post_tag","embeddable":true,"href":"https:\/\/linitiative.ca\/International\/wp-json\/wp\/v2\/tags?post=111028"}],"curies":[{"name":"wp","href":"https:\/\/api.w.org\/{rel}","templated":true}]}}