{"id":111029,"date":"2021-02-11T09:52:55","date_gmt":"2021-02-11T14:52:55","guid":{"rendered":"https:\/\/linitiative.ca\/International\/les-intellectuels-et-le-bateau-des-livres\/"},"modified":"2021-02-11T09:52:55","modified_gmt":"2021-02-11T14:52:55","slug":"les-intellectuels-et-le-bateau-des-livres","status":"publish","type":"post","link":"https:\/\/linitiative.ca\/International\/les-intellectuels-et-le-bateau-des-livres\/","title":{"rendered":"Les intellectuels et le bateau des livres\u2026 !"},"content":{"rendered":"<p class=\"c2\"><strong>Par Noureddine Mhakkak\u00a0<\/strong><\/p>\n<p><strong>-I-Citation de Jorge Luis Borges : \u00ab Ordonner une biblioth\u00e8que est une fa\u00e7on silencieuse d\u2019exercer l\u2019art de la critique. \u00bb<\/strong><\/p>\n<p>-II-J\u2019\u00e9tais depuis longtemps fascin\u00e9 par les \u00e9missions culturelles diffus\u00e9s \u00e0 la t\u00e9l\u00e9vision fran\u00e7aise et surtout sur la cha\u00eene \u00ab France 5 \u00bb.<\/p>\n<p>Et parmi ces \u00e9missions inoubliables que j\u2019ai suivies avec passion, j\u2019avais une admiration particuli\u00e8re pour l\u2019\u00e9mission \u00ab Le bateau livre \u00bb.<\/p>\n<p>Peut -\u00eatre que cette admiration \u00e9tait li\u00e9e inconsciemment \u00e0 son appellation par ce beau nom \u00ab Le bateau livre \u00bb qui rendait hommage au c\u00e9l\u00e8bre po\u00e8me d\u2019Arthur Rimbaud, intitul\u00e9 \u00ab Le bateau ivre \u00bb ou peut-\u00eatre elle \u00e9tait li\u00e9e \u00e0 autre chose que je n\u2019ai pas pu la d\u00e9couvrir jusqu\u2019\u00e0 maintenant. Cette belle \u00e9mission qui \u00e9tait pr\u00e9par\u00e9e, pr\u00e9sent\u00e9e et anim\u00e9e par l\u2019\u00e9crivain et journaliste fran\u00e7ais Fr\u00e9d\u00e9ric Ferney.<\/p>\n<p>Ainsi j\u2019ai suivi cette \u00e9mission culturelle avec beaucoup d\u2019int\u00e9r\u00eat et tant de jubilation. Car ce grand animateur intellectuel \u00e9tait tellement excellent en pr\u00e9sentant ses h\u00f4tes aux t\u00e9l\u00e9spectateurs.<\/p>\n<p>Avec des mots simples et pr\u00e9cis sur le parcours de ses h\u00f4tes et avec un sourire qui les poussait \u00e0 r\u00e9pondre \u00e0 ses questions avec une loyaut\u00e9 adorable, Fr\u00e9d\u00e9ric Ferney a r\u00e9ussi \u00e0 cr\u00e9er des moments riches de culture et de joie. Il a r\u00e9ussi \u00e0 nous offrir un bouillon de culture tr\u00e8s d\u00e9licieux. Ainsi le temps passait si rapide sans que les t\u00e9l\u00e9spectateurs ne s\u2019en rendraient compte.<\/p>\n<p>Tout simplement, parce qu\u2019ils \u00e9taient envo\u00fbt\u00e9s par la magie des mots \u00e9chang\u00e9s entre les invit\u00e9s intellectuels et la mani\u00e8re professionnelle remarquable de Fr\u00e9d\u00e9ric Ferney, de les pr\u00e9senter et de les faire parler sinc\u00e8rement \u00e0 travers des questions bien choisies.<\/p>\n<p>-III-Je viens juste de finir la lecture d\u2019un dossier consacr\u00e9 au grand \u00e9crivain fran\u00e7ais Alexandre Dumas et publi\u00e9 dans le c\u00e9l\u00e8bre magazine litt\u00e9raire fran\u00e7ais \u00ab Lire \u00bb. Un riche dossier culturel qui fait l\u2019\u00e9loge des \u00e9crits de cet \u00e9crivain, d\u2019une fa\u00e7on tr\u00e8s intelligente. Le grand Dumas ici, \u00e9tait plus qu\u2019un grand \u00e9crivain traditionnel, mais il \u00e9tait aussi, \u00e0 c\u00f4t\u00e9 de cela, l\u2019inventeur de \u00ab la litt\u00e9raire industrielle \u00bb. Car il a fait \u00e9crire ses livres par des assistants selon les avis de certains critiques. Ainsi, et dans tous les cas, il a pu, gr\u00e2ce ou \u00e0 cause de cette fa\u00e7on d\u2019\u00e9criture, marquer, sans aucun doute, la litt\u00e9rature de tout un si\u00e8cle.<\/p>\n<p>Et m\u00eame aujourd\u2019hui, personne ne peut entrer dans le monde de la litt\u00e9rature en g\u00e9n\u00e9ral et celui de l\u2019\u00e9criture en particulier sans \u00eatre influenc\u00e9 d\u2019une mani\u00e8re ou d\u2019une autre par les grands romans de ce fascinant \u00e9crivain. Car \u00ab une rencontre avec Dumas, cela ne s\u2019oublie pas ! \u00bb.<\/p>\n<p>Pour moi, je n\u2019oublierai jamais ses c\u00e9l\u00e8bres romans tels\u00a0: \u00ab\u00a0Les trois mousquetaires\u00a0\u00bb, \u00ab\u00a0Le Comte de Monte-Cristo\u00a0\u00bb, \u00ab Vingt Ans apr\u00e8s\u00a0\u00bb, et bien \u00e9videment son merveilleux roman\u00a0: \u00ab\u00a0La tulipe noire\u00a0\u00bb.<\/p>\n<p>Auteur: M&rsquo;hammed rahal<br \/>\n<a href=\"http:\/\/albayane.press.ma\/les-intellectuels-et-le-bateau-des-livres.html\">Cliquez ici pour lire l&rsquo;article depuis sa source.<\/a><\/p>\n","protected":false},"excerpt":{"rendered":"<p>Par Noureddine Mhakkak\u00a0 -I-Citation de Jorge Luis Borges : \u00ab Ordonner une biblioth\u00e8que est une fa\u00e7on silencieuse d\u2019exercer l\u2019art de la critique. \u00bb -II-J\u2019\u00e9tais depuis longtemps fascin\u00e9 par les \u00e9missions culturelles diffus\u00e9s \u00e0 la t\u00e9l\u00e9vision fran\u00e7aise et surtout sur la cha\u00eene \u00ab France 5 \u00bb. Et parmi ces \u00e9missions inoubliables que j\u2019ai suivies avec passion, [&hellip;]<\/p>\n","protected":false},"author":1760,"featured_media":0,"comment_status":"closed","ping_status":"closed","sticky":false,"template":"","format":"standard","meta":{"fifu_image_url":"","fifu_image_alt":"","footnotes":""},"categories":[73,54],"tags":[],"class_list":["post-111029","post","type-post","status-publish","format-standard","hentry","category-actualite","category-maroc"],"_links":{"self":[{"href":"https:\/\/linitiative.ca\/International\/wp-json\/wp\/v2\/posts\/111029","targetHints":{"allow":["GET"]}}],"collection":[{"href":"https:\/\/linitiative.ca\/International\/wp-json\/wp\/v2\/posts"}],"about":[{"href":"https:\/\/linitiative.ca\/International\/wp-json\/wp\/v2\/types\/post"}],"author":[{"embeddable":true,"href":"https:\/\/linitiative.ca\/International\/wp-json\/wp\/v2\/users\/1760"}],"replies":[{"embeddable":true,"href":"https:\/\/linitiative.ca\/International\/wp-json\/wp\/v2\/comments?post=111029"}],"version-history":[{"count":0,"href":"https:\/\/linitiative.ca\/International\/wp-json\/wp\/v2\/posts\/111029\/revisions"}],"wp:attachment":[{"href":"https:\/\/linitiative.ca\/International\/wp-json\/wp\/v2\/media?parent=111029"}],"wp:term":[{"taxonomy":"category","embeddable":true,"href":"https:\/\/linitiative.ca\/International\/wp-json\/wp\/v2\/categories?post=111029"},{"taxonomy":"post_tag","embeddable":true,"href":"https:\/\/linitiative.ca\/International\/wp-json\/wp\/v2\/tags?post=111029"}],"curies":[{"name":"wp","href":"https:\/\/api.w.org\/{rel}","templated":true}]}}