{"id":111030,"date":"2021-02-11T09:57:04","date_gmt":"2021-02-11T14:57:04","guid":{"rendered":"https:\/\/linitiative.ca\/International\/lambassadeur-de-belgique-en-visite-damitie-et-de-courtoisie-chez-le-pps\/"},"modified":"2021-02-11T09:57:04","modified_gmt":"2021-02-11T14:57:04","slug":"lambassadeur-de-belgique-en-visite-damitie-et-de-courtoisie-chez-le-pps","status":"publish","type":"post","link":"https:\/\/linitiative.ca\/International\/lambassadeur-de-belgique-en-visite-damitie-et-de-courtoisie-chez-le-pps\/","title":{"rendered":"L\u2019ambassadeur de Belgique en visite d\u2019amiti\u00e9 et de courtoisie chez le PPS"},"content":{"rendered":"<p class=\"c2\"><strong>Maroc-Belgique<\/strong><\/p>\n<p><strong>Le Secr\u00e9taire g\u00e9n\u00e9ral du Parti du progr\u00e8s et du socialisme, Mohamed Nabil Benabdallah, a re\u00e7u, Jeudi 10 F\u00e9vrier au si\u00e8ge national du parti \u00e0 Rabat, l\u2019ambassadeur du Royaume de Belgique au Maroc, Marc TRENTESEAU, venu lui rendre une visite d\u2019amiti\u00e9 et de courtoisie.<\/strong><\/p>\n<p>Au cours de cette entrevue, les deux parties ont fait un tour d\u2019horizon sur la situation et en particulier sur les perspectives d\u2019avenir, compte tenu de l\u2019\u00e9volution que connait la pand\u00e9mie du Covid-19 aussi bien au Maroc qu\u2019ailleurs et en particulier en Europe.<\/p>\n<p>Pour le Secr\u00e9taire G\u00e9n\u00e9ral du PPS, la vigilance doit \u00eatre toujours de mise au Maroc, en d\u00e9pit de l\u2019am\u00e9lioration r\u00e9cente des indicateurs de la pand\u00e9mie.<\/p>\n<p>MT<\/p>\n<p>Auteur: M&rsquo;hammed rahal<br \/>\n<a href=\"http:\/\/albayane.press.ma\/lambassadeur-de-belgique-en-visite-damitie-et-de-courtoisie-chez-le-pps.html\">Cliquez ici pour lire l&rsquo;article depuis sa source.<\/a><\/p>\n","protected":false},"excerpt":{"rendered":"<p>Maroc-Belgique Le Secr\u00e9taire g\u00e9n\u00e9ral du Parti du progr\u00e8s et du socialisme, Mohamed Nabil Benabdallah, a re\u00e7u, Jeudi 10 F\u00e9vrier au si\u00e8ge national du parti \u00e0 Rabat, l\u2019ambassadeur du Royaume de Belgique au Maroc, Marc TRENTESEAU, venu lui rendre une visite d\u2019amiti\u00e9 et de courtoisie. Au cours de cette entrevue, les deux parties ont fait un [&hellip;]<\/p>\n","protected":false},"author":1760,"featured_media":0,"comment_status":"closed","ping_status":"closed","sticky":false,"template":"","format":"standard","meta":{"fifu_image_url":"","fifu_image_alt":"","footnotes":""},"categories":[73,54],"tags":[],"class_list":["post-111030","post","type-post","status-publish","format-standard","hentry","category-actualite","category-maroc"],"_links":{"self":[{"href":"https:\/\/linitiative.ca\/International\/wp-json\/wp\/v2\/posts\/111030","targetHints":{"allow":["GET"]}}],"collection":[{"href":"https:\/\/linitiative.ca\/International\/wp-json\/wp\/v2\/posts"}],"about":[{"href":"https:\/\/linitiative.ca\/International\/wp-json\/wp\/v2\/types\/post"}],"author":[{"embeddable":true,"href":"https:\/\/linitiative.ca\/International\/wp-json\/wp\/v2\/users\/1760"}],"replies":[{"embeddable":true,"href":"https:\/\/linitiative.ca\/International\/wp-json\/wp\/v2\/comments?post=111030"}],"version-history":[{"count":0,"href":"https:\/\/linitiative.ca\/International\/wp-json\/wp\/v2\/posts\/111030\/revisions"}],"wp:attachment":[{"href":"https:\/\/linitiative.ca\/International\/wp-json\/wp\/v2\/media?parent=111030"}],"wp:term":[{"taxonomy":"category","embeddable":true,"href":"https:\/\/linitiative.ca\/International\/wp-json\/wp\/v2\/categories?post=111030"},{"taxonomy":"post_tag","embeddable":true,"href":"https:\/\/linitiative.ca\/International\/wp-json\/wp\/v2\/tags?post=111030"}],"curies":[{"name":"wp","href":"https:\/\/api.w.org\/{rel}","templated":true}]}}