{"id":111031,"date":"2021-02-11T10:02:02","date_gmt":"2021-02-11T15:02:02","guid":{"rendered":"https:\/\/linitiative.ca\/International\/%ef%bb%bfadoption-en-2eme-lecture-du-projet-de-loi-relatif-au-crowdfunding\/"},"modified":"2021-02-11T10:02:02","modified_gmt":"2021-02-11T15:02:02","slug":"%ef%bb%bfadoption-en-2eme-lecture-du-projet-de-loi-relatif-au-crowdfunding","status":"publish","type":"post","link":"https:\/\/linitiative.ca\/International\/%ef%bb%bfadoption-en-2eme-lecture-du-projet-de-loi-relatif-au-crowdfunding\/","title":{"rendered":"\ufeffAdoption en 2\u00e8me lecture du projet de loi relatif au \u00ab\u00a0Crowdfunding\u00a0\u00bb"},"content":{"rendered":"<p class=\"c2\"><strong>Chambre des Repr\u00e9sentants<\/strong><\/p>\n<p><strong>La Chambre des repr\u00e9sentants a adopt\u00e9, en deuxi\u00e8me lecture et \u00e0 l\u2019unanimit\u00e9, mercredi, le projet de loi n\u00b015-18 relatif au financement collaboratif \u00ab\u00a0Crowdfunding\u00a0\u00bb, et ce, en pr\u00e9sence du ministre de l\u2019Economie, des finances et de la r\u00e9forme de l\u2019administration, Mohamed Bencha\u00e2boun.<\/strong><\/p>\n<p>La mise en place d\u2019un cadre juridique, \u00e0 travers la loi n\u00b015-18 r\u00e9gissant les activit\u00e9s de financement collaboratif, s\u2019inscrit dans le cadre des efforts des pouvoirs publics visant \u00e0 renforcer l\u2019inclusion financi\u00e8re des jeunes porteurs de projets, l\u2019appui au d\u00e9veloppement \u00e9conomique et social et la canalisation de l\u2019\u00e9pargne collective vers de nouvelles opportunit\u00e9s, indique un communiqu\u00e9 de la Direction du Tr\u00e9sor et des finances ext\u00e9rieures (DTFE), relevant du minist\u00e8re l\u2019\u00c9conomie, des Finances et de la R\u00e9forme de l\u2019Administration.<\/p>\n<p>Ce cadre juridique devra contribuer \u00e0 la mobilisation de nouvelles sources de financement au profit des tr\u00e8s petites, petites et moyennes entreprises (TPME) et des jeunes porteurs de projets innovants. Il devra \u00e9galement permettre la participation active des financeurs potentiels aux projets de d\u00e9veloppement du pays via un m\u00e9canisme de financement simple, s\u00e9curis\u00e9 et transparent.<\/p>\n<p>Ce nouveau cadre juridique \u00e9tablit un dispositif complet de r\u00e9gulation des activit\u00e9s de financement collaboratif, rel\u00e8ve la m\u00eame source, notant qu\u2019il comprend notamment, la cr\u00e9ation du statut de gestionnaire de plateformes de financement collaboratif (PFC) et la d\u00e9finition du dispositif d\u2019agr\u00e9ment des Soci\u00e9t\u00e9s de Financement Collaboratif (SFC), des proc\u00e9dures et des modalit\u00e9s de cr\u00e9ation et de fonctionnement des PFC et des engagements et des obligations de la SFC en mati\u00e8re d\u2019information du public, de publicit\u00e9 et de reporting.<\/p>\n<p>Le financement collaboratif, connu \u00e0 l\u2019international sous le nom du \u00ab\u00a0Crowdfunding\u00a0\u00bb, est un mode de financement de projets par le public. Il permet de collecter des fonds, g\u00e9n\u00e9ralement de faible montant, aupr\u00e8s d\u2019un large public, principalement en vue de financer l\u2019entreprenariat des jeunes et de l\u2019innovation.\u00a0 Ce nouveau mode de financement op\u00e8re \u00e0 travers des plateformes internet permettant la mise en relation directe et transparente entre les porteurs de projets et les contributeurs. Ces activit\u00e9s prennent trois formes de financement \u00e0 savoir: le pr\u00eat, l\u2019investissement en capital et le don.<\/p>\n<p>Auteur: M&rsquo;hammed rahal<br \/>\n<a href=\"http:\/\/albayane.press.ma\/%EF%BB%BFadoption-en-2eme-lecture-du-projet-de-loi-relatif-au-crowdfunding.html\">Cliquez ici pour lire l&rsquo;article depuis sa source.<\/a><\/p>\n","protected":false},"excerpt":{"rendered":"<p>Chambre des Repr\u00e9sentants La Chambre des repr\u00e9sentants a adopt\u00e9, en deuxi\u00e8me lecture et \u00e0 l\u2019unanimit\u00e9, mercredi, le projet de loi n\u00b015-18 relatif au financement collaboratif \u00ab\u00a0Crowdfunding\u00a0\u00bb, et ce, en pr\u00e9sence du ministre de l\u2019Economie, des finances et de la r\u00e9forme de l\u2019administration, Mohamed Bencha\u00e2boun. La mise en place d\u2019un cadre juridique, \u00e0 travers la loi [&hellip;]<\/p>\n","protected":false},"author":1760,"featured_media":0,"comment_status":"closed","ping_status":"closed","sticky":false,"template":"","format":"standard","meta":{"fifu_image_url":"","fifu_image_alt":"","footnotes":""},"categories":[73,54],"tags":[],"class_list":["post-111031","post","type-post","status-publish","format-standard","hentry","category-actualite","category-maroc"],"_links":{"self":[{"href":"https:\/\/linitiative.ca\/International\/wp-json\/wp\/v2\/posts\/111031","targetHints":{"allow":["GET"]}}],"collection":[{"href":"https:\/\/linitiative.ca\/International\/wp-json\/wp\/v2\/posts"}],"about":[{"href":"https:\/\/linitiative.ca\/International\/wp-json\/wp\/v2\/types\/post"}],"author":[{"embeddable":true,"href":"https:\/\/linitiative.ca\/International\/wp-json\/wp\/v2\/users\/1760"}],"replies":[{"embeddable":true,"href":"https:\/\/linitiative.ca\/International\/wp-json\/wp\/v2\/comments?post=111031"}],"version-history":[{"count":0,"href":"https:\/\/linitiative.ca\/International\/wp-json\/wp\/v2\/posts\/111031\/revisions"}],"wp:attachment":[{"href":"https:\/\/linitiative.ca\/International\/wp-json\/wp\/v2\/media?parent=111031"}],"wp:term":[{"taxonomy":"category","embeddable":true,"href":"https:\/\/linitiative.ca\/International\/wp-json\/wp\/v2\/categories?post=111031"},{"taxonomy":"post_tag","embeddable":true,"href":"https:\/\/linitiative.ca\/International\/wp-json\/wp\/v2\/tags?post=111031"}],"curies":[{"name":"wp","href":"https:\/\/api.w.org\/{rel}","templated":true}]}}