{"id":111034,"date":"2021-02-11T06:07:24","date_gmt":"2021-02-11T11:07:24","guid":{"rendered":"https:\/\/linitiative.ca\/International\/tunisie-baisse-de-38-du-deficit-de-la-balance-commerciale-energetique-en-2020\/"},"modified":"2021-02-11T06:07:24","modified_gmt":"2021-02-11T11:07:24","slug":"tunisie-baisse-de-38-du-deficit-de-la-balance-commerciale-energetique-en-2020","status":"publish","type":"post","link":"https:\/\/linitiative.ca\/International\/tunisie-baisse-de-38-du-deficit-de-la-balance-commerciale-energetique-en-2020\/","title":{"rendered":"Tunisie : baisse de 38% du d\u00e9ficit de la balance commerciale \u00e9nerg\u00e9tique en 2020"},"content":{"rendered":"<div class=\"td-post-content\">\n<h2>L\u2019Observatoire national de l\u2019\u00e9nergie (ONE) vient de publier le bilan \u00e9nerg\u00e9tique de l\u2019ann\u00e9e 2020.<\/h2>\n<p>Les exportations de produits \u00e9nerg\u00e9tiques enregistrent en 2020 une baisse de 36% en valeur. Elle s\u2019accompagne \u00e9galement d\u2019une baisse des importations en valeur de 38%. En effet, le d\u00e9ficit de la balance commerciale \u00e9nerg\u00e9tique passe de 7513 MDT durant 2019 \u00e0 4623 MDT en 2020. Soit une diminution de 38%. Et ce, en tenant compte de la redevance du gaz alg\u00e9rien export\u00e9.<\/p>\n<p>Ainsi, en calculant le d\u00e9ficit mensuel de la balance commerciale durant 2020 par rapport \u00e0 2019, l\u2019observatoire remarque qu\u2019il a baiss\u00e9 courant le mois de d\u00e9cembre 2020 de 38%; et ce, par rapport au mois de d\u00e9cembre 2019.<\/p>\n<p class=\"td-modal-image\"><a class=\"\" href=\"https:\/\/i2.wp.com\/www.leconomistemaghrebin.com\/wp-content\/uploads\/2021\/02\/balance-commerciale.jpg\"><img loading=\"lazy\" decoding=\"async\" class=\"alignleft size-full wp-image-374211 jetpack-lazy-image jetpack-lazy-image--handled\" src=\"https:\/\/i2.wp.com\/www.leconomistemaghrebin.com\/wp-content\/uploads\/2021\/02\/balance-commerciale.jpg?resize=696,391\" alt=\"balance commerciale\" width=\"696\" height=\"391\" data-recalc-dims=\"1\" data-lazy-loaded=\"1\"\/><\/a><\/p>\n<p>Selon les donn\u00e9es publi\u00e9es mercredi, les \u00e9changes commerciaux dans le secteur de l\u2019\u00e9nergie sont tr\u00e8s sensibles \u00e0 trois facteurs. A savoir: les quantit\u00e9s \u00e9chang\u00e9es; le taux de change $\/DT; et les cours du Brent. Ce dernier \u00e9tant la qualit\u00e9 de r\u00e9f\u00e9rence sur laquelle sont index\u00e9s les prix du brut import\u00e9 et export\u00e9 ainsi que les produits p\u00e9troliers.<\/p>\n<p>A cet \u00e9gard, le taux de change s\u2019est am\u00e9lior\u00e9. Le cours du Brent a nettement baiss\u00e9. Le d\u00e9ficit quantitatif de la balance commerciale s\u2019est am\u00e9lior\u00e9 de 7% courant le mois de d\u00e9cembre 2020. Et ce, par rapport \u00e0 d\u00e9cembre 2019.<\/p>\n<p>Pour rappel, durant le mois de d\u00e9cembre 2020, les cours du Brent ont enregistr\u00e9 une baisse de 17.2 $\/bbl: 49.9 $\/bbl courant d\u00e9cembre 2020 contre 67.02 $\/bbl courant d\u00e9cembre 2019. Ils ont enregistr\u00e9 une hausse de 7.2 $\/bbl par rapport \u00e0 novembre 2020.<\/p>\n<p>Au cours de la m\u00eame p\u00e9riode, le dinar tunisien continue \u00e0 enregistrer une appr\u00e9ciation par rapport au dollar am\u00e9ricain, principale devise d\u2019\u00e9change des produits \u00e9nerg\u00e9tiques; et ce, en comparaison avec la m\u00eame p\u00e9riode de l\u2019ann\u00e9e derni\u00e8re.<\/p>\n<h2>L\u2019objectif des 30% d\u2019\u00e9nergies renouvelables est encore bien loin<\/h2>\n<p>D\u2019ailleurs, commentant le bilan \u00e9nerg\u00e9tique de l\u2019ann\u00e9e, Ali Gaaya, consultant et expert international en \u00e9nergie, apporte des p\u00e9cisions. En effet, il souligne que \u00ab\u00a0pour le reste des activit\u00e9s \u00e9nergie et p\u00e9trole, les param\u00e8tres restent au rouge et alarmants\u00a0\u00bb.<\/p>\n<p>Puisque \u00ab\u00a02020 a \u00e9t\u00e9 marqu\u00e9e par tr\u00e8s peu de forages d\u2019exploration ou m\u00eame de d\u00e9veloppement. Donc il n\u2019y a pas de renouvellement des r\u00e9serves. La production continue sa d\u00e9gringolade in\u00e9luctable (35 000 b\/j en 2019, et 32 000 b\/j en 2020 ). Cette d\u00e9gringolade a \u00e9t\u00e9 aggrav\u00e9e par des\u00a0<a href=\"http:\/\/www.leconomistemaghrebin.com\/2021\/01\/09\/petrole-gaz-tunisie-impact-fermeture-vannes-production\/\" target=\"_blank\" rel=\"noopener noreferrer\">tensions sociales<\/a>. Celles-ci ont caus\u00e9 beaucoup de d\u00e9g\u00e2ts \u00e0 ce secteur d\u00e9j\u00e0 sinistr\u00e9\u00a0\u00bb.<\/p>\n<p>Pour ce qui est des \u00e9nergies renouvelables, Ali Gaaya ajoute que \u00ab\u00a0ce secteur souffre manifestement d\u2019une bureaucratie, voire d\u2019un freinage qui ne dit pas son nom. Ils sont incompatibles avec une gestion saine de ce secteur strat\u00e9gique; sachant que des projets initi\u00e9s en 2018 ou 2019 ne sont toujours pas concr\u00e9tis\u00e9s. La production d\u2019\u00e9lectricit\u00e9 \u00e0 partir du photovolta\u00efque ou de l\u2019\u00e9olien est toujours au point mort!\u00a0\u00bb<\/p>\n<p>\u00ab\u00a0Le modeste objectif des 30% d\u2019\u00e9nergies renouvelables dans la production \u00e9lectrique en 2030 est encore bien loin. Il n\u2019est certainement pas atteignable \u00e0 ce rythme\u00a0\u00bb, conclut-il.<\/p>\n<p>leconomistemaghrebin<\/p>\n<\/div>\n<footer>\n<\/footer>\n<div class=\"wp-post-author-wrap wp-post-author-shortcode left\">\n<h3 class=\"awpa-title\"\/>\n<div class=\"wp-post-author\">\n<div class=\"awpa-img awpa-author-block square\"><a href=\"http:\/\/lexpertjournal.net\/fr\/?author=5\"><img loading=\"lazy\" decoding=\"async\" alt=\"\" src=\"http:\/\/0.gravatar.com\/avatar\/97f8e10a1c1125ba104a76514ee07b16?s=150&amp;d=mm&amp;r=g\" srcset=\"http:\/\/0.gravatar.com\/avatar\/97f8e10a1c1125ba104a76514ee07b16?s=300&amp;d=mm&amp;r=g 2x\" class=\"avatar avatar-150 photo\" height=\"150\" width=\"150\"\/><\/a><\/div>\n<\/div>\n<\/div>\n<aside class=\"mashsb-container mashsb-main mashsb-stretched\">\n<\/aside>\n<p>Auteur: L&rsquo;expert<br \/>\n<a href=\"http:\/\/lexpertjournal.net\/fr\/?p=18603\">Cliquez ici pour lire l&rsquo;article depuis sa source.<\/a><\/p>\n","protected":false},"excerpt":{"rendered":"<p>L\u2019Observatoire national de l\u2019\u00e9nergie (ONE) vient de publier le bilan \u00e9nerg\u00e9tique de l\u2019ann\u00e9e 2020. Les exportations de produits \u00e9nerg\u00e9tiques enregistrent en 2020 une baisse de 36% en valeur. Elle s\u2019accompagne \u00e9galement d\u2019une baisse des importations en valeur de 38%. En effet, le d\u00e9ficit de la balance commerciale \u00e9nerg\u00e9tique passe de 7513 MDT durant 2019 \u00e0 [&hellip;]<\/p>\n","protected":false},"author":1775,"featured_media":0,"comment_status":"closed","ping_status":"closed","sticky":false,"template":"","format":"standard","meta":{"fifu_image_url":"https:\/\/i2.wp.com\/www.leconomistemaghrebin.com\/wp-content\/uploads\/2021\/02\/balance-commerciale.jpg?resize=696,391","fifu_image_alt":"Tunisie : baisse de 38% du d\u00e9ficit de la balance commerciale \u00e9nerg\u00e9tique en 2020","footnotes":""},"categories":[78,55],"tags":[],"class_list":["post-111034","post","type-post","status-publish","format-standard","hentry","category-economie","category-tunisie"],"_links":{"self":[{"href":"https:\/\/linitiative.ca\/International\/wp-json\/wp\/v2\/posts\/111034","targetHints":{"allow":["GET"]}}],"collection":[{"href":"https:\/\/linitiative.ca\/International\/wp-json\/wp\/v2\/posts"}],"about":[{"href":"https:\/\/linitiative.ca\/International\/wp-json\/wp\/v2\/types\/post"}],"author":[{"embeddable":true,"href":"https:\/\/linitiative.ca\/International\/wp-json\/wp\/v2\/users\/1775"}],"replies":[{"embeddable":true,"href":"https:\/\/linitiative.ca\/International\/wp-json\/wp\/v2\/comments?post=111034"}],"version-history":[{"count":0,"href":"https:\/\/linitiative.ca\/International\/wp-json\/wp\/v2\/posts\/111034\/revisions"}],"wp:attachment":[{"href":"https:\/\/linitiative.ca\/International\/wp-json\/wp\/v2\/media?parent=111034"}],"wp:term":[{"taxonomy":"category","embeddable":true,"href":"https:\/\/linitiative.ca\/International\/wp-json\/wp\/v2\/categories?post=111034"},{"taxonomy":"post_tag","embeddable":true,"href":"https:\/\/linitiative.ca\/International\/wp-json\/wp\/v2\/tags?post=111034"}],"curies":[{"name":"wp","href":"https:\/\/api.w.org\/{rel}","templated":true}]}}