{"id":111035,"date":"2021-02-11T06:09:59","date_gmt":"2021-02-11T11:09:59","guid":{"rendered":"https:\/\/linitiative.ca\/International\/cour-des-comptes-marches-de-gros-des-pertes-de-140-md\/"},"modified":"2021-02-11T06:09:59","modified_gmt":"2021-02-11T11:09:59","slug":"cour-des-comptes-marches-de-gros-des-pertes-de-140-md","status":"publish","type":"post","link":"https:\/\/linitiative.ca\/International\/cour-des-comptes-marches-de-gros-des-pertes-de-140-md\/","title":{"rendered":"Cour des comptes \u2013 March\u00e9s de gros: des pertes de 140 MD"},"content":{"rendered":"<div class=\"td-post-content\">\n<h2>La Cour des comptes a exhort\u00e9 les minist\u00e8res charg\u00e9s du Commerce, de<\/h2>\n<h2>l\u2019<a href=\"http:\/\/www.leconomistemaghrebin.com\/2021\/02\/05\/fao-appui-au-ministere-de-lagriculture-des-ressources-hydrauliques-et-de-la-peche-maritime\/\" target=\"_blank\" rel=\"noopener noreferrer\">Agriculture<\/a>\u00a0et des Affaires locales \u00e0 r\u00e9viser le plan directeur des march\u00e9s de gros.<\/h2>\n<h2>De m\u00eame qu\u2019\u00e0 mettre en place un cadre juridique pour la commercialisation des<\/h2>\n<h2>b\u00e9tails. Ainsi qu\u2019\u00e0 fixer des normes techniques pour le programme de mise \u00e0 niveau<\/h2>\n<h2>des circuits de production dans sa deuxi\u00e8me tranche.<\/h2>\n<p class=\"gmail-news_item_view_plain_text\">Dans son<a href=\"http:\/\/www.courdescomptes.nat.tn\/upload\/rapport32\/rapport32.pdf\" target=\"_blank\" rel=\"noopener noreferrer\">\u00a0rapport annuel n\u00b032<\/a>, la Cour des comptes a r\u00e9v\u00e9l\u00e9 que les projets prioritaires pour la mise \u00e0 niveau de l\u2019infrastructure de base des march\u00e9s et des abattoirs n\u2019ont pas encore \u00e9t\u00e9 fix\u00e9s, selon les recommandations de l\u2019\u00e9tude. Avec, sans oublier, des budgets limit\u00e9s et le blocage de la r\u00e9alisation de 50 projets d\u2019un co\u00fbt de 22 MD, dont 13,5 MD consacr\u00e9s \u00e0 la mise \u00e0 niveau des abattoirs.<\/p>\n<p class=\"gmail-news_item_view_plain_text\">Cette institution a constat\u00e9 la non-installation d\u2019un syst\u00e8me informatique de gestion des march\u00e9s. A noter que le co\u00fbt de ce projet s\u2019\u00e9l\u00e8ve \u00e0 2,3 MD. Ce chiffre repr\u00e9sente 52% des financements consacr\u00e9s au financement institutionnel.<\/p>\n<p class=\"gmail-news_item_view_plain_text\">L\u2019\u00e9tude a r\u00e9v\u00e9l\u00e9 \u00e9galement l\u2019indisponibilit\u00e9 des moyens de stockage au niveau de six march\u00e9s de gros \u00e0 int\u00e9r\u00eat public. Ce qui a entra\u00een\u00e9 la destruction de quantit\u00e9s de produits d\u2019une valeur de 221 MD au cours de la p\u00e9riode 2014-2018; et ce, selon les estimations de la Cour des comptes.<\/p>\n<p class=\"gmail-news_item_view_plain_text\">Par ailleurs, les march\u00e9s de gros souffrent de plusieurs d\u00e9faillances, comme les op\u00e9rations de la facturation qui demeurent manuelles. Alors que les bascules \u00e9lectroniques ne repr\u00e9sentent que 33% de l\u2019ensemble des moyens exploit\u00e9s et que les prix en d\u00e9tail ne se r\u00e9f\u00e8rent pas souvent \u00e0 la r\u00e8gle de l\u2019offre et de la demande. D\u2019o\u00f9 l\u2019augmentation de certains prix, malgr\u00e9 l\u2019abondance des produits.<\/p>\n<p class=\"gmail-news_item_view_plain_text\">D\u2019apr\u00e8s cette institution, les municipalit\u00e9s perdent pr\u00e8s de 140 MD par an \u00e0 cause du manque de gestion directe des march\u00e9s de gros. Et ce, \u00e0 l\u2019heure de la forte progression des quantit\u00e9s des fruits et l\u00e9gumes qui passent par les march\u00e9s de gros, par rapport \u00e0 la consommation nationale de 37% \u00e0 55%.<\/p>\n<h2>Une r\u00e9forme des march\u00e9s de gros indispensable<\/h2>\n<p class=\"gmail-news_item_view_plain_text\">Ainsi, la Cour des comptes insiste sur la n\u00e9cessit\u00e9 d\u2019asseoir un cadre juridique et proc\u00e9dural pour les march\u00e9s de gros. Et ce, afin de consacrer la transparence des transactions commerciales et de ma\u00eetriser les prix. Il s\u2019agit \u00e9galement de mettre en \u0153uvre une strat\u00e9gie pour les abattoirs.<\/p>\n<p class=\"gmail-news_item_view_plain_text\">Elle a consid\u00e9r\u00e9 que le manque d\u2019un cadre juridique n\u2019aide pas non plus \u00e0 ma\u00eetriser les prix. Surtout que les prix des viandes ont augment\u00e9 de 39% \u00e0 56% entre 2013-2018.<\/p>\n<p class=\"gmail-news_item_view_plain_text\">Le nombre d\u2019abattoirs en Tunisie s\u2019\u00e9l\u00e8ve \u00e0 fin 2019 \u00e0 pr\u00e8s de 158 unit\u00e9s. Bien que le programme de mise \u00e0 niveau des abattoirs stipule de n\u2019en garder que 51 unit\u00e9s.<\/p>\n<p class=\"gmail-news_item_view_plain_text\">Sachant \u00e9galement que les autorit\u00e9s tunisiennes n\u2019ont proc\u00e9d\u00e9 qu\u2019\u00e0 la mise \u00e0 niveau d\u2019un seul abattoir. Elles en ont cr\u00e9\u00e9 deux autres. L\u2019ensemble des abattoirs souffrant de la d\u00e9t\u00e9rioration des normes techniques et de sant\u00e9.<\/p>\n<p><em>Avec TAP<\/em><\/p>\n<\/div>\n<footer>\n<\/footer>\n<div class=\"wp-post-author-wrap wp-post-author-shortcode left\">\n<h3 class=\"awpa-title\"\/>\n<div class=\"wp-post-author\">\n<div class=\"awpa-img awpa-author-block square\"><a href=\"http:\/\/lexpertjournal.net\/fr\/?author=5\"><img loading=\"lazy\" decoding=\"async\" alt=\"\" src=\"http:\/\/0.gravatar.com\/avatar\/97f8e10a1c1125ba104a76514ee07b16?s=150&amp;d=mm&amp;r=g\" srcset=\"http:\/\/0.gravatar.com\/avatar\/97f8e10a1c1125ba104a76514ee07b16?s=300&amp;d=mm&amp;r=g 2x\" class=\"avatar avatar-150 photo\" height=\"150\" width=\"150\"\/><\/a><\/div>\n<\/div>\n<\/div>\n<aside class=\"mashsb-container mashsb-main mashsb-stretched\">\n<\/aside>\n<p>Auteur: L&rsquo;expert<br \/>\n<a href=\"http:\/\/lexpertjournal.net\/fr\/?p=18606\">Cliquez ici pour lire l&rsquo;article depuis sa source.<\/a><\/p>\n","protected":false},"excerpt":{"rendered":"<p>La Cour des comptes a exhort\u00e9 les minist\u00e8res charg\u00e9s du Commerce, de l\u2019Agriculture\u00a0et des Affaires locales \u00e0 r\u00e9viser le plan directeur des march\u00e9s de gros. De m\u00eame qu\u2019\u00e0 mettre en place un cadre juridique pour la commercialisation des b\u00e9tails. Ainsi qu\u2019\u00e0 fixer des normes techniques pour le programme de mise \u00e0 niveau des circuits de [&hellip;]<\/p>\n","protected":false},"author":1775,"featured_media":0,"comment_status":"closed","ping_status":"closed","sticky":false,"template":"","format":"standard","meta":{"fifu_image_url":"http:\/\/0.gravatar.com\/avatar\/97f8e10a1c1125ba104a76514ee07b16?s=150&d=mm&r=g","fifu_image_alt":"Cour des comptes \u2013 March\u00e9s de gros: des pertes de 140 MD","footnotes":""},"categories":[78,55],"tags":[],"class_list":["post-111035","post","type-post","status-publish","format-standard","hentry","category-economie","category-tunisie"],"_links":{"self":[{"href":"https:\/\/linitiative.ca\/International\/wp-json\/wp\/v2\/posts\/111035","targetHints":{"allow":["GET"]}}],"collection":[{"href":"https:\/\/linitiative.ca\/International\/wp-json\/wp\/v2\/posts"}],"about":[{"href":"https:\/\/linitiative.ca\/International\/wp-json\/wp\/v2\/types\/post"}],"author":[{"embeddable":true,"href":"https:\/\/linitiative.ca\/International\/wp-json\/wp\/v2\/users\/1775"}],"replies":[{"embeddable":true,"href":"https:\/\/linitiative.ca\/International\/wp-json\/wp\/v2\/comments?post=111035"}],"version-history":[{"count":0,"href":"https:\/\/linitiative.ca\/International\/wp-json\/wp\/v2\/posts\/111035\/revisions"}],"wp:attachment":[{"href":"https:\/\/linitiative.ca\/International\/wp-json\/wp\/v2\/media?parent=111035"}],"wp:term":[{"taxonomy":"category","embeddable":true,"href":"https:\/\/linitiative.ca\/International\/wp-json\/wp\/v2\/categories?post=111035"},{"taxonomy":"post_tag","embeddable":true,"href":"https:\/\/linitiative.ca\/International\/wp-json\/wp\/v2\/tags?post=111035"}],"curies":[{"name":"wp","href":"https:\/\/api.w.org\/{rel}","templated":true}]}}