{"id":111036,"date":"2021-02-11T06:12:02","date_gmt":"2021-02-11T11:12:02","guid":{"rendered":"https:\/\/linitiative.ca\/International\/un-credit-syndique-de-465-millions-de-dollars-est-mobilise-par-14-banques\/"},"modified":"2021-02-11T06:12:02","modified_gmt":"2021-02-11T11:12:02","slug":"un-credit-syndique-de-465-millions-de-dollars-est-mobilise-par-14-banques","status":"publish","type":"post","link":"https:\/\/linitiative.ca\/International\/un-credit-syndique-de-465-millions-de-dollars-est-mobilise-par-14-banques\/","title":{"rendered":"Un cr\u00e9dit syndiqu\u00e9 de 465 millions de dollars est mobilis\u00e9 par 14 banques"},"content":{"rendered":"<div class=\"td-post-content\">\n<p>Ce cr\u00e9dit syndiqu\u00e9\u00a0 s\u2019inscrit dans le cadre de l\u2019octroi de\u00a0<a href=\"http:\/\/www.leconomistemaghrebin.com\/2020\/12\/07\/ali-kooli-budget-etat-2021-revise-baisse\/\" target=\"_blank\" rel=\"noopener noreferrer\">ressources au budget de l\u2019Etat<\/a>. Il s\u2019inscrit dans le cadre de la loi de finances de 2021, est r\u00e9parti entre 150 millions de dollars et 260 millions d\u2019euros. Affirme le minist\u00e8re des Finances, dans un communiqu\u00e9 rendu public aujourd\u2019hui, 10 f\u00e9vrier.<\/p>\n<p>Selon les conditions d\u2019octroi de ce cr\u00e9dit, la dur\u00e9e de remboursement du cr\u00e9dit s\u2019\u00e9tale sur 5 ans. Il s\u2019agit d\u2019un remboursement annuel ou sur deux fractions \u00e9gales. L\u2019\u00e9ch\u00e9ance de la 1\u00e8re fraction d\u00e9butant apr\u00e8s une p\u00e9riode de gr\u00e2ce de 3 ans..<\/p>\n<p>Pour la somme en euros, soit 260 millions d\u2019euros, le taux d\u2019int\u00e9r\u00eat est fix\u00e9 \u00e0 \u00a02% annuellement si le remboursement est annuel. Ce taux d\u2019int\u00e9r\u00eat est de 2,75% annuellement, si le principal est rembours\u00e9 en deux fractions. S\u2019agissant du montant en dollars soit 150 millions de dollars, le taux d\u2019int\u00e9r\u00eat est de 2,75% annuellement, en cas de remboursement annuel. Et de 3,5% annuellement en cas de remboursement du principal sur deux fractions.<\/p>\n<p>Il est \u00e0 noter qu\u2019il ne s\u2019agit pas de la premi\u00e8re fois o\u00f9 le gouvernement recourt aux cr\u00e9dits syndiqu\u00e9s.<\/p>\n<p><em>Avec TAP<\/em><\/p>\n<\/div>\n<footer>\n<\/footer>\n<div class=\"wp-post-author-wrap wp-post-author-shortcode left\">\n<h3 class=\"awpa-title\"\/>\n<div class=\"wp-post-author\">\n<div class=\"awpa-img awpa-author-block square\"><a href=\"http:\/\/lexpertjournal.net\/fr\/?author=5\"><img loading=\"lazy\" decoding=\"async\" alt=\"\" src=\"http:\/\/0.gravatar.com\/avatar\/97f8e10a1c1125ba104a76514ee07b16?s=150&amp;d=mm&amp;r=g\" srcset=\"http:\/\/0.gravatar.com\/avatar\/97f8e10a1c1125ba104a76514ee07b16?s=300&amp;d=mm&amp;r=g 2x\" class=\"avatar avatar-150 photo\" height=\"150\" width=\"150\"\/><\/a><\/div>\n<\/div>\n<\/div>\n<aside class=\"mashsb-container mashsb-main mashsb-stretched\">\n<\/aside>\n<p>Auteur: L&rsquo;expert<br \/>\n<a href=\"http:\/\/lexpertjournal.net\/fr\/?p=18609\">Cliquez ici pour lire l&rsquo;article depuis sa source.<\/a><\/p>\n","protected":false},"excerpt":{"rendered":"<p>Ce cr\u00e9dit syndiqu\u00e9\u00a0 s\u2019inscrit dans le cadre de l\u2019octroi de\u00a0ressources au budget de l\u2019Etat. Il s\u2019inscrit dans le cadre de la loi de finances de 2021, est r\u00e9parti entre 150 millions de dollars et 260 millions d\u2019euros. Affirme le minist\u00e8re des Finances, dans un communiqu\u00e9 rendu public aujourd\u2019hui, 10 f\u00e9vrier. Selon les conditions d\u2019octroi de [&hellip;]<\/p>\n","protected":false},"author":1775,"featured_media":0,"comment_status":"closed","ping_status":"closed","sticky":false,"template":"","format":"standard","meta":{"fifu_image_url":"http:\/\/0.gravatar.com\/avatar\/97f8e10a1c1125ba104a76514ee07b16?s=150&d=mm&r=g","fifu_image_alt":"Un cr\u00e9dit syndiqu\u00e9 de 465 millions de dollars est mobilis\u00e9 par 14 banques","footnotes":""},"categories":[78,55],"tags":[],"class_list":["post-111036","post","type-post","status-publish","format-standard","hentry","category-economie","category-tunisie"],"_links":{"self":[{"href":"https:\/\/linitiative.ca\/International\/wp-json\/wp\/v2\/posts\/111036","targetHints":{"allow":["GET"]}}],"collection":[{"href":"https:\/\/linitiative.ca\/International\/wp-json\/wp\/v2\/posts"}],"about":[{"href":"https:\/\/linitiative.ca\/International\/wp-json\/wp\/v2\/types\/post"}],"author":[{"embeddable":true,"href":"https:\/\/linitiative.ca\/International\/wp-json\/wp\/v2\/users\/1775"}],"replies":[{"embeddable":true,"href":"https:\/\/linitiative.ca\/International\/wp-json\/wp\/v2\/comments?post=111036"}],"version-history":[{"count":0,"href":"https:\/\/linitiative.ca\/International\/wp-json\/wp\/v2\/posts\/111036\/revisions"}],"wp:attachment":[{"href":"https:\/\/linitiative.ca\/International\/wp-json\/wp\/v2\/media?parent=111036"}],"wp:term":[{"taxonomy":"category","embeddable":true,"href":"https:\/\/linitiative.ca\/International\/wp-json\/wp\/v2\/categories?post=111036"},{"taxonomy":"post_tag","embeddable":true,"href":"https:\/\/linitiative.ca\/International\/wp-json\/wp\/v2\/tags?post=111036"}],"curies":[{"name":"wp","href":"https:\/\/api.w.org\/{rel}","templated":true}]}}