{"id":111038,"date":"2021-02-11T08:20:55","date_gmt":"2021-02-11T13:20:55","guid":{"rendered":"https:\/\/linitiative.ca\/International\/entre-la-bts-et-l-ona-un-mariage-de-raison-qui-enfantera-des-entreprises-citoyennes\/"},"modified":"2021-02-11T08:20:55","modified_gmt":"2021-02-11T13:20:55","slug":"entre-la-bts-et-l-ona-un-mariage-de-raison-qui-enfantera-des-entreprises-citoyennes","status":"publish","type":"post","link":"https:\/\/linitiative.ca\/International\/entre-la-bts-et-l-ona-un-mariage-de-raison-qui-enfantera-des-entreprises-citoyennes\/","title":{"rendered":"Entre la BTS  et L\u2019 ONA un mariage de raison qui enfantera des entreprises citoyennes"},"content":{"rendered":"<p>Et oui en ces temps morose o\u00f9\u00a0 la crise de transitionnelle \u00a0politique s\u2019associe avec une maudite pand\u00e9mie et de surcroit un climat socio-\u00e9conomique alarmant et m\u00eame angoissant.<\/p>\n<p>Les braves enfants de la Tunisie n\u2019ont pas baiss\u00e9 les bras mieux encore ils se sont retrouss\u00e9 les manches usant des moyens de bord pour att\u00e9nuer un tant soit peu les effets n\u00e9fastes de cette conjoncture effrayante.<\/p>\n<p>Nos cadres, notre capital humain, notre fiert\u00e9 et notre richesse emploient les bouch\u00e9s double pour colmater les br\u00e8ches.<\/p>\n<p>Un grand bravo aux responsables aussi bien de la banque Tunisienne de la solidarit\u00e9 que de l\u2019office de l\u2019artisanat sous tutelle du minist\u00e8re du tourisme venu au secours des artisans fortement touch\u00e9s par la pand\u00e9mie Covid19.<\/p>\n<p>A partir du lundi 8 f\u00e9vrier 2021, les artisans et les entreprises artisanales auront la possibilit\u00e9 d\u2019obtenir des cr\u00e9dits \u00e0 des conditions pr\u00e9f\u00e9rentielles de la Banque Tunisienne de solidarit\u00e9 (BTS Bank), qui a mobilis\u00e9 une enveloppe de 10 millions de dinars (MDT) sous forme de fonds de roulement \u00e0 cette fin.<\/p>\n<p>Les plafonds de ces cr\u00e9dits varieront entre 5 000 dinars pour les artisans et 12 000 dinars pour les entreprises et les groupements du secteur artisanal, avec un taux d\u2019int\u00e9r\u00eat de 5% et une p\u00e9riode de gr\u00e2ce de 6 mois.<\/p>\n<p>Le ministre du Tourisme de l\u2019Artisanat, Habib Ammar, a indiqu\u00e9, lors de la c\u00e9r\u00e9monie de signature du texte d\u2019application de l\u2019accord relatif \u00e0 ce m\u00e9canisme de soutien de l\u2019artisanat, que \u201d le secteur de l\u2019artisanat figure parmi les secteurs les plus touch\u00e9s par les r\u00e9percussions de la pand\u00e9mie du coronavirus, apr\u00e8s 10 mois de r\u00e9cession de l\u2019activit\u00e9 touristique \u201c.<\/p>\n<p>Par ailleurs, il estime n\u00e9cessaire de faciliter les proc\u00e9dures d\u2019octroi de ces cr\u00e9dits, afin que les fonds mobilis\u00e9s parviennent aux b\u00e9n\u00e9ficiaires dans un d\u00e9lai maximum de 15 jours apr\u00e8s la finalisation des dossiers.<\/p>\n<p>Il s\u2019est, \u00e0 ce titre, engag\u00e9 \u00e0 veiller au respect de ce d\u00e9lai de 15 jours pour le traitement des dossiers et le versement des cr\u00e9dits, lorsque les dossiers de demandes remplissent les conditions exig\u00e9es.<\/p>\n<p>Il a pr\u00e9cis\u00e9 que le d\u00e9p\u00f4t des dossiers se fera directement au si\u00e8ge de la BTS ou aupr\u00e8s de ses filiales r\u00e9gionales ou encore \u00e0 travers la plateforme \u201d COVID-19-ONA \u201c, qui sera pr\u00eate le lundi 8 f\u00e9vrier 2021.<\/p>\n<p>Selon lui, cette enveloppe mobilis\u00e9e de 10 millions de dinars pourrait b\u00e9n\u00e9ficier \u00e0 2000 ou 2 500 artisans. Ces cr\u00e9dits sont de nature \u00e0 aider les artisans \u00e0 faire face aux r\u00e9percussions de la pand\u00e9mie et \u00e0 pr\u00e9server les postes d\u2019emploi.<\/p>\n<p>Il a fait savoir que cette mesure s\u2019inscrit dans le cadre des mesures d\u00e9cid\u00e9es, lors du CMR du 6 novembre 2020, au profit du secteur qui constitue une source de revenus pour plus de 350 000 familles.<\/p>\n<p>\u201cLe secteur a besoin de m\u00e9canismes et de mesures plus profondes et de moyens et de visions nouvelles\u201d, dit-il. Ajoutant qu\u2019une commission a \u00e9t\u00e9 cr\u00e9\u00e9e pour formuler, dans un d\u00e9lai d\u2019un mois, des recommandations qui seront soumises \u00e0 un CMR consacr\u00e9 au secteur.<\/p>\n<p>Habib Ammar indique \u00e9galement qu\u2019une r\u00e9union d\u2019\u00e9valuation du travail de cette commission aura lieu le 19 f\u00e9vrier 2021.<\/p>\n<p>De son c\u00f4t\u00e9, le directeur g\u00e9n\u00e9ral de l\u2019Office national de l\u2019artisanat tunisien (ONAT), Faouzi Ben Halima, a affirm\u00e9 que tous les obstacles ont \u00e9t\u00e9 lev\u00e9s pour faciliter l\u2019octroi des cr\u00e9dits en question, consid\u00e9rant que ces cr\u00e9dits contribueront \u00e0 relancer la production artisanale \u00e0 l\u2019approche de la saison touristique.<\/p>\n<div class=\"wp-post-author-wrap wp-post-author-shortcode left\">\n<h3 class=\"awpa-title\"\/>\n<div class=\"wp-post-author\">\n<div class=\"awpa-img awpa-author-block square\"><a href=\"http:\/\/lexpertjournal.net\/fr\/?author=5\"><img loading=\"lazy\" decoding=\"async\" alt=\"\" src=\"http:\/\/0.gravatar.com\/avatar\/97f8e10a1c1125ba104a76514ee07b16?s=150&amp;d=mm&amp;r=g\" srcset=\"http:\/\/0.gravatar.com\/avatar\/97f8e10a1c1125ba104a76514ee07b16?s=300&amp;d=mm&amp;r=g 2x\" class=\"avatar avatar-150 photo\" height=\"150\" width=\"150\"\/><\/a><\/div>\n<\/div>\n<\/div>\n<aside class=\"mashsb-container mashsb-main mashsb-stretched\">\n<\/aside>\n<p>Auteur: L&rsquo;expert<br \/>\n<a href=\"http:\/\/lexpertjournal.net\/fr\/?p=18615\">Cliquez ici pour lire l&rsquo;article depuis sa source.<\/a><\/p>\n","protected":false},"excerpt":{"rendered":"<p>Et oui en ces temps morose o\u00f9\u00a0 la crise de transitionnelle \u00a0politique s\u2019associe avec une maudite pand\u00e9mie et de surcroit un climat socio-\u00e9conomique alarmant et m\u00eame angoissant. Les braves enfants de la Tunisie n\u2019ont pas baiss\u00e9 les bras mieux encore ils se sont retrouss\u00e9 les manches usant des moyens de bord pour att\u00e9nuer un tant [&hellip;]<\/p>\n","protected":false},"author":1775,"featured_media":0,"comment_status":"closed","ping_status":"closed","sticky":false,"template":"","format":"standard","meta":{"fifu_image_url":"http:\/\/0.gravatar.com\/avatar\/97f8e10a1c1125ba104a76514ee07b16?s=150&d=mm&r=g","fifu_image_alt":"Entre la BTS  et L\u2019 ONA un mariage de raison qui enfantera des entreprises citoyennes","footnotes":""},"categories":[78,55],"tags":[],"class_list":["post-111038","post","type-post","status-publish","format-standard","hentry","category-economie","category-tunisie"],"_links":{"self":[{"href":"https:\/\/linitiative.ca\/International\/wp-json\/wp\/v2\/posts\/111038","targetHints":{"allow":["GET"]}}],"collection":[{"href":"https:\/\/linitiative.ca\/International\/wp-json\/wp\/v2\/posts"}],"about":[{"href":"https:\/\/linitiative.ca\/International\/wp-json\/wp\/v2\/types\/post"}],"author":[{"embeddable":true,"href":"https:\/\/linitiative.ca\/International\/wp-json\/wp\/v2\/users\/1775"}],"replies":[{"embeddable":true,"href":"https:\/\/linitiative.ca\/International\/wp-json\/wp\/v2\/comments?post=111038"}],"version-history":[{"count":0,"href":"https:\/\/linitiative.ca\/International\/wp-json\/wp\/v2\/posts\/111038\/revisions"}],"wp:attachment":[{"href":"https:\/\/linitiative.ca\/International\/wp-json\/wp\/v2\/media?parent=111038"}],"wp:term":[{"taxonomy":"category","embeddable":true,"href":"https:\/\/linitiative.ca\/International\/wp-json\/wp\/v2\/categories?post=111038"},{"taxonomy":"post_tag","embeddable":true,"href":"https:\/\/linitiative.ca\/International\/wp-json\/wp\/v2\/tags?post=111038"}],"curies":[{"name":"wp","href":"https:\/\/api.w.org\/{rel}","templated":true}]}}