{"id":111039,"date":"2021-02-11T05:27:29","date_gmt":"2021-02-11T10:27:29","guid":{"rendered":"https:\/\/linitiative.ca\/International\/des-initiatives-pour-renforcer-la-riposte-contre-les-infections-virales\/"},"modified":"2021-02-11T05:27:29","modified_gmt":"2021-02-11T10:27:29","slug":"des-initiatives-pour-renforcer-la-riposte-contre-les-infections-virales","status":"publish","type":"post","link":"https:\/\/linitiative.ca\/International\/des-initiatives-pour-renforcer-la-riposte-contre-les-infections-virales\/","title":{"rendered":"Des initiatives pour renforcer la riposte contre les infections virales"},"content":{"rendered":"<div readability=\"36\">\n<p>Benguerir \u2013 L\u2019Universit\u00e9 Mohammed VI Polytechnique (UM6P), l\u2019Institut Pasteur du Maroc (IPM) et la Fondation OCP (FOCP) viennent de lancer trois nouvelles initiatives, dans le cadre de leur partenariat global sign\u00e9 en avril dernier.<\/p>\n<\/div>\n<div readability=\"116\">\n<p>Les trois partenaires allient ainsi leurs efforts dans le but d\u2019acc\u00e9l\u00e9rer la mise en \u0153uvre de plusieurs actions prioritaires, dans un contexte national et mondial encore impact\u00e9 par la pand\u00e9mie de la Covid-9, indique un communiqu\u00e9 de l\u2019UM6P.<\/p>\n<p>La premi\u00e8re initiative porte sur la mise en place d\u2019un centre de virologie m\u00e9dicale pour germes hautement pathog\u00e8nes au sein de l\u2019IPM qui aura pour but la d\u00e9tection, l\u2019alerte relative \u00e0 la survenue de tout ph\u00e9nom\u00e8ne anormal li\u00e9 \u00e0 la circulation des virus \u00e9mergents, la veille virologique et le d\u00e9veloppement de nouvelles techniques de diagnostic des germes hautement pathog\u00e8nes.<\/p>\n<p>Ce centre sera un investissement important pour renforcer le dispositif national de veille \u00e9pid\u00e9miologique et de riposte contre les \u00e9pid\u00e9mies li\u00e9es aux virus \u00e9mergents.<\/p>\n<p>La seconde initiative concerne la cr\u00e9ation d\u2019un laboratoire de bios\u00e9curit\u00e9 niveau 3 de recherche et de d\u00e9veloppement autour de la virologie qui verra le jour \u00e0 l\u2019UM6P.<\/p>\n<p>Cette plateforme renforcera la capacit\u00e9 nationale et sera ouverte aux chercheurs sp\u00e9cialis\u00e9s en germes hautement pathog\u00e8nes.<\/p>\n<p>La troisi\u00e8me initiative est relative au lancement d\u2019un appel \u00e0 projets soutenu par un Fonds d\u00e9di\u00e9 pour le d\u00e9veloppement de la Recherche &amp; D\u00e9veloppement en rapport avec les germes \u00e9mergents et hautement pathog\u00e8nes, en particulier le SARS COV2.<\/p>\n<p>Ce projet, \u00e9tal\u00e9 sur une dur\u00e9e de 4 ans, fera l\u2019objet d\u2019un suivi et d\u2019une s\u00e9lection de projets \u00e0 financer, port\u00e9s par des \u00e9quipes de recherche mixtes.<\/p>\n<p>Il s\u2019agira aussi de promouvoir le d\u00e9veloppement de la recherche et le d\u00e9veloppement en virologie en capitalisant sur les capacit\u00e9s de l\u2019IPM et l\u2019UM6P et en donnant \u00e0 la diaspora nationale et internationale sp\u00e9cialis\u00e9e en la mati\u00e8re, un espace idoine pour mener \u00e0 bien ses recherches.<\/p>\n<p>A travers ces trois nouveaux cadres de collaboration, les trois partenaires allient leurs efforts dans le but d\u2019acc\u00e9l\u00e9rer la mise en \u0153uvre de plusieurs actions et joindre leurs efforts afin de doter le Maroc d\u2019une capacit\u00e9 suppl\u00e9mentaire en mati\u00e8re de recherche en virologie et de lutte contre les germes hautement pathog\u00e8nes, ainsi qu\u2019en mati\u00e8re de veille pour aider \u00e0 anticiper et \u00e0 faire face \u00e0 de pareilles crises.<\/p>\n<p>L\u2019institut Pasteur du Maroc est un \u00e9tablissement public dot\u00e9 \u00e0 la fois d\u2019une mission de sant\u00e9 publique et pharmaceutique.\u00a0Ses activit\u00e9s sont diversifi\u00e9es et portent sur les domaines de la recherche scientifique, l\u2019expertise et l\u2019enseignement en sant\u00e9 publique et dans le domaine pharmaceutique, analyses de biologie m\u00e9dicales sp\u00e9cialis\u00e9es, la m\u00e9decine pr\u00e9ventive, la vaccination et conseils aux voyageurs, vaccination de l\u2019adulte en milieu de travail et la vaccination contre les maladies infectieuses, la production, importation et distribution des s\u00e9rums, vaccins et produits biologiques, la production et d\u00e9veloppement des milieux de culture et animaux de laboratoires, les analyses microbiologiques et physico-chimiques des aliments, produits et environnement.<\/p>\n<p>Reconnue d\u2019utilit\u00e9 publique, la Fondation OCP est un acteur engag\u00e9 dans le d\u00e9veloppement humain durable au Maroc et \u00e0 l\u2019international. Elle privil\u00e9gie des initiatives int\u00e9gr\u00e9es et d\u2019int\u00e9r\u00eat g\u00e9n\u00e9ral qui contribuent au progr\u00e8s socio-\u00e9conomique inclusif, au d\u00e9veloppement des comp\u00e9tences et \u00e0 la diffusion des savoirs. La Fondation OCP adopte un mod\u00e8le d\u2019action bas\u00e9 sur une d\u00e9marche d\u2019intelligence collective et porteuse d\u2019impact social et ce, en vue de contribuer \u00e0 la promotion d\u2019un \u00e9cosyst\u00e8me des savoirs dot\u00e9 des meilleurs leviers d\u2019excellence, notamment \u00e0 travers l\u2019appui \u00e0 l\u2019\u00e9ducation, \u00e0 la recherche et \u00e0 l\u2019innovation.<\/p>\n<p>L\u2019Universit\u00e9 Mohammed VI Polytechnique est une institution orient\u00e9e vers la recherche appliqu\u00e9e et l\u2019innovation et tourn\u00e9e vers l\u2019Afrique, qui ambitionne de se placer parmi les universit\u00e9s mondialement reconnues dans ces domaines.<\/p>\n<p>Engag\u00e9e dans le d\u00e9veloppement \u00e9conomique et humain, l\u2019Universit\u00e9 met la recherche et l\u2019innovation au service du d\u00e9veloppement du continent africain.<\/p>\n<p>En contribuant \u00e0 la formation d\u2019une nouvelle g\u00e9n\u00e9ration de chercheurs, d\u2019entrepreneurs et de leaders d\u2019origines marocaine et africaine, l\u2019Universit\u00e9 Mohammed VI Polytechnique s\u2019engage \u00e0 positionner le Maroc comme pays \u00e0 l\u2019avant-garde des technologies de la science.<\/p>\n<\/div>\n<p>Auteur: Meriem IGASS<br \/>\n<a href=\"http:\/\/www.mapmarrakech.ma\/fr\/des-initiatives-pour-renforcer-la-riposte-contre-les-infections-virales\/\">Cliquez ici pour lire l&rsquo;article depuis sa source.<\/a><\/p>\n","protected":false},"excerpt":{"rendered":"<p>Benguerir \u2013 L\u2019Universit\u00e9 Mohammed VI Polytechnique (UM6P), l\u2019Institut Pasteur du Maroc (IPM) et la Fondation OCP (FOCP) viennent de lancer trois nouvelles initiatives, dans le cadre de leur partenariat global sign\u00e9 en avril dernier. Les trois partenaires allient ainsi leurs efforts dans le but d\u2019acc\u00e9l\u00e9rer la mise en \u0153uvre de plusieurs actions prioritaires, dans un [&hellip;]<\/p>\n","protected":false},"author":1788,"featured_media":0,"comment_status":"closed","ping_status":"closed","sticky":false,"template":"","format":"standard","meta":{"fifu_image_url":"","fifu_image_alt":"","footnotes":""},"categories":[54,76],"tags":[],"class_list":["post-111039","post","type-post","status-publish","format-standard","hentry","category-maroc","category-regions"],"_links":{"self":[{"href":"https:\/\/linitiative.ca\/International\/wp-json\/wp\/v2\/posts\/111039","targetHints":{"allow":["GET"]}}],"collection":[{"href":"https:\/\/linitiative.ca\/International\/wp-json\/wp\/v2\/posts"}],"about":[{"href":"https:\/\/linitiative.ca\/International\/wp-json\/wp\/v2\/types\/post"}],"author":[{"embeddable":true,"href":"https:\/\/linitiative.ca\/International\/wp-json\/wp\/v2\/users\/1788"}],"replies":[{"embeddable":true,"href":"https:\/\/linitiative.ca\/International\/wp-json\/wp\/v2\/comments?post=111039"}],"version-history":[{"count":0,"href":"https:\/\/linitiative.ca\/International\/wp-json\/wp\/v2\/posts\/111039\/revisions"}],"wp:attachment":[{"href":"https:\/\/linitiative.ca\/International\/wp-json\/wp\/v2\/media?parent=111039"}],"wp:term":[{"taxonomy":"category","embeddable":true,"href":"https:\/\/linitiative.ca\/International\/wp-json\/wp\/v2\/categories?post=111039"},{"taxonomy":"post_tag","embeddable":true,"href":"https:\/\/linitiative.ca\/International\/wp-json\/wp\/v2\/tags?post=111039"}],"curies":[{"name":"wp","href":"https:\/\/api.w.org\/{rel}","templated":true}]}}